{"id":616884,"date":"2019-12-07T00:18:29","date_gmt":"2019-12-07T00:18:29","guid":{"rendered":"https:\/\/www.diario5.com.ar\/?p=616884"},"modified":"2019-12-07T00:27:26","modified_gmt":"2019-12-07T00:27:26","slug":"concierto-de-navidad-con-el-coro-y-la-orquesta-musica-sacra-buenos-aires","status":"publish","type":"post","link":"https:\/\/www.diario5.com.ar\/es\/concierto-de-navidad-con-el-coro-y-la-orquesta-musica-sacra-buenos-aires\/","title":{"rendered":"Concierto de Navidad con el Coro y la Orquesta M\u00fasica Sacra Buenos Aires"},"content":{"rendered":"<h2 class=\"sub-title-primary\"><\/h2> <p>Hoy, s\u00e1bado 7 de diciembre, llega el cl\u00e1sico Concierto de Navidad en Parque Centenario, interpretado por el Coro M\u00fasica Sacra y Orquesta M\u00fasica Sacra Buenos Aires, con direcci\u00f3n de la Mtra. Sandra Pianigiani, acompa\u00f1ada por el Conjunto de C\u00e1mara MUSICORUM, del Proyecto Musicis Liber Creature, con obras compuestas por su director, Mtro. C\u00e9sar Hugo Vera de Miguel.<\/p>\n<p>El Coro fue fundado en 2017 por su actual directora Sandra Pianigiani, para la difusi\u00f3n de la M\u00fasica Sacra y Sinf\u00f3nico Coral, a trav\u00e9s de conciertos abiertos a la comunidad, especialmente para alumnos de canto y estudiantes de m\u00fasica. La Orquesta M\u00fasica Sacra Buenos Aires se form\u00f3 en el 2017 con m\u00fasicos convocados para acompa\u00f1ar al Coro M\u00fasica Sacra Buenos Aires en los conciertos de la Gran Misa de Mozart, realizados en la Bas\u00edlica de Nuestra Se\u00f1ora del Socorro, en la Iglesia Jes\u00fas Sacramentado y en la Usina del Arte. Hizo su debut como instituci\u00f3n a mediados del 2018, en su sede La Manzana de las Luces.<\/p>\n<p>S\u00e1bado 7 de diciembre | 19 h | Anfiteatro Parque del Centenario (Av. Lillo y Leopoldo Marechal)<\/p>\n<p>Entrada gratuita sujeta a la capacidad del Anfiteatro.<\/p>","protected":false},"excerpt":{"rendered":"<p>Hoy, s\u00e1bado 7 de diciembre, llega el cl\u00e1sico Concierto de Navidad en Parque Centenario, interpretado por el Coro M\u00fasica Sacra y Orquesta M\u00fasica Sacra Buenos Aires, con direcci\u00f3n de la Mtra. Sandra Pianigiani, acompa\u00f1ada por el Conjunto de C\u00e1mara MUSICORUM, del Proyecto Musicis Liber Creature, con obras compuestas por su director, Mtro. C\u00e9sar Hugo Vera [&hellip;]<\/p>","protected":false},"author":1,"featured_media":616886,"comment_status":"open","ping_status":"open","sticky":false,"template":"","format":"standard","meta":[],"categories":[1],"tags":[],"series":[],"_links":{"self":[{"href":"https:\/\/www.diario5.com.ar\/es\/wp-json\/wp\/v2\/posts\/616884"}],"collection":[{"href":"https:\/\/www.diario5.com.ar\/es\/wp-json\/wp\/v2\/posts"}],"about":[{"href":"https:\/\/www.diario5.com.ar\/es\/wp-json\/wp\/v2\/types\/post"}],"author":[{"embeddable":true,"href":"https:\/\/www.diario5.com.ar\/es\/wp-json\/wp\/v2\/users\/1"}],"replies":[{"embeddable":true,"href":"https:\/\/www.diario5.com.ar\/es\/wp-json\/wp\/v2\/comments?post=616884"}],"version-history":[{"count":1,"href":"https:\/\/www.diario5.com.ar\/es\/wp-json\/wp\/v2\/posts\/616884\/revisions"}],"predecessor-version":[{"id":616887,"href":"https:\/\/www.diario5.com.ar\/es\/wp-json\/wp\/v2\/posts\/616884\/revisions\/616887"}],"wp:featuredmedia":[{"embeddable":true,"href":"https:\/\/www.diario5.com.ar\/es\/wp-json\/wp\/v2\/media\/616886"}],"wp:attachment":[{"href":"https:\/\/www.diario5.com.ar\/es\/wp-json\/wp\/v2\/media?parent=616884"}],"wp:term":[{"taxonomy":"category","embeddable":true,"href":"https:\/\/www.diario5.com.ar\/es\/wp-json\/wp\/v2\/categories?post=616884"},{"taxonomy":"post_tag","embeddable":true,"href":"https:\/\/www.diario5.com.ar\/es\/wp-json\/wp\/v2\/tags?post=616884"},{"taxonomy":"series","embeddable":true,"href":"https:\/\/www.diario5.com.ar\/es\/wp-json\/wp\/v2\/series?post=616884"}],"curies":[{"name":"wp","href":"https:\/\/api.w.org\/{rel}","templated":true}]}}