{"id":616883,"date":"2019-12-06T10:04:50","date_gmt":"2019-12-06T10:04:50","guid":{"rendered":"https:\/\/www.diario5.com.ar\/?p=616883"},"modified":"2019-12-08T00:55:10","modified_gmt":"2019-12-08T00:55:10","slug":"como-inscribir-peliculas-para-el-festival-bafici-2020","status":"publish","type":"post","link":"https:\/\/www.diario5.com.ar\/es\/como-inscribir-peliculas-para-el-festival-bafici-2020\/","title":{"rendered":"C\u00f3mo inscribir pel\u00edculas para el Festival Bafici 2020"},"content":{"rendered":"<h2 class=\"sub-title-primary\"><\/h2> <div>\n<p><iframe loading=\"lazy\" src=\"https:\/\/www.youtube.com\/embed\/dslufav0hJk\" width=\"740\" height=\"394\" frameborder=\"0\" allowfullscreen=\"allowfullscreen\"><\/iframe><\/p>\n<p>&nbsp;<\/p>\n<p>Se viene la versi\u00f3n 2020 del Festival Bafici y ac\u00e1 una hoja de ruta sobre c\u00f3mo inscribir pel\u00edculas, tanto a nivel nacional como internacional.<\/p>\n<p>Los cuatro pasos son los siguientes:<\/p>\n<p><strong>Primero.<\/strong> leer detenidamente el reglamento.<\/p>\n<p>Antes de inscribir tu pel\u00edcula, es necesario asegurarse si la pel\u00edcula resulta elegible, las fechas l\u00edmites de recepci\u00f3n, qu\u00e9 materiales enviar y c\u00f3mo hacerlo.<\/p>\n<blockquote><p><a href=\"https:\/\/www.buenosaires.gob.ar\/sites\/gcaba\/files\/reglamento22bafici.pdf\">Bases generales<\/a><\/p><\/blockquote>\n<p><strong>Segundo:<\/strong> consultar las preguntas frecuentes.<\/p>\n<p>En la lista de preguntas m\u00e1s frecuentes encontrar\u00e1s respuestas a muchas de tus dudas.<\/p>\n<blockquote><p><a href=\"https:\/\/www.buenosaires.gob.ar\/sites\/gcaba\/files\/preguntas_frecuentes_bafici.pdf\">Preguntas y respuestas<\/a><\/p><\/blockquote>\n<p><img decoding=\"async\" loading=\"lazy\" src=\"http:\/\/www.buenosaires.gob.ar\/sites\/gcaba\/files\/field\/image\/56749064_10156218006598601_990104710369247232_n.jpg\" alt=\"\" width=\"960\" height=\"637\" \/><\/p>\n<p><strong>Tercero:<\/strong> completar el formulario de inscripci\u00f3n.<\/p>\n<p>Una vez le\u00eddo el reglamento y aclaradas las dudas, completar el formulario para inscribir la pel\u00edcula. Hay que tener en cuenta que la inscripci\u00f3n ser\u00e1 v\u00e1lida una vez que el Festival haya recibido tanto el formulario como la copia de visualizaci\u00f3n dentro de las fechas estipuladas.<\/p>\n<p><a class=\"btn btn-primary btn-large\" href=\"https:\/\/docs.google.com\/forms\/d\/e\/1FAIpQLSdwbRpBeP-7MegywyJ7Cxc4eNGcW-e-T8sZgAmQS1WgimNnlA\/viewform\">Inscripci\u00f3n de largometrajes &gt;&gt;<\/a><\/p>\n<p><a class=\"btn btn-primary btn-large\" href=\"https:\/\/docs.google.com\/forms\/d\/e\/1FAIpQLSeVIgtR2q7gLxKtJYcwGk5t57Iq4XghoucnEeKpVHvBLBbFww\/viewform\">Inscripci\u00f3n de cortometrajes &gt;&gt;<\/a><\/p>\n<p><strong>Cuarto:<\/strong> envi\u00e1 tu copia.<\/p>\n<p>Le\u00e9 el punto 3 del reglamento para saber c\u00f3mo completar tu inscripci\u00f3n enviando el link para la visualizaci\u00f3n de tu pel\u00edcula.<\/p>\n<blockquote><p><a href=\"https:\/\/www.buenosaires.gob.ar\/sites\/gcaba\/files\/reglamento22bafici.pdf\">Reglamento oficial<\/a><\/p><\/blockquote>\n<\/div>","protected":false},"excerpt":{"rendered":"<p>&nbsp; Se viene la versi\u00f3n 2020 del Festival Bafici y ac\u00e1 una hoja de ruta sobre c\u00f3mo inscribir pel\u00edculas, tanto a nivel nacional como internacional. Los cuatro pasos son los siguientes: Primero. leer detenidamente el reglamento. Antes de inscribir tu pel\u00edcula, es necesario asegurarse si la pel\u00edcula resulta elegible, las fechas l\u00edmites de recepci\u00f3n, qu\u00e9 [&hellip;]<\/p>","protected":false},"author":8,"featured_media":616889,"comment_status":"open","ping_status":"closed","sticky":false,"template":"","format":"standard","meta":[],"categories":[5],"tags":[],"series":[],"_links":{"self":[{"href":"https:\/\/www.diario5.com.ar\/es\/wp-json\/wp\/v2\/posts\/616883"}],"collection":[{"href":"https:\/\/www.diario5.com.ar\/es\/wp-json\/wp\/v2\/posts"}],"about":[{"href":"https:\/\/www.diario5.com.ar\/es\/wp-json\/wp\/v2\/types\/post"}],"author":[{"embeddable":true,"href":"https:\/\/www.diario5.com.ar\/es\/wp-json\/wp\/v2\/users\/8"}],"replies":[{"embeddable":true,"href":"https:\/\/www.diario5.com.ar\/es\/wp-json\/wp\/v2\/comments?post=616883"}],"version-history":[{"count":1,"href":"https:\/\/www.diario5.com.ar\/es\/wp-json\/wp\/v2\/posts\/616883\/revisions"}],"predecessor-version":[{"id":616888,"href":"https:\/\/www.diario5.com.ar\/es\/wp-json\/wp\/v2\/posts\/616883\/revisions\/616888"}],"wp:featuredmedia":[{"embeddable":true,"href":"https:\/\/www.diario5.com.ar\/es\/wp-json\/wp\/v2\/media\/616889"}],"wp:attachment":[{"href":"https:\/\/www.diario5.com.ar\/es\/wp-json\/wp\/v2\/media?parent=616883"}],"wp:term":[{"taxonomy":"category","embeddable":true,"href":"https:\/\/www.diario5.com.ar\/es\/wp-json\/wp\/v2\/categories?post=616883"},{"taxonomy":"post_tag","embeddable":true,"href":"https:\/\/www.diario5.com.ar\/es\/wp-json\/wp\/v2\/tags?post=616883"},{"taxonomy":"series","embeddable":true,"href":"https:\/\/www.diario5.com.ar\/es\/wp-json\/wp\/v2\/series?post=616883"}],"curies":[{"name":"wp","href":"https:\/\/api.w.org\/{rel}","templated":true}]}}