{"id":616870,"date":"2019-12-05T17:59:43","date_gmt":"2019-12-05T17:59:43","guid":{"rendered":"https:\/\/www.diario5.com.ar\/?p=616870"},"modified":"2019-12-05T19:17:17","modified_gmt":"2019-12-05T19:17:17","slug":"homenaje-a-vitillo-abalos","status":"publish","type":"post","link":"https:\/\/www.diario5.com.ar\/es\/homenaje-a-vitillo-abalos\/","title":{"rendered":"Legislatura: Homenaje a Vitillo \u00c1balos"},"content":{"rendered":"<h2 class=\"sub-title-primary\"><\/h2> <p>La amalgama de la bell\u00edsima m\u00fasica argentina a partir de cada uno de los g\u00e9neros de su folklore, siempre inspir\u00f3 maravillas a los arregladores de m\u00fasica acad\u00e9mica cuando tomaron sus melod\u00edas, tanto con orquestaciones para grandes agrupaciones como partituras la interpretaci\u00f3n de d\u00faos, tr\u00edos, cuartetos y conjuntos de c\u00e1mara. Esta vez, la oportunidad ser\u00e1 conocer versiones naturales de composiciones de jerarqu\u00eda de nuestros g\u00e9neros esenciales. El concierto se anuncia para ma\u00f1ana en la Legislatura.<\/p>\n<p>Participar\u00e1n la cantante Nancy \u00c1balos, sobrina de Vitillo e hija de Adolfo \u00c1balos -el pianista del legendario quinteto-, la cantante Roc\u00edo Sanjurjo \u00c1balos, hija de Nancy, m\u00e1s el aporte profundo de un expreto de la copla como Valent\u00edn Chocobar y su charango, coronados por los sofisticados guitarristas Dar\u00edo Barozzi y Carlos Carmona.<\/p>\n<p>Ser\u00e1 en Sal\u00f3n San Mart\u00edn de la Legislatura a las 18 hs. se realizar\u00e1 el homenaje al gran Vitillo \u00c1balos. El repertorio, que ser\u00e1 anunciado por los artistas, incluir\u00e1 emblem\u00e1ticos temas de los Hnos, \u00c1balos como las chacareras del Rancho,Misky Mayu, del Cachi Mayu,y Chacay Manta. Las zambas Nostalgias Santiague\u00f1as y Mi pachamama, entre otros temas.<\/p>\n<p>El concierto est\u00e1 dentro del Ciclo de M\u00fasica Cl\u00e1sica Argentina, que desde hace 14 a\u00f1os se realiza con el objetivo de difundir obras de autores argentinos junto al repertorio universal. La entrada, libre y gratuita, se realiza por Per\u00fa 160<\/p>","protected":false},"excerpt":{"rendered":"<p>La amalgama de la bell\u00edsima m\u00fasica argentina a partir de cada uno de los g\u00e9neros de su folklore, siempre inspir\u00f3 maravillas a los arregladores de m\u00fasica acad\u00e9mica cuando tomaron sus melod\u00edas, tanto con orquestaciones para grandes agrupaciones como partituras la interpretaci\u00f3n de d\u00faos, tr\u00edos, cuartetos y conjuntos de c\u00e1mara. Esta vez, la oportunidad ser\u00e1 conocer [&hellip;]<\/p>","protected":false},"author":1,"featured_media":616878,"comment_status":"open","ping_status":"open","sticky":false,"template":"","format":"standard","meta":[],"categories":[1],"tags":[],"series":[],"_links":{"self":[{"href":"https:\/\/www.diario5.com.ar\/es\/wp-json\/wp\/v2\/posts\/616870"}],"collection":[{"href":"https:\/\/www.diario5.com.ar\/es\/wp-json\/wp\/v2\/posts"}],"about":[{"href":"https:\/\/www.diario5.com.ar\/es\/wp-json\/wp\/v2\/types\/post"}],"author":[{"embeddable":true,"href":"https:\/\/www.diario5.com.ar\/es\/wp-json\/wp\/v2\/users\/1"}],"replies":[{"embeddable":true,"href":"https:\/\/www.diario5.com.ar\/es\/wp-json\/wp\/v2\/comments?post=616870"}],"version-history":[{"count":6,"href":"https:\/\/www.diario5.com.ar\/es\/wp-json\/wp\/v2\/posts\/616870\/revisions"}],"predecessor-version":[{"id":616880,"href":"https:\/\/www.diario5.com.ar\/es\/wp-json\/wp\/v2\/posts\/616870\/revisions\/616880"}],"wp:featuredmedia":[{"embeddable":true,"href":"https:\/\/www.diario5.com.ar\/es\/wp-json\/wp\/v2\/media\/616878"}],"wp:attachment":[{"href":"https:\/\/www.diario5.com.ar\/es\/wp-json\/wp\/v2\/media?parent=616870"}],"wp:term":[{"taxonomy":"category","embeddable":true,"href":"https:\/\/www.diario5.com.ar\/es\/wp-json\/wp\/v2\/categories?post=616870"},{"taxonomy":"post_tag","embeddable":true,"href":"https:\/\/www.diario5.com.ar\/es\/wp-json\/wp\/v2\/tags?post=616870"},{"taxonomy":"series","embeddable":true,"href":"https:\/\/www.diario5.com.ar\/es\/wp-json\/wp\/v2\/series?post=616870"}],"curies":[{"name":"wp","href":"https:\/\/api.w.org\/{rel}","templated":true}]}}