{"id":616864,"date":"2019-12-04T16:19:19","date_gmt":"2019-12-04T16:19:19","guid":{"rendered":"https:\/\/www.diario5.com.ar\/?p=616864"},"modified":"2019-12-04T17:10:37","modified_gmt":"2019-12-04T17:10:37","slug":"continua-el-ciclo-de-musica-bares-notables","status":"publish","type":"post","link":"https:\/\/www.diario5.com.ar\/es\/continua-el-ciclo-de-musica-bares-notables\/","title":{"rendered":"Contin\u00faa el ciclo de M\u00fasica Bares Notables"},"content":{"rendered":"<h2 class=\"sub-title-primary\"><\/h2> <div>\n<p>Los <strong>Caf\u00e9s y Bares Notables<\/strong> ocupan un lugar preponderante dentro de la cultura de Buenos Aires y forman parte oficial del patrimonio cultural de la Ciudad. Por eso, sus puertas se mantienen abiertas y vuelven a recibir a los vecinos con <strong>m\u00fasica en vivo, en shows gratuitos<\/strong>.<\/p>\n<p>Los artistas fueron seleccionados en el <strong>Concurso de M\u00fasica en Bares Notables 2019<\/strong>, por un jurado integrado por reconocidos m\u00fasicos y compositores: Pablo Agri, Nicol\u00e1s Guerschberg, Sonia Possetti y Abel Rogantini. Los conciertos se dan en el marco de las presentaciones de los cincuenta grupos de diversos g\u00e9neros musicales, que hasta fin de a\u00f1o, de jueves a s\u00e1bados, dejar\u00e1n su voz en los escenarios de los bares c\u00e9lebres de nuestra Ciudad.<\/p>\n<blockquote><p>Los artistas son parte de los m\u00e1s de 50 grupos que fueron seleccionados por un destacado jurado.<\/p><\/blockquote>\n<p>&nbsp;<\/p>\n<p>Punto de reuni\u00f3n de grandes personalidades y escenario de actividades culturales significativas, los Bares Notable de la Ciudad siguen siendo un <strong>espacio de encuentro para los vecinos en los barrios<\/strong> y una parada obligada para los turistas que quieran sentir ese aire de anta\u00f1o, descubrir la atm\u00f3sfera de viejos tiempos, tertulias de artistas, escritores y pol\u00edticos, largas charlas de caf\u00e9.<\/p>\n<blockquote><p>La entrada a los espect\u00e1culos es gratuita, supeditada a la capacidad del lugar.<\/p><\/blockquote>\n<p><img decoding=\"async\" loading=\"lazy\" src=\"http:\/\/www.buenosaires.gob.ar\/sites\/gcaba\/files\/field\/image\/2014-09-17_21.05.jpg\" alt=\"\" width=\"1200\" height=\"800\" \/><\/p>\n<hr \/>\n<h3>As\u00ed contin\u00faa el ciclo hasta fin de mes<\/h3>\n<ul>\n<li>Viernes 6 de diciembre a las 19<\/li>\n<li>La Biela (Quintana 600, Recoleta)<\/li>\n<li><strong>Magdalena Le\u00f3n<\/strong> &#8211; M\u00fasica Argentina y Latinoamericana<\/li>\n<\/ul>\n<p>La cantante se presenta junto al guitarrista Samy Mielgo y ofrece un recorrido de ritmos y poes\u00edas de autores latinoamericanos.<\/p>\n<p><img decoding=\"async\" loading=\"lazy\" src=\"http:\/\/www.buenosaires.gob.ar\/sites\/gcaba\/files\/field\/image\/magdalena_leon.jpg\" alt=\"\" width=\"960\" height=\"840\" \/><\/p>\n<hr \/>\n<ul>\n<li>S\u00e1bado 7 de diciembre a las 21<\/li>\n<li>La Academia (Av. Callao 368, Balvanera)<\/li>\n<li><strong>La Runfla Rioplatense<\/strong> &#8211; Folklore Rioplatense<\/li>\n<\/ul>\n<p>Grupo que interpreta tangos, candombes y murgas. Con composiciones cl\u00e1sicas y propias. En su trayectoria como agrupaci\u00f3n han recorrido festivales nacionales, internacionales y ciclos importantes de la M\u00fasica Ciudadana. Lo integran Natalia Baz\u00e1n en voz, Nicol\u00e1s Reverso en guitarra y Agust\u00edn Alfonso en percusi\u00f3n.<\/p>\n<p><img decoding=\"async\" loading=\"lazy\" src=\"http:\/\/www.buenosaires.gob.ar\/sites\/gcaba\/files\/field\/image\/la_runfla_rioplatense_i.jpg\" alt=\"\" width=\"960\" height=\"641\" \/><\/p>\n<blockquote><p>Mi\u00e9rcoles 11 de diciembre, en el marco de los festejos por el <strong>D\u00eda Nacional del Tango<\/strong><\/p><\/blockquote>\n<ul>\n<li>18 hs. Esquina Homero Manzi (Av. San Juan y Boedo)<\/li>\n<li><strong>Tr\u00edo Aquiles Roggero &#8211; Mart\u00edn Cecconi y Gerardo Solnie<\/strong> &#8211; Tango<\/li>\n<\/ul>\n<p>Pianista, tecladista y arreglador de artistas como V\u00edctor Heredia, Valeria Lynch, Julia Zenco, Paz Mart\u00ednez, Sergio Denis y Luis Salinas, entre otros. Fui invitado en varias oportunidades a los m\u00e1s prestigiosos festivales de tango de Europa y \u00c1frica.<\/p>\n<ul>\n<li>21 hs. La Esquina de Anibal Troilo (Paraguay 1500, Recoleta)<\/li>\n<li><strong>Mirta Alvarez &amp; Mayumi Urgino<\/strong> &#8211; Tango<\/li>\n<\/ul>\n<p>Mirta \u00c1lvarez (guitarra y voz) y Mayumi Urgino (viol\u00edn). Dos virtuosas m\u00fasicas con trayectoria nacional e internacional brindan un concierto singular de la mano de dos instrumentos emblem\u00e1ticos: viol\u00edn y guitarra. Dos solistas dialogando y habitando el sonido de la tradici\u00f3n del tango, la voz cantada, a trav\u00e9s de distintos estilos y \u00e9pocas.<\/p>\n<p><img decoding=\"async\" loading=\"lazy\" src=\"http:\/\/www.buenosaires.gob.ar\/sites\/gcaba\/files\/field\/image\/mirta_alvarez.jpg\" alt=\"\" width=\"960\" height=\"678\" \/><\/p>\n<ul>\n<li>Viernes 13 de diciembre a las 18<\/li>\n<li>Esquina Homero Manzi (Av. San Juan y Boedo)<\/li>\n<li><strong>Ganadores del Premio Hugo del Carril<\/strong> &#8211; Tango. Organizado por Direcci\u00f3n General de M\u00fasica y Comisi\u00f3n de Bares Notables.<\/li>\n<li>S\u00e1bado 14 de diciembre a las 19<\/li>\n<li>El Gato Negro (Av. Corrientes 1669, Almagro)<\/li>\n<li><strong>Fiesta de cierre y entrega de diplomas<\/strong> a los ganadores del Concurso Bares Notables 2020.<\/li>\n<li><strong>Flor Bobadilla Oliva y Sebasti\u00e1n Luna<\/strong> &#8211; Folklore del Litoral Argentino<\/li>\n<\/ul>\n<p>Nacen art\u00edsticamente con la b\u00fasqueda de compartir folklore del litoral argentino y composiciones propias. Presentan una obra po\u00e9tico-musical, con una impronta chamamecera, con aires del sur de Brasil y del Paraguay.<\/p>\n<p><img decoding=\"async\" loading=\"lazy\" src=\"http:\/\/www.buenosaires.gob.ar\/sites\/gcaba\/files\/field\/image\/flor_bobadilla.jpg\" alt=\"\" width=\"960\" height=\"640\" \/><\/p>\n<hr \/>\n<ul>\n<li>Viernes 20 de diciembre a las 18<\/li>\n<li>Esquina Homero Manzi (Av. San Juan y Boedo)<\/li>\n<li><strong>Ganadores del Premio Hugo del Carril<\/strong> &#8211; Tango. Organizado por Direcci\u00f3n General de M\u00fasica y Comisi\u00f3n de Bares Notables.<\/li>\n<\/ul>\n<\/div>","protected":false},"excerpt":{"rendered":"<p>Los Caf\u00e9s y Bares Notables ocupan un lugar preponderante dentro de la cultura de Buenos Aires y forman parte oficial del patrimonio cultural de la Ciudad. Por eso, sus puertas se mantienen abiertas y vuelven a recibir a los vecinos con m\u00fasica en vivo, en shows gratuitos. Los artistas fueron seleccionados en el Concurso de [&hellip;]<\/p>","protected":false},"author":8,"featured_media":616866,"comment_status":"open","ping_status":"closed","sticky":false,"template":"","format":"standard","meta":[],"categories":[5],"tags":[],"series":[],"_links":{"self":[{"href":"https:\/\/www.diario5.com.ar\/es\/wp-json\/wp\/v2\/posts\/616864"}],"collection":[{"href":"https:\/\/www.diario5.com.ar\/es\/wp-json\/wp\/v2\/posts"}],"about":[{"href":"https:\/\/www.diario5.com.ar\/es\/wp-json\/wp\/v2\/types\/post"}],"author":[{"embeddable":true,"href":"https:\/\/www.diario5.com.ar\/es\/wp-json\/wp\/v2\/users\/8"}],"replies":[{"embeddable":true,"href":"https:\/\/www.diario5.com.ar\/es\/wp-json\/wp\/v2\/comments?post=616864"}],"version-history":[{"count":2,"href":"https:\/\/www.diario5.com.ar\/es\/wp-json\/wp\/v2\/posts\/616864\/revisions"}],"predecessor-version":[{"id":616867,"href":"https:\/\/www.diario5.com.ar\/es\/wp-json\/wp\/v2\/posts\/616864\/revisions\/616867"}],"wp:featuredmedia":[{"embeddable":true,"href":"https:\/\/www.diario5.com.ar\/es\/wp-json\/wp\/v2\/media\/616866"}],"wp:attachment":[{"href":"https:\/\/www.diario5.com.ar\/es\/wp-json\/wp\/v2\/media?parent=616864"}],"wp:term":[{"taxonomy":"category","embeddable":true,"href":"https:\/\/www.diario5.com.ar\/es\/wp-json\/wp\/v2\/categories?post=616864"},{"taxonomy":"post_tag","embeddable":true,"href":"https:\/\/www.diario5.com.ar\/es\/wp-json\/wp\/v2\/tags?post=616864"},{"taxonomy":"series","embeddable":true,"href":"https:\/\/www.diario5.com.ar\/es\/wp-json\/wp\/v2\/series?post=616864"}],"curies":[{"name":"wp","href":"https:\/\/api.w.org\/{rel}","templated":true}]}}