{"id":616863,"date":"2019-12-04T03:25:39","date_gmt":"2019-12-04T03:25:39","guid":{"rendered":"https:\/\/www.diario5.com.ar\/?p=616863"},"modified":"2019-12-04T03:25:39","modified_gmt":"2019-12-04T03:25:39","slug":"el-cine-el-plata-se-prepara-para-reabrir-al-publico-en-2020","status":"publish","type":"post","link":"https:\/\/www.diario5.com.ar\/es\/el-cine-el-plata-se-prepara-para-reabrir-al-publico-en-2020\/","title":{"rendered":"El Cine El Plata se prepara para reabrir al p\u00fablico en 2020"},"content":{"rendered":"<h2 class=\"sub-title-primary\"><\/h2> <div><iframe loading=\"lazy\" width=\"760\" height=\"416\" src=\"https:\/\/www.youtube.com\/embed\/2wCjvszAgaA\" frameborder=\"0\" allow=\"accelerometer; autoplay; encrypted-media; gyroscope; picture-in-picture\" allowfullscreen><\/iframe><\/p>\n<p>El jefe de Gobierno porte\u00f1o, <a href=\"https:\/\/www.facebook.com\/horaciorodriguezlarreta\">Horacio Rodr\u00edguez Larreta<\/a>, recorri\u00f3 la obra de revalorizaci\u00f3n del Cine El Plata, que tiene como objetivo generar, a partir de la recuperaci\u00f3n patrimonial, un complejo cultural para el barrio de Mataderos que integre el circuito de actividades programadas por el Ministerio de Cultura de la Ciudad de Buenos Aires.<\/p>\n<p>Rodr\u00edguez Larreta se\u00f1al\u00f3 que en las reuniones de vecinos \u201csiempre surg\u00eda el pedido de recuperar este emblema de la cultura de la Ciudad y del barrio de Mataderos\u201d y agreg\u00f3: \u201cPor eso yo me compromet\u00ed a empezar la obra antes de fin de a\u00f1o y cumplimos\u201d.<\/p>\n<p>\u201cLos vecinos est\u00e1n muy contentos, ya varios hab\u00edan visto la obra en marcha. Es una gran alegr\u00eda\u201d, expres\u00f3 el Jefe de Gobierno, que estuvo acompa\u00f1ado por el jefe de Gabinete, Felipe Miguel; el ministro de Cultura, Enrique Avogadro y el ministro de Desarrollo Urbano y Transporte, Franco Moccia.<\/p>\n<p>Por \u00faltimo, Rodr\u00edguez Larreta destac\u00f3 el \u201cobjetivo que tenemos de llevar la cultura a todos los barrios de la Ciudad\u201d.<\/p>\n<blockquote>\n<p>\u00abYo me compromet\u00ed a empezar la obra antes de fin de a\u00f1o y cumplimos\u201d. <strong>(Horacio Rodr\u00edguez Larreta)<\/strong><\/p>\n<\/blockquote>\n<p><img decoding=\"async\" loading=\"lazy\" src=\"http:\/\/www.buenosaires.gob.ar\/sites\/gcaba\/files\/field\/image\/cine_el_plata_3.jpg\" width=\"3300\" height=\"2200\" alt=\"Las obras en el Cine El Plata\" title=\"Foto de Sandra Hern\u00e1ndez \/ Prensa GCBA \/ ig\"><\/p>\n<p>En tanto, Avogadro remarc\u00f3 que el Cine El Plata \u201ces emblema de la cultura del barrio y de toda la Ciudad\u201d y que \u201cse va a sumar al Complejo Teatral de la Ciudad de Buenos Aires\u201d.<\/p>\n<p>\u201cNuestro compromiso es que cada vez m\u00e1s vecinos se puedan sumar a la cultura de la Ciudad, vivan donde vivan, con la misma calidad, no s\u00f3lo con la cultura p\u00fablica sino tambi\u00e9n con la cultura independiente\u201d, asegur\u00f3.<\/p>\n<p>Por su parte, Moccia explic\u00f3 que \u201cla obra consta de una sala principal y dos micro cines que est\u00e1n donde estaba el viejo super pullman\u201d y agreg\u00f3 que esto significa \u201cun paso m\u00e1s en seguir promoviendo la cultura\u201d.<\/p>\n<p>El ministro precis\u00f3 que esta obra \u201cest\u00e1 conectada con el Teatro Col\u00f3n, con el Teatro San Mart\u00edn, con el MAMBA y este es otro ejemplo m\u00e1s, pero ahora con los barrios, que es uno de los puntos principales de nuestra cultura como porte\u00f1os\u201d.<\/p>\n<blockquote>\n<p>La obra busca preservar el patrimonio edilicio, respetando la arquitectura del cine.<\/p>\n<\/blockquote>\n<p><img decoding=\"async\" loading=\"lazy\" src=\"http:\/\/www.buenosaires.gob.ar\/sites\/gcaba\/files\/field\/image\/cine_el_plata_1.jpg\" width=\"3008\" height=\"2008\" alt=\"Las obras en el Cine El Plata\" title=\"Foto de Juan Corrado \/ Prensa GCBA \/ ig\"><\/p>\n<p>Esta obra comenz\u00f3 el 24 de octubre gracias a la firma de un Acta entre el Ministerio de Cultura y la empresa Teximco. El ministerio lleva adelante la administraci\u00f3n de la obra mientras que la Subsecretar\u00eda de Obras del Ministerio de Desarrollo Urbano y Transporte se encarga de la inspecci\u00f3n t\u00e9cnica.<\/p>\n<p>Se estima que los trabajos estar\u00e1n finalizados en ocho meses, es decir, para el 24 de junio de 2020.<\/p>\n<p>La obra busca preservar el patrimonio edilicio, respetando la arquitectura del cine. Al mismo tiempo se va a habilitar la sala de teatro en planta baja, la segunda microsala en planta alta y las instalaciones electromec\u00e1nicas, sanitarias y contra incendios de todo el lugar.<\/p>\n<p>Adem\u00e1s se van a acondicionar las gradas del pullman, el lado derecho del hall central de triple altura y los accesos a los distintos niveles.<\/p>\n<blockquote>\n<p>Este espacio tiene como objetivo generar, a partir de la recuperaci\u00f3n patrimonial, un complejo cultural para el barrio de Mataderos.<\/p>\n<\/blockquote>\n<p><img decoding=\"async\" loading=\"lazy\" src=\"http:\/\/www.buenosaires.gob.ar\/sites\/gcaba\/files\/field\/image\/cine_el_plata_2.jpg\" width=\"3008\" height=\"2008\" alt=\"Las obras en el Cine El Plata\" title=\"Foto de Juan Corrado \/ Prensa GCBA \/ ig\"><\/p>\n<p>Todas estas acciones van a contemplar aspectos de salubridad especial, de accesibilidad, de seguridad y de confort, como por ejemplo la climatizaci\u00f3n, ba\u00f1os para discapacitados, una rampa para la microsala e instalaciones contra incendios.<\/p>\n<p>Tambi\u00e9n se volver\u00e1 a poner en funcionamiento viejos espacios del cine para promover la din\u00e1mica cultural actual con nuevos rincones que permitan el desarrollo de espacios de usos m\u00faltiples y participativos.<\/p>\n<p>El Cine El Plata fue inaugurado en 1945 y cerr\u00f3 sus puertas en 1987 con la proyecci\u00f3n de la pel\u00edcula \u00abEsperando la Carroza\u00bb. Entonces se convirti\u00f3 en un dep\u00f3sito de la firma de electrodom\u00e9sticos Fontana, hasta el a\u00f1o 2001.<\/p>\n<blockquote class=\"twitter-tweet\">\n<p lang=\"es\" dir=\"ltr\">Con <a href=\"https:\/\/twitter.com\/FelipeMiguelBA?ref_src=twsrc%5Etfw\">@FelipeMiguelBA<\/a>, <a href=\"https:\/\/twitter.com\/eavogadro?ref_src=twsrc%5Etfw\">@eavogadro<\/a> y <a href=\"https:\/\/twitter.com\/francomoccia?ref_src=twsrc%5Etfw\">@francomoccia<\/a> recorrimos las obras del Cine El Plata que muy pronto va a volver a abrir sus puertas para que todos disfruten de la cultura en la Ciudad. Este era un pedido de los vecinos de Mataderos y hoy, juntos, lo estamos haciendo realidad. <a href=\"https:\/\/t.co\/opmizEVjK6\">pic.twitter.com\/opmizEVjK6<\/a><\/p>\n<p>@ Horacio Rodr\u00edguez Larreta (@horaciorlarreta) <a href=\"https:\/\/twitter.com\/horaciorlarreta\/status\/1200068198105780225?ref_src=twsrc%5Etfw\">November 28, 2019<\/a><\/p><\/blockquote>\n<p><script async src=\"https:\/\/platform.twitter.com\/widgets.js\" charset=\"utf-8\"><\/script><\/div>","protected":false},"excerpt":{"rendered":"<p>El jefe de Gobierno porte\u00f1o, Horacio Rodr\u00edguez Larreta, recorri\u00f3 la obra de revalorizaci\u00f3n del Cine El Plata, que tiene como objetivo generar, a partir de la recuperaci\u00f3n patrimonial, un complejo cultural para el barrio de Mataderos que integre el circuito de actividades programadas por el Ministerio de Cultura de la Ciudad de Buenos Aires. Rodr\u00edguez [&hellip;]<\/p>","protected":false},"author":8,"featured_media":0,"comment_status":"open","ping_status":"closed","sticky":false,"template":"","format":"standard","meta":[],"categories":[5],"tags":[],"series":[],"_links":{"self":[{"href":"https:\/\/www.diario5.com.ar\/es\/wp-json\/wp\/v2\/posts\/616863"}],"collection":[{"href":"https:\/\/www.diario5.com.ar\/es\/wp-json\/wp\/v2\/posts"}],"about":[{"href":"https:\/\/www.diario5.com.ar\/es\/wp-json\/wp\/v2\/types\/post"}],"author":[{"embeddable":true,"href":"https:\/\/www.diario5.com.ar\/es\/wp-json\/wp\/v2\/users\/8"}],"replies":[{"embeddable":true,"href":"https:\/\/www.diario5.com.ar\/es\/wp-json\/wp\/v2\/comments?post=616863"}],"version-history":[{"count":0,"href":"https:\/\/www.diario5.com.ar\/es\/wp-json\/wp\/v2\/posts\/616863\/revisions"}],"wp:attachment":[{"href":"https:\/\/www.diario5.com.ar\/es\/wp-json\/wp\/v2\/media?parent=616863"}],"wp:term":[{"taxonomy":"category","embeddable":true,"href":"https:\/\/www.diario5.com.ar\/es\/wp-json\/wp\/v2\/categories?post=616863"},{"taxonomy":"post_tag","embeddable":true,"href":"https:\/\/www.diario5.com.ar\/es\/wp-json\/wp\/v2\/tags?post=616863"},{"taxonomy":"series","embeddable":true,"href":"https:\/\/www.diario5.com.ar\/es\/wp-json\/wp\/v2\/series?post=616863"}],"curies":[{"name":"wp","href":"https:\/\/api.w.org\/{rel}","templated":true}]}}