{"id":616767,"date":"2019-11-26T08:04:18","date_gmt":"2019-11-26T11:04:18","guid":{"rendered":"http:\/\/diario5.com.ar\/?p=616767"},"modified":"2019-11-26T08:04:18","modified_gmt":"2019-11-26T11:04:18","slug":"comienza-una-nueva-edicion-de-la-feria-internacional-de-la-musica-de-buenos-aires","status":"publish","type":"post","link":"https:\/\/www.diario5.com.ar\/es\/comienza-una-nueva-edicion-de-la-feria-internacional-de-la-musica-de-buenos-aires\/","title":{"rendered":"Comienza una nueva edici\u00f3n de la Feria Internacional de la M\u00fasica de Buenos Aires"},"content":{"rendered":"<h2 class=\"sub-title-primary\"><\/h2> <p>La 12va edici\u00f3n de La <a href=\"http:\/\/www.buenosaires.gob.ar\/cultura\/buenos-aires-feria-internacional-de-musica-bafim\">Feria Internacional de la M\u00fasica de Buenos Aires<\/a> (BAFIM) se lleva a cabo el <strong>martes 26 y mi\u00e9rcoles 27 de 9.30 a 20.00 hs y el jueves 28 de noviembre de 9.30 hs a 22 hs<\/strong> en La Usina del Arte (<a href=\"https:\/\/mapa.buenosaires.gob.ar\/comollego\/?lat=-34.628689&#038;lng=-58.356100&#038;zl=15&#038;modo=transporte&#038;hasta=Caffarena%2C+Agustin+R.+1%2C+&#038;dir=Caffarena%2C+Agustin+R.+1\">Agust\u00edn R. Caffarena, 1<\/a>).<\/p>\n<p><strong>BAFIM<\/strong> presenta este a\u00f1o, adem\u00e1s de las rondas de negocio, una amplia oferta con <strong>charlas y capacitaciones y 15 showcases<\/strong> para que no s\u00f3lo gente de la industria, sino el p\u00fablico general pueda disfrutar de la diversa oferta musical local con entrada gratuita (<a href=\"http:\/\/www.buenosaires.gob.ar\/form\/formulario-de-acreditacion-bafim\">con inscripci\u00f3n previa<\/a>). Este a\u00f1o, la feria cuenta con la presencia de programadores de festivales internacionales y profesionales que vienen de M\u00e9xico, Per\u00fa, Brasil, Espa\u00f1a, Francia, Sud\u00e1frica y Uruguay.<\/p>\n<blockquote>\n<p>\u00a1Mir\u00e1 la programaci\u00f3n!<\/p>\n<\/blockquote>\n<h3>Martes 26<\/h3>\n<p><strong>9.30hs &#8211; Hall<\/strong><br \/><strong>Acreditaci\u00f3n<\/strong><\/p>\n<p><strong>10.30hs &#8211; 13.30hs &#8211; Foyer<\/strong><br \/><strong>Rondas de negocio<\/strong><\/p>\n<p><strong>14.00hs &#8211; Auditorio<\/strong><br \/><strong>Conferencia<\/strong><br \/>\n3 A\u00f1os de ACMMA: \u00bfQu\u00e9 utilidad tiene una asociaci\u00f3n en la Industria de la M\u00fasica Argentina hoy?<br \/>\nAna Poluyan (manager de Pericos &#8211; Vicepresidente de ACMMA), Eduardo Sempe (manager de Militantes del Climax, Fiestas Clandestinas, Groove, Estadio Malvinas Argentinas) y Alejandro Varela (manager de Eruca Sativa, Los Nocheros &#8211; S-Music).<\/p>\n<p><strong>15.00hs &#8211; Sala de c\u00e1mara<\/strong><br \/><strong>Showcase<\/strong><br \/><strong>Clara Cantore<\/strong><br \/>\nEs una joven m\u00fasica argentina que viene recorriendo el mundo con una nueva forma de concebir la m\u00fasica de ra\u00edz folkl\u00f3rica en el Bajo de 5 cuerdas como instrumento solista. Su proyecto musical est\u00e1 fuertemente atravesada por la lucha por la igualdad de oportunidades, principalmente, dentro del movimiento de mujeres latinoamericano. Si bien el folclore argentino y latinoamericano es su primer lenguaje, es muy notoria la influencia del Flamenco, el Tango y el Jazz, fruto de su b\u00fasqueda y amplia formaci\u00f3n.<\/p>\n<p><strong>15.30hs &#8211; Sala de c\u00e1mara<\/strong><br \/><strong>Showcase<\/strong><br \/><strong>Lucia Taccheti<\/strong><br \/>\nLucia Tacchetti lanz\u00f3 su primer EP Feriado en el a\u00f1o 2015 y cuenta con discos m\u00e1s \u00abDegrade\u00bb (2017) y VOL.3D (2018). Realizo shows por Espa\u00f1a Alemania, particip\u00f3 en el festival SXSW y realiz\u00f3 giras por M\u00e9xico. En Argentina se present\u00f3 en todo el pa\u00eds, siendo parte de festivales como festival Indie Hoy, GLR PWR de C\u00f3rdoba FestiLagos de Villa La Angostura y Ciudad Emergente 2019. Actualmente se encuentra presentando sus nuevos singles \u00abEncanto\u00bb \u00abGritan Fuerte\u00bb y \u00abMandamiento\u00bb adelantos de su pr\u00f3ximo disco a salir en el primer semestre del a\u00f1o antes de presentarse en el Lollapalooza 2020.<\/p>\n<p><strong>16.00hs &#8211; Auditorio<\/strong><br \/><strong>Presentaci\u00f3n de invitados internacionales<\/strong><br \/>\nIntroducci\u00f3n en primera persona de los invitados internacionales para contar qui\u00e9nes son, qu\u00e9 hacen y qu\u00e9 buscan en el mercado local.<\/p>\n<p><strong>16.00hs &#8211; Sala de c\u00e1mara<\/strong><br \/><strong>Presentaci\u00f3n del proyecto de investigaci\u00f3n: \u00abInternacionalizaci\u00f3n de la m\u00fasica argentina. Un sistema de informaci\u00f3n p\u00fablica para la toma de decisiones (2020)\u00bb<\/strong><br \/>\nNicolas Wainszelbaum (Untref, Director de la investigaci\u00f3n)<br \/>\nPaula Rivera (Vicepresidenta Inamu, Organismo Asociado)<\/p>\n<p><strong>17.40hs- Sala de c\u00e1mara<\/strong><br \/><strong>Showcase<\/strong><br \/><strong>Origami<\/strong><br \/>\nCon una propuesta art\u00edstica original y magn\u00e9tica, ORIGAMI GRUPO re\u00fane a talentosos m\u00fasicos que componen obras propias con sofisticados arreglos, que abordan de manera contempor\u00e1nea el formato canci\u00f3n con una est\u00e9tica tan interesante como inclasificable. En sus canciones confluyen m\u00faltiples g\u00e9neros entre los que se destaca una clara tendencia hacia el jazz, el blues y el pop, con la potencia del funk. Todo ello se ensambla con un ritmo de groove envolvente.<\/p>\n<p><strong>18.10hs &#8211; Sala de c\u00e1mara<\/strong><br \/><strong>Showcase<\/strong><br \/><strong>Naci\u00f3n Ekeko<\/strong><br \/>\nNaci\u00f3n Ekeko nace de viajes, del encuentro con personajes latinoamericanos, de cantos y recitados recopilados. Un gran recorrido musical que atraviesa de punta a punta las venas abiertas de Am\u00e9rica Latina. Es el proyecto solista de Diego P\u00e9rez que vio la luz en 2015 y ha recorrido ya China, Europa y Latinoam\u00e9rica. Conexi\u00f3n musical que une historias ancestrales con nuevas tecnolog\u00edas y hace de la danza un universo paralelo en el que todos latimos juntos.<\/p>\n<p><strong>18.40hs- Sala de c\u00e1mara<\/strong><br \/><strong>Showcase<\/strong><br \/><strong>Paula Maffia<\/strong><br \/>\nLleva m\u00e1s de 15 a\u00f1os como cantautora e instrumentista. Adem\u00e1s de presentarse como solista (ya sea a solas con su guitarra o con su power tr\u00edo Paula Maff\u00eda &#038; Sons acompa\u00f1ada Nahuel Briones y Lucy Patan\u00e9), es miembro fundador de la petit orquesta de rock La Cosa Mostra y del ensamble de se\u00f1oritas Las Taradas. En Sept\/2015 lanz\u00f3 su primer disco solista, Ojos que Ladran y en Nov\/2018 lanz\u00f3 La Espesura, adelanto de su segundo disco, Polvo, ya disponible en todas las redes.<\/p>\n<hr \/>\n<h3>Mi\u00e9rcoles 27<\/h3>\n<p><strong>9.30hs &#8211; Hall<\/strong><br \/><strong>Acreditaci\u00f3n<\/strong><\/p>\n<p><strong>9.30hs &#8211; Auditorio<\/strong><br \/><strong>ASCIAr &#8211; Reuni\u00f3n General para socios<\/strong><br \/>\nA.S.I.Ar es la Asociaci\u00f3n de Sellos Independientes de Argentina.<\/p>\n<p><strong>10.30hs &#8211; 13.30hs &#8211; Foyer<\/strong><br \/><strong>Rondas de negocio<\/strong><\/p>\n<p><strong>14hs &#8211; Auditorio<\/strong><br \/><strong>Conferencia<\/strong><br \/>\nThe Selector Pro 2019: Apuntes para tomar ventaja de la innovaci\u00f3n digital en la m\u00fasica. #SelectorProArg<br \/>\nSelector Pro es el programa para la profesionalizaci\u00f3n de la industria de la m\u00fasica que el British Council lleva adelante en todo el mundo. Luego de su segunda edici\u00f3n en Argentina realizada en conjunto con 432HZ, ambas partes sumaron fuerzas con Revista Anfibia para retratar algunos de los contenidos destacados y visibilizar y compartir informaci\u00f3n clave para la nueva industria musical.<\/p>\n<p>Panelistas: Ver\u00f3nica Bergna (British Council), Cristian Alarc\u00f3n (Revista Anfibia), Nicol\u00e1s Madoery (432HZ)<br \/>\nModera: B\u00e1rbara Pavan<\/p>\n<p><strong>15hs &#8211; Sala de c\u00e1mara<\/strong><br \/><strong>Showcase<\/strong><br \/><strong>Bombay Bs As<\/strong><br \/>\nEs una agrupaci\u00f3n de guitarras y cantor que destaca por su originalidad y permanente vigencia. A lo largo de 21 a\u00f1os de trayectoria han editado ocho discos y realizado numerosas giras por Latinoam\u00e9rica, Europa, Estados Unidos, Canad\u00e1 y Australia.<br \/>\nGanadores del Premio Gardel en 2018, el grupo ha sido destacado como una propuesta \u00abrupturista\u00bb dentro de la escena del tango actual. Una \u00abpostal porte\u00f1a, oscura y brumosa\u00bb.<\/p>\n<p><strong>15.30hs &#8211; Sala de c\u00e1mara<\/strong><br \/><strong>Showcase<\/strong><br \/><strong>Mamita Peyote<\/strong><br \/>\nCon fuerza, con sello propio. Rocksteady, Reggae, Ska-Jazz, Rumba, Cumbia, Swing, Funk, Rock, Gypsy, Latin Pop entre otros, son los g\u00e9neros de esta banda rosarina de en\u00e9rgica magia que nace en el a\u00f1o 2011.<br \/>\nEsta mixtura musical es lo que enriquece el particular sonido peyotero al que se suma el color y la interpretaci\u00f3n de la inconfundible voz de Euge Craviotto Carafa y el multi-instrumentista Charly Bertolin en guitarra al frente de este proyecto.<\/p>\n<p><strong>16.00hs &#8211; Auditorio<\/strong><br \/><strong>Conferencia<\/strong><br \/><strong>Caja de herramientas para identidades femeninas<\/strong><br \/>\nPerspectivas sobre c\u00f3mo desarrollarse en la industria de la m\u00fasica<br \/>\nPaula Rivera (INAMU), Albina Cabrera (KEXP), Allie Silver (Free Radical Prod.)<br \/>\nModera: B\u00e1rbara Pavan (Altafonte)<\/p>\n<p><strong>17hs &#8211; Auditorio<\/strong><br \/><strong>Conferencia<\/strong><br \/>\nDe Buenos Aires al mundo<br \/>\nDiego S\u00e1enz y Mat\u00edas L\u00f3izaga &#8211; Directores PopArt Music<\/p>\n<p><strong>18hs &#8211; Sala de c\u00e1mara<\/strong><br \/><strong>Showcase<\/strong><br \/><strong>Milongas Extremas<\/strong><br \/>\nEs un cuarteto de guitarras criollas y voces, con esp\u00edritu roquero, un car\u00e1cter musical \u00fanico, propio y una actitud esc\u00e9nica que expone lo extremo de sus milongas.<br \/>\nAl presenciar un concierto se experimenta un fenomenal conflicto entre los sentidos. A la vista es un grupo de cuatro individuos cantando y tocando las guitarras criollas. Pero llega un momento en que m\u00e1gicamente se escucha junto con las guitarras, un bajo y una bater\u00eda, tal como si una banda de rock estuviese tocando sobre ese mismo escenario.<\/p>\n<p><strong>18.30hs &#8211; Sala de c\u00e1mara<\/strong><br \/><strong>Showcase<\/strong><br \/><strong>Lxs Familia<\/strong><br \/>\nLa nueva promesa del g\u00e9nero urgano. La banda integrada por Guido Caruso \u201cPersse\u00bb, Juli\u00e1n Cohen \u00abDala\u00bb y Sof\u00eda Caruso \u201cPoggy\u201d. En su disco debut \u201cBendecidxs\u201d, publicado a fin del 2018, con influencias desde Lisandro Aristimu\u00f1o hasta Daddy Yankee, pasando por infinidad de matices, la banda atraviesa de forma flu\u00edda distintos ritmos que dan como resultado un tridente \u00fanico en su especie, por la mixtura tanto r\u00edtmica como l\u00edrica de cada uno de los integrantes. Lxs Familia proponen un show divertido, desafiante -por momentos indescifrable-, que contagia la energ\u00eda desfachatada con la que se suben al escenario y cantan sus verdades, sus filosof\u00edas de vida, sus amores y desamores, rodeado de un marco est\u00e9tico muy cuidado art\u00edsticamente.<\/p>\n<hr \/>\n<h3>Jueves 28<\/h3>\n<p><strong>9.30hs &#8211; Hall<\/strong><br \/><strong>Acreditaci\u00f3n<\/strong><\/p>\n<p><strong>10.30hs &#8211; 13.30hs &#8211; Foyer<\/strong><br \/><strong>Rondas de negocio<\/strong><\/p>\n<p><strong>14.00hs- Auditorio<\/strong><br \/><strong>Conferencia<\/strong><br \/><strong>Distribuci\u00f3n Digital: Presente y futuro<\/strong><br \/>\nAgust\u00edn Norverto (The Orchard) &#8211; Sylvie Piccolotto (OneRpm) &#8211; Tomas Talarico (Mojo) &#8211; Nicol\u00e1s Madoery (Ditto) &#8211; Mart\u00edn Liviciche (Cd Baby) &#8211; Barbara Pav\u00e1n (Altafonte)<br \/>\nModera: Federico Bareiro<\/p>\n<p><strong>15.30hs &#8211; Sala de c\u00e1mara<\/strong><br \/>\nEncuentro cerrado de programadores nacionales e internacionales<\/p>\n<p><strong>16.00hs &#8211; Auditorio<\/strong><br \/><strong>Conferencia<\/strong><br \/>\nYouTube Music<br \/>\nWalter Venicio &#8211; Music Partners Youtube<\/p>\n<p><strong>17.00hs &#8211; Auditorio<\/strong><br \/><strong>Conferencia<\/strong><br \/><strong>Internacionalizaci\u00f3n: El v\u00ednculo Argentina- M\u00e9xico<\/strong><br \/>\nMusicar es el programa de la Agencia Argentina de Inversiones y Comercio Internacional (AAICI) para la promoci\u00f3n de m\u00fasica argentina en el exterior. En 2019 el programa estuvo enfocado en el desarrollo de M\u00e9xico como mercado para proyectos argentinos.<br \/>\nPanelistas:<br \/>\nMan\u00fa Charrit\u00f3n (Festival Marvin \/ Agencia El Forastero &#8211; MX)<br \/>\nNo\u00e9 Hern\u00e1ndez (Arca Producciones &#8211; MX)<br \/>\nVictoria Cornejo (La Fanfarria del Capit\u00e1n &#8211; AR)<br \/>\nSol Mayoral (AAICI &#8211; AR)<br \/>\nModera: Angel Del Re (432HZ)<\/p>\n<p><strong>18.30hs &#8211; Sala de c\u00e1mara<\/strong><br \/><strong>Showcase<\/strong><br \/><strong>Victoria Bernardi<\/strong><br \/>\nCon un gusto preferencial por el jazz y mel\u00f3dico, su voz \u00fanica recorre g\u00e9neros como rock, soul, pop, jazz y R&#038;B. Victoria Bernardi salta a la fama gracias a su participaci\u00f3n en el Talent show: \u201cElegidos, la m\u00fasica en tus manos\u201d, del cual result\u00f3 ser finalista a los 16 a\u00f1os. Con Elegidos, particip\u00f3 en 5 funciones musicales en el Teatro Gran Rex. Adem\u00e1s particip\u00f3 de Festivales como El Harlem Festival en Santa Fe, El Ciudad Emergente, Festival Ahora, Ciclo Transformativo y D\u00eda de la Mujer en La Usina del Arte e hizo una participaci\u00f3n con la banda de percusi\u00f3n La Bomba del Tiempo. Este presente a\u00f1o Victoria sigue creciendo y estuvo presente en los escenarios m\u00e1s grandes del pa\u00eds en eventos como el Festival PWR en el d\u00eda internacional de la mujer en el m\u00edtico Estadio Luna Park y le hizo el openning a nada m\u00e1s ni nada menos que a Sir Paul McCartney en el Campo Argentino de Polo.<\/p>\n<p><strong>19hs Cierre BAFIM- Auditorio<\/strong><br \/><strong>Enrique Campos<\/strong><br \/>\nEs la renovaci\u00f3n del tango porte\u00f1o que, con una perspectiva actual y una impronta influenciada tanto por el rock y el punk, como por la cumbia y el trap, intenta romper con el estereotipo cl\u00e1sico del cantante de este g\u00e9nero tan tradicional. \u00abRoto\u00bb es su primer \u00e1lbum solista y fue nominado a los premios Gardel 2019 en la categor\u00eda Mejor \u00c1lbum Artista Masculino de Tango y a los Latin Grammys 2019 en la categor\u00eda de mejor disco de tango. El concepto de su show trasciende lo musical, donde los g\u00e9neros convergen en un viaje sensorial. Ni tango, ni cumbia, ni rock, ni una performance: una experiencia.<\/p>\n<p><strong>Los Besos<\/strong><br \/>\nEs una banda de canciones creada por Paula Trama junto a Fede Fragal\u00e1, Sebasti\u00e1n Rey, Victor Rallis, Ariel Chisleanschi, Pablo Berardi y Dante Fr\u00e1gola. Monstruo fractal de la canci\u00f3n, pasadizo por el que la imaginaci\u00f3n musical sue\u00f1a y se despierta en el presente, cada uno de los discos de Los Besos habla con su \u00e9poca y hace resonar las bisagras que habitan entre la m\u00fasica y las palabras.<br \/>\nDesde el 2011 hasta el d\u00eda de hoy, de power tr\u00edo a banda pop expandida, Los BesosS llevan editados cinco \u00e1lbumes de estudio: Ep1 y 2 (2013), Un disco de Los Besos (2015), Helados verdes (2017), Copia viva (2018) y Matem\u00e1tica sentimental (2019).<\/p>\n<p><strong>Proyecto G\u00f3mez Casa<\/strong><br \/>\nProyecto G\u00f3mez Casa es el tr\u00edo de rock experimental liderado por Rodrigo G\u00f3mez. La banda tiene 7 discos editados y ha realizado giras por diferentes ciudades del mundo como Montreal; New York; Montevideo y en m\u00e1s de 15 ciudades de Brasil como San Pablo, Rio de Janeiro, Curitiba, Porto Alegre, Manaos, Belem, Florianopolis, entre otras. En vivo, los shows de Proyecto Gomez Casa se tornan casi teatrales, montando escenas cotidianas entre los temas. Los m\u00fasicos se transforman en actores. Operarios\/performers toman el escenario manipulando objetos lum\u00ednicos, generando una puesta en escena.<\/p>\n<hr \/>\n<p><strong>ACCMA off BAFIM<\/strong><br \/><strong>23.30hs Sala Siranush (Armenia 1353)<\/strong><br \/><strong>Showcases<\/strong><br \/><strong>Todo Aparenta Normal<\/strong><br \/>\nTodo Aparenta Normal comienza en el a\u00f1o 2009. Frente a la uni\u00f3n de los hermanos Nicolas y Juan Pablo Alfieri, junto a Alexis Koleff y Luca Albano Barzan; de Don Torcuato, prov. de Buenos Aires(Arg). Comienzan a girar por los escenarios de gran Buenos Aires y Capital Federal con la presentaci\u00f3n de su disco debut \u00abDiferente\u00bb (2011). Su segundo album \u00abHijos del Mundo\u00bb (2013) nominado a los Premios Gardel en la categor\u00eda Mejor Album Nuevo de Rock los fue instalando como uno de los grupos de mayor proyecci\u00f3n en la escena local. Su \u00faltimo \u00e1lbum de estudio \u00abEn el Desaprender\u00bb fue grabado y mezclado en los estudios Romaphonic y T\u00f3nica por Mariano Bilinkis, producido por Tweety Gonzalez y masterizado por Andres Mayo.  Han recorrido distintos escenarios y festivales tales como Cosquin Rock, Personal Fest, Ciudad Emergente, Rock en Baradero, entre otros. As\u00ed como tambi\u00e9n han hecho dos giras europeas y en el a\u00f1o 2020 van por su tercer gira por el continente europeo.<br \/>\nRecientemente fueron nominados a mejor video musical versi\u00f3n corta en los Latin Grammy.<\/p>\n<p><strong>Guillermo Beres\u00f1ak<\/strong><br \/>\nSi hay un rasgo que define la m\u00fasica de Guille Beres\u00f1ak es el eclecticismo, la capacidad de fusionar estilos y g\u00e9neros sin l\u00edmites ni prejuicios, tomando la sensibilidad como hilo conductor y dej\u00e1ndose llevar por sus emociones al componer. Sus shows en vivo constituyen una experiencia innovadora donde se unen la m\u00fasica, el teatro y el dise\u00f1o. A partir de letras sensibles y melod\u00edas de tango, rock, pop, cumbia, vals y folklore que representan emociones propias de las almas frescas e inquietas, Guillermo Beres\u00f1ak nos invita en los conciertos de esta nueva gira a atravesar de una forma \u00fanica e irrepetible su \u00faltimo disco: La Tremenda Dimensi\u00f3n. Este irrepetible m\u00fasico, cantautor y productor independiente originario de la zona Oeste nos trae su nuevo disco La Tremenda Dimensi\u00f3n, que ya est\u00e1 disponible en todas las plataformas digitales.<\/p>\n<p><em>(Actividad con cupo limitado)<\/em><\/p>\n<blockquote>\n<p>Invitados Internacionales<\/p>\n<\/blockquote>\n<p><strong>Carlos Branco &#8211; Brasil<\/strong><br \/>\nBranco Producciones.<br \/>\nFund\u00f3 su productora en 1994, con amplia experiencia en producci\u00f3n de conciertos, eventos y discos. Ha llevado a Porto Alegre artistas internacionales como B. B. King, Paco de Luc\u00eda, Fito P\u00e1ez, entre muchos otros; y nacionales como Caetano Veloso, Toquinho, Jo\u00e3o Gilberto, Gal Costa, etc; as\u00ed como tambi\u00e9n espect\u00e1culos de danza como Grupo Corpo, entre otros.<br \/>\nActualmente es productor y curador, junto a Experimental y Fly Audio, Festival de Jazz POA y D\u00eda Internacional del Jazz (Oporto Alegre \/ RS), Pian\u00edstico (festival anual de pianistas en la ciudad de Joinville \/ SC) y Festival Paralelo (festival anual de verano en la ciudad de S\u00e3o Francisco de Paula \/ RS).<br \/>\nCon Branco Produ\u00e7\u00f5es, ya ha producido alrededor de 3.000 eventos en diferentes disciplinas culturales.<br \/>\nTiene inter\u00e9s en m\u00fasica erudita, instrumental, jazz, rock. Amplio espectro musical.<\/p>\n<p><strong>Agust\u00edn L\u00f3pez Costa Paz &#8211; Espa\u00f1a<\/strong><br \/>\nIndustria Works \/ National Records<br \/>\nDirector regional de la oficina de Espa\u00f1a de Industria Works \/ Nacional Records, compa\u00f1\u00eda de entretenimiento independiente con sede en Los \u00c1ngeles, fundadora de LAMC con 20 a\u00f1os de trayectoria, la promotora de conciertos y festival Supersonico, el sello discogr\u00e1fico Nacional Records y agente de management y booking de artistas como Fuel Fandango, Mala Rodriguez, Maikel Delacalle, YSY A, Nicola Cruz, Tokio Ska Paradise Orchestra, Nacho Vegas, Natos y Waor, Tomasa del Real, etc.<br \/>\nTiene inter\u00e9s en artistas de g\u00e9neros Urbano, Hip Hop, Electr\u00f3nica, Indie, World music.<\/p>\n<p><strong>Pablo Rodriguez  &#8211; Espa\u00f1a<\/strong><br \/>\nBMG<br \/>\nComenz\u00f3 en la industria de la m\u00fasica en 2006 en Sony ATV como Synch&#038;Marketing Manager para Espa\u00f1a y Portugal. M\u00e1s tarde, en 2010, se traslad\u00f3 a Warner Music, donde lider\u00f3 el departamento combinado del \u00e1rea discogr\u00e1fica y editorial de Licencias y Sincronizaciones. Posteriormente, en 2013, fich\u00f3 como A&#038;R discogr\u00e1fico en Warner Music, trabajando junto a artistas locales, incluidos los ganadores del Grammy Latino, Luz Casal, Bebe y Buika, as\u00ed como Pablo Albor\u00e1n, Vanesa Mart\u00edn, Elefantes y Camela entre otros, mientras trabajaba como profesor en el M\u00e1ster en la Industria de la M\u00fasica de la Universidad de Valencia. A finales de 2017 entra a formar parte de BMG en la posici\u00f3n de Managing Director para Iberia (Espa\u00f1a y Portugal) haciendo crecer la compa\u00f1\u00eda en el \u00e1rea de frontline tanto a nivel discogr\u00e1fico como editorial y colaborando de forma proactiva en el crecimiento de la compa\u00f1\u00eda en LatAm.<br \/>\nTiene inter\u00e9s en managers locales de artistas \/ autores \/ productores urbanos con proyecci\u00f3n internacional.<\/p>\n<p><strong>Miguel \u00c1ngel Garc\u00eda Garrido &#8211; Espa\u00f1a<\/strong><br \/>\nCharco<br \/>\nFundador y director de Charco M\u00fasica, agencia creada para el desarrollo de artistas iberoamericanos con sede en Espa\u00f1a desde el directo y marketing. A cargo de la programaci\u00f3n del Festival Charco (2015-16), Festival R\u00edo Babel (2017-18), Escenario Charco en Sonorama (2016-Actual), Grec Festival de Barcelona (2020), asesoramiento\/contrataci\u00f3n del ciclo Zaragoza Latina.  Ha trabajado durante 20 a\u00f1os en la realizaci\u00f3n y producci\u00f3n de giras en Asia, Europa y America Latina. Se pueden destacar sus \u00faltimos trabajos en las giras internacionales de artistas como Mon Laferte, Fito P\u00e1ez, Babas\u00f3nicos (Argentina) y m\u00e1s de una veintena de artistas iberoamericanos, logrando posicionar a Charco como uno de los principales referentes de la industria en la regi\u00f3n.<br \/>\nTiene inter\u00e9s en artistas alternativos, preferentemente con un componente de ra\u00edz.<\/p>\n<p><strong>Bruno Boulay- Francia<\/strong><br \/>\nTotem Musicais \/ Midem<br \/>\nFundador de TOTEM Records, uno de los primeros sellos de world music en Francia, a fines de los a\u00f1os ochenta. Desde el 2016 se desempe\u00f1a como consultor en industrias musicales y culturales para el sello, representante de MIDEM (Francia) para Brasil, Argentina y Chile. Durante los 90\u2019 trabaj\u00f3 en el management de artistas como Johnny Clegg, Geoffrey Oryema, Richard Bona, Lokua Kanza.  A trav\u00e9s del sello, tambi\u00e9n trabaj\u00f3 con artistas de la industria brasilera  como Lenine, Chico C\u00e9sar, Fernanda Abreu, Da\u00fade, Karnak, haciendo shows en vivo alrededor de Brasil, Francia y Europa. Entre el 2004 y 2009, se desempe\u00f1\u00f3 como agregado cultural para proyectos musicales, en la embajada de Francia en Brasil.<\/p>\n<p><strong>Beto Lozano &#8211; M\u00e9xico<\/strong><br \/>\nLos Manejadores \/ Festival Catrina<br \/>\nEst\u00e1 a cargo del booking en Los Manejadores, una agencia que a lo largo de 13 a\u00f1os se convirti\u00f3 en una de las m\u00e1s importantes del sector en M\u00e9xico. Los Manejadores ha logrado desarrollar una ecl\u00e9ctica y destacada lista de clientes, incluyendo grupos como Caloncho, Comisario Pantera, Okill y Banda de Turistas, responsable de la transformaci\u00f3n de la industria musical mexicana, gracias a su apoyo a proyectos independientes.<\/p>\n<p><strong>Gabriel Curcumelis &#8211; M\u00e9xico<\/strong><br \/>\nOCESA<br \/>\nGerente en la promotor\u00eda de eventos de rock en espa\u00f1ol y festivales de OCESA, la principal promotora de M\u00e9xico y Am\u00e9rica Latina. Inici\u00f3 como Stage Manager y Calling Stage Manager en los m\u00e1s importantes y exitosos musicales bajo la supervisi\u00f3n de los equipos creativos originales de Broadway. Ha participado en la programaci\u00f3n, promoci\u00f3n y operaci\u00f3n de conciertos unitarios y giras, as\u00ed como en festivales tanto en la capital como en el interior de la Rep\u00fablica Mexicana.<br \/>\nTiene inter\u00e9s en proyectos emergentes y desarrollados de g\u00e9neros rock, Reggae, Ska, Balkan, Metal, Trap, Indie.<\/p>\n<p><strong>Juli\u00e1n Vel\u00e1zquez &#8211; M\u00e9xico<\/strong><br \/>\nECO \/ Tape Sicario Music<br \/>\nEs director de Management y Booking para Tape Sicario music, la agencia de talento de ECO, un grupo de entretenimiento con diferentes plataformas conectadas a trav\u00e9s del arte y sobre todo la m\u00fasica, es parte de la curadur\u00eda de venues, conciertos y festivales. En el management desarrolla proyectos que son atrevidos y relevantes para el ecosistema de m\u00fasica global y en M\u00e9xico.<br \/>\nTiene inter\u00e9s en Rock Indie, Trap, rap y Electr\u00f3nica<\/p>\n<p><strong>Man\u00fa Charriton &#8211; M\u00e9xico<\/strong><br \/>\nFestival Marvin<br \/>\nLleg\u00f3 desde Buenos Aires al caribe mexicano en 2003, invitado para tocar con un proyecto de m\u00fasica formado en Buenos Aires. En 2008 comienza Forastero shows &#038; media, desde donde lleva adelante sus labores de booking, producci\u00f3n y relaciones p\u00fablicas, que incluyen dentro de sus actividades haber creado, junto a Cecilia Velasco, el Festival Marvin CDMX. Desde su agencia, realiza gran parte del festival y organiza tours internacionales para artistas de diversos pa\u00edses enfocados en M\u00e9xico.<br \/>\nTiene inter\u00e9s en grupos de rock, indie, electr\u00f3nica, garage\/punk, hip hop e indie pop<\/p>\n<p><strong>Sergio Tijerina &#8211; M\u00e9xico<\/strong><br \/>\nApodaca Group<br \/>\nComienza su carrera con la productora de conciertos independientes Kani Kanaka donde logra posicionarse como pionero en la producci\u00f3n de festivales en la ciudad de Monterrey y sigue su camino con Visi\u00f3n Once Once, El Navajo y Can\u00edcula, importantes empresas dedicadas al desarrollo de artistas y promotoras de conciertos. Actualmente dirige el departamento de booking y management de Apodaca Group, empresa l\u00edder a nivel internacional creadora de importantes festivales como Pa&#8217;l Norte, Live Out, Tecate Location, entre muchos otros.<br \/>\nTiene inter\u00e9s en m\u00fasica comercial de preferencia enfocado al g\u00e9nero alternativo en todas sus modalidades.<\/p>\n<p><strong>Jos\u00e9 E. Rodriguez &#8211; Per\u00fa<\/strong><br \/>\nFestival Selv\u00e1monos<br \/>\nCofundador del Festival Selv\u00e1monos de Per\u00fa. Desde el sus inicios, en el a\u00f1o 2009, hasta la actualidad es el responsable de la direcci\u00f3n art\u00edstica y el programador de dicho festival, as\u00ed como de sus eventos paralelos: Mar Abierto &#8211; Selv\u00e1monos y Corriente &#8211; encuentro por la m\u00fasica. Fundador del grupo peruano Cumbia All Stars del cual es manager y productor. Miembro Activo de MMF-LATAM (Asociaci\u00f3n Latinoamericana de Managers Musicales). Ha participado en encuentros profesionales alrededor del mundo.<br \/>\nTiene inter\u00e9s en proyectos j\u00f3venes, con propuestas novedosas y arriesgadas.<\/p>\n<p><strong>Nikki Froneman &#8211; Sud\u00e1frica<\/strong><br \/>\nArte Viva Management<br \/>\nDirectora de Arte Viva Management, una agencia boutique de management de artistas en Cape Town, que representa a m\u00e1s de 100 profesionales de artistas perform\u00e1ticas: actores, bailarines, cantantes y m\u00fasicos. As\u00ed como tambi\u00e9n se especializa en el management de giras de artistas internacionales en Sud\u00e1frica y en la internacionalizaci\u00f3n de artistas de dicho pa\u00eds (especialmente de jazz, m\u00fasica africana y world music).<br \/>\nTiene inter\u00e9s en Jazz, world music y proyectos multi-disciplinarios.<\/p>\n<p><strong>Nicol\u00e1s Ambrosio &#8211; Uruguay<\/strong><br \/>\nDoble Cinco Producciones<br \/>\nEs productor y forma parte de Doble Cinco Producciones, una productora enfocada en la industria musical, que produce, entre otros proyectos Cosquin Rock Uruguay y LNG Festival MVD, junto a productoras asociadas y realizan la gesti\u00f3n integral de Sala del Museo con shows nacionales e internacionales.<br \/>\nTiene inter\u00e9s en desarrollar artistas en Uruguay.<\/p>\n<p><strong>No\u00e9 Hern\u00e1ndez &#8211; M\u00e9xico<\/strong><br \/>\nArca Producciones<br \/>\nNo\u00e9 Hern\u00e1ndez inici\u00f3 su trayectoria en la m\u00fasica como amigo de Los Caligaris, all\u00e1 por el 2007 cuando iniciaban su carrera en M\u00e9xico. Su pasi\u00f3n por la m\u00fasica y su larga experiencia en ventas lo llevaron a abrirse puertas en todo el territorio nacional mexicano. en el 2012 conform\u00f3 lo que hoy conocemos como arca producciones.  poco a poco fue teniendo presencia en los festivales m\u00e1s importantes de todo el continente. siendo un incansable estratega a la hora de pensar en el desarrollo de una banda. hoy, adem\u00e1s, est\u00e1 sumando una fuerte presencia en espa\u00f1a y en varios pa\u00edses europeos, abriendo camino a las nuevas generaciones de m\u00fasicos<\/p>\n<hr \/>\n<p><em>La <a href=\"http:\/\/www.buenosaires.gob.ar\/cultura\/buenos-aires-feria-internacional-de-musica-bafim\">Feria Internacional de la M\u00fasica de Buenos Aires<\/a>, organizada por la Direcci\u00f3n General de Desarrollo Cultural y Creativo dependiente del Ministerio de Cultura de la Ciudad, es el encuentro anual que promociona, <strong>conecta y genera v\u00ednculos<\/strong> entre los actores de la industria de la m\u00fasica local e internacional. Tiene como objetivo mostrar la <strong>riqueza y diversidad musical<\/strong> de la Ciudad de Buenos Aires y conectarla con los programadores de festivales y conciertos m\u00e1s destacados de la escena internacional.<\/em><\/p>","protected":false},"excerpt":{"rendered":"<p>La 12va edici\u00f3n de La Feria Internacional de la M\u00fasica de Buenos Aires (BAFIM) se lleva a cabo el martes 26 y mi\u00e9rcoles 27 de 9.30 a 20.00 hs y el jueves 28 de noviembre de 9.30 hs a 22 hs en La Usina del Arte (Agust\u00edn R. Caffarena, 1). BAFIM presenta este a\u00f1o, adem\u00e1s [&hellip;]<\/p>","protected":false},"author":8,"featured_media":0,"comment_status":"open","ping_status":"closed","sticky":false,"template":"","format":"standard","meta":[],"categories":[5],"tags":[],"series":[],"_links":{"self":[{"href":"https:\/\/www.diario5.com.ar\/es\/wp-json\/wp\/v2\/posts\/616767"}],"collection":[{"href":"https:\/\/www.diario5.com.ar\/es\/wp-json\/wp\/v2\/posts"}],"about":[{"href":"https:\/\/www.diario5.com.ar\/es\/wp-json\/wp\/v2\/types\/post"}],"author":[{"embeddable":true,"href":"https:\/\/www.diario5.com.ar\/es\/wp-json\/wp\/v2\/users\/8"}],"replies":[{"embeddable":true,"href":"https:\/\/www.diario5.com.ar\/es\/wp-json\/wp\/v2\/comments?post=616767"}],"version-history":[{"count":0,"href":"https:\/\/www.diario5.com.ar\/es\/wp-json\/wp\/v2\/posts\/616767\/revisions"}],"wp:attachment":[{"href":"https:\/\/www.diario5.com.ar\/es\/wp-json\/wp\/v2\/media?parent=616767"}],"wp:term":[{"taxonomy":"category","embeddable":true,"href":"https:\/\/www.diario5.com.ar\/es\/wp-json\/wp\/v2\/categories?post=616767"},{"taxonomy":"post_tag","embeddable":true,"href":"https:\/\/www.diario5.com.ar\/es\/wp-json\/wp\/v2\/tags?post=616767"},{"taxonomy":"series","embeddable":true,"href":"https:\/\/www.diario5.com.ar\/es\/wp-json\/wp\/v2\/series?post=616767"}],"curies":[{"name":"wp","href":"https:\/\/api.w.org\/{rel}","templated":true}]}}