{"id":616093,"date":"2019-10-10T10:53:07","date_gmt":"2019-10-10T13:53:07","guid":{"rendered":"http:\/\/diario5.com.ar\/?p=616093"},"modified":"2019-10-10T10:55:43","modified_gmt":"2019-10-10T13:55:43","slug":"el-debate","status":"publish","type":"post","link":"https:\/\/www.diario5.com.ar\/es\/el-debate\/","title":{"rendered":"El Debate"},"content":{"rendered":"<h2 class=\"sub-title-primary\"><\/h2> \n<div class=\"wp-block-image\"><figure class=\"alignright is-resized\"><img decoding=\"async\" loading=\"lazy\" src=\"http:\/\/diario5.com.ar\/img\/debate1.jpg\" alt=\"\" width=\"611\" height=\"344\"\/><\/figure><\/div>\n\n\n\n<p>Esta noche ser\u00e1 el debate de candidatos a jefe de Gobierno porte\u00f1o<br \/>El jefe actual, Horacio Rodr\u00edguez Larreta, defender\u00e1 su gesti\u00f3n en la primera contienda obligatoria de ideas impuesta por el C\u00f3digo Electoral, Tres candidatos de la oposici\u00f3n ser\u00e1n de la partida.<\/p>\n\n\n\n<p>El jefe de Gobierno porte\u00f1o, Horacio Rodr\u00edguez Larreta, defender\u00e1 su gesti\u00f3n este jueves, durante el primer debate obligatorio impuesto por el C\u00f3digo Electoral, en el que se presentar\u00e1 junto a tres candidatos de la oposici\u00f3n que competir\u00e1n en las elecciones del 27 de este mes.<\/p>\n\n\n\n<p>Los disertantes ser\u00e1n el jefe de Gobierno, quien va por su reelecci\u00f3n por Juntos por el Cambio; Mat\u00edas Lammens, del Frente de Todos; Mat\u00edas Tombolini, de Consenso Federal y Gabriel Solano, del Frente de Izquierda-Unidad.<\/p>\n\n\n\n<p>Los candidatos expondr\u00e1n sus ideas sobre la Ciudad de Buenos Aires en un intercambio que durar\u00e1 cerca de 90 minutos, transmitido desde las 21 por el Canal de la Ciudad; los ejes tem\u00e1ticos ser\u00e1n autonom\u00eda, justicia y seguridad; educaci\u00f3n, salud, cultura y desarrollo humano; infraestructura y gesti\u00f3n urbana; y vivienda, ambiente y desarrollo productivo.<\/p>\n\n\n\n<p>Los postulantes contar\u00e1n sus ideas durante un minuto y medio sin interrupciones y, a partir de all\u00ed, recibir\u00e1n una pregunta de otro de los participantes.<\/p>","protected":false},"excerpt":{"rendered":"<p>Esta noche ser\u00e1 el debate de candidatos a jefe de Gobierno porte\u00f1oEl jefe actual, Horacio Rodr\u00edguez Larreta, defender\u00e1 su gesti\u00f3n en la primera contienda obligatoria de ideas impuesta por el C\u00f3digo Electoral, Tres candidatos de la oposici\u00f3n ser\u00e1n de la partida. El jefe de Gobierno porte\u00f1o, Horacio Rodr\u00edguez Larreta, defender\u00e1 su gesti\u00f3n este jueves, durante [&hellip;]<\/p>","protected":false},"author":1,"featured_media":0,"comment_status":"open","ping_status":"closed","sticky":false,"template":"","format":"standard","meta":[],"categories":[1],"tags":[],"series":[],"_links":{"self":[{"href":"https:\/\/www.diario5.com.ar\/es\/wp-json\/wp\/v2\/posts\/616093"}],"collection":[{"href":"https:\/\/www.diario5.com.ar\/es\/wp-json\/wp\/v2\/posts"}],"about":[{"href":"https:\/\/www.diario5.com.ar\/es\/wp-json\/wp\/v2\/types\/post"}],"author":[{"embeddable":true,"href":"https:\/\/www.diario5.com.ar\/es\/wp-json\/wp\/v2\/users\/1"}],"replies":[{"embeddable":true,"href":"https:\/\/www.diario5.com.ar\/es\/wp-json\/wp\/v2\/comments?post=616093"}],"version-history":[{"count":2,"href":"https:\/\/www.diario5.com.ar\/es\/wp-json\/wp\/v2\/posts\/616093\/revisions"}],"predecessor-version":[{"id":616097,"href":"https:\/\/www.diario5.com.ar\/es\/wp-json\/wp\/v2\/posts\/616093\/revisions\/616097"}],"wp:attachment":[{"href":"https:\/\/www.diario5.com.ar\/es\/wp-json\/wp\/v2\/media?parent=616093"}],"wp:term":[{"taxonomy":"category","embeddable":true,"href":"https:\/\/www.diario5.com.ar\/es\/wp-json\/wp\/v2\/categories?post=616093"},{"taxonomy":"post_tag","embeddable":true,"href":"https:\/\/www.diario5.com.ar\/es\/wp-json\/wp\/v2\/tags?post=616093"},{"taxonomy":"series","embeddable":true,"href":"https:\/\/www.diario5.com.ar\/es\/wp-json\/wp\/v2\/series?post=616093"}],"curies":[{"name":"wp","href":"https:\/\/api.w.org\/{rel}","templated":true}]}}