{"id":616043,"date":"2019-10-08T23:25:44","date_gmt":"2019-10-09T02:25:44","guid":{"rendered":"http:\/\/diario5.com.ar\/?p=616043"},"modified":"2019-10-09T00:12:55","modified_gmt":"2019-10-09T03:12:55","slug":"especialisimo-concierto-en-la-legislatura","status":"publish","type":"post","link":"https:\/\/www.diario5.com.ar\/es\/especialisimo-concierto-en-la-legislatura\/","title":{"rendered":"Legislatura: Concierto del Ciclo de M\u00fasica Cl\u00e1sica Argentina"},"content":{"rendered":"<h2 class=\"sub-title-primary\"><\/h2> \n<p><\/p>\n\n\n\n<div class=\"wp-block-image\"><figure class=\"alignleft is-resized\"><img decoding=\"async\" loading=\"lazy\" src=\"http:\/\/diario5.com.ar\/wp-content\/uploads\/2019\/10\/buchbinder-calzado_02.jpg\" alt=\"\" class=\"wp-image-616060\" width=\"24\" height=\"20\"\/><\/figure><\/div>\n\n\n\n<div class=\"wp-block-image\"><figure class=\"alignright is-resized\"><img decoding=\"async\" loading=\"lazy\" src=\"http:\/\/diario5.com.ar\/wp-content\/uploads\/2019\/10\/buchbinder-calzado_01.jpg\" alt=\"\" class=\"wp-image-616057\" width=\"609\" height=\"1193\" srcset=\"https:\/\/www.diario5.com.ar\/wp-content\/uploads\/2019\/10\/buchbinder-calzado_01.jpg 290w, https:\/\/www.diario5.com.ar\/wp-content\/uploads\/2019\/10\/buchbinder-calzado_01-153x300.jpg 153w\" sizes=\"(max-width: 609px) 100vw, 609px\" \/><\/figure><\/div>\n\n\n\n<p>Ser\u00e1 este viernes 11 de octubre, con la presentaci\u00f3n del D\u00fao Buchbinder- Calzado Linage, quienes interpretar\u00e1n viol\u00edn y marimba. Ser\u00e1 en Per\u00fa 160, <br \/>a las 18.00. La entrada es libre y gratuita.<\/p>\n\n\n\n<p>Se trata de los encantadores encuentros musicales que se realizan en el Sal\u00f3n Alfons\u00edn de la Legislatura. El D\u00fao est\u00e1 integrado por Elena Buchbinder en viol\u00edn y Marina Calzado Linage Calzado Linage en marimba. El repertorio incluye Cinco piezas para violin y piano Luis Gianneo; las melod\u00edas N\u00ba3 y N\u00ba 5 de la seria De Six Melodies de John Cage, Alof&#8217; Colaf&#8217;quen de Jorge Horst y Quijote en la Puna de Guillo Espel. A su vez realizar\u00e1n el estreno mundial de dos obras de compositores argentinos \u201cLaguna\u201d de Mart\u00edn Liut y \u201cEpicentro\u201d de Mariana Aulicino.<\/p>\n\n\n\n<p>El Mestro Carlos Carmona, guitarrista, compositor y director de orquesta, puso en marcha el Ciclo de M\u00fasica Cl\u00e1sica Argentina hace 14 a\u00f1os para difundir obras de autores argentinos junto al repertorio universal. Desde entonces, son innumerables los talentos de nuestro pa\u00eds que pasaron por el sal\u00f3n al que se nos convoca en esta oportunidad y otros lujosos recintos del impactante palacio legislativo de la Ciudad Aut\u00f3noma.<\/p>","protected":false},"excerpt":{"rendered":"<p>Ser\u00e1 este viernes 11 de octubre, con la presentaci\u00f3n del D\u00fao Buchbinder- Calzado Linage, quienes interpretar\u00e1n viol\u00edn y marimba. Ser\u00e1 en Per\u00fa 160, a las 18.00. La entrada es libre y gratuita. Se trata de los encantadores encuentros musicales que se realizan en el Sal\u00f3n Alfons\u00edn de la Legislatura. El D\u00fao est\u00e1 integrado por Elena [&hellip;]<\/p>","protected":false},"author":1,"featured_media":616060,"comment_status":"open","ping_status":"closed","sticky":false,"template":"","format":"standard","meta":[],"categories":[1],"tags":[],"series":[],"_links":{"self":[{"href":"https:\/\/www.diario5.com.ar\/es\/wp-json\/wp\/v2\/posts\/616043"}],"collection":[{"href":"https:\/\/www.diario5.com.ar\/es\/wp-json\/wp\/v2\/posts"}],"about":[{"href":"https:\/\/www.diario5.com.ar\/es\/wp-json\/wp\/v2\/types\/post"}],"author":[{"embeddable":true,"href":"https:\/\/www.diario5.com.ar\/es\/wp-json\/wp\/v2\/users\/1"}],"replies":[{"embeddable":true,"href":"https:\/\/www.diario5.com.ar\/es\/wp-json\/wp\/v2\/comments?post=616043"}],"version-history":[{"count":14,"href":"https:\/\/www.diario5.com.ar\/es\/wp-json\/wp\/v2\/posts\/616043\/revisions"}],"predecessor-version":[{"id":616066,"href":"https:\/\/www.diario5.com.ar\/es\/wp-json\/wp\/v2\/posts\/616043\/revisions\/616066"}],"wp:featuredmedia":[{"embeddable":true,"href":"https:\/\/www.diario5.com.ar\/es\/wp-json\/wp\/v2\/media\/616060"}],"wp:attachment":[{"href":"https:\/\/www.diario5.com.ar\/es\/wp-json\/wp\/v2\/media?parent=616043"}],"wp:term":[{"taxonomy":"category","embeddable":true,"href":"https:\/\/www.diario5.com.ar\/es\/wp-json\/wp\/v2\/categories?post=616043"},{"taxonomy":"post_tag","embeddable":true,"href":"https:\/\/www.diario5.com.ar\/es\/wp-json\/wp\/v2\/tags?post=616043"},{"taxonomy":"series","embeddable":true,"href":"https:\/\/www.diario5.com.ar\/es\/wp-json\/wp\/v2\/series?post=616043"}],"curies":[{"name":"wp","href":"https:\/\/api.w.org\/{rel}","templated":true}]}}