{"id":615985,"date":"2019-10-03T11:34:03","date_gmt":"2019-10-03T14:34:03","guid":{"rendered":"http:\/\/diario5.com.ar\/?p=615985"},"modified":"2019-10-04T01:12:40","modified_gmt":"2019-10-04T04:12:40","slug":"taxistas-haran-cortes-durante-todo-octubre","status":"publish","type":"post","link":"https:\/\/www.diario5.com.ar\/es\/taxistas-haran-cortes-durante-todo-octubre\/","title":{"rendered":"Taxistas anti Uber har\u00e1n cortes durante todo octubre"},"content":{"rendered":"<h2 class=\"sub-title-primary\"><\/h2> \n<div class=\"wp-block-image\"><figure class=\"alignright is-resized\"><img decoding=\"async\" loading=\"lazy\" src=\"http:\/\/diario5.com.ar\/wp-content\/uploads\/2019\/10\/taxi_vs_uber-700x396.jpg\" alt=\"\" class=\"wp-image-615989\" width=\"610\" height=\"345\" srcset=\"https:\/\/www.diario5.com.ar\/wp-content\/uploads\/2019\/10\/taxi_vs_uber-700x396.jpg 700w, https:\/\/www.diario5.com.ar\/wp-content\/uploads\/2019\/10\/taxi_vs_uber-300x170.jpg 300w, https:\/\/www.diario5.com.ar\/wp-content\/uploads\/2019\/10\/taxi_vs_uber-768x435.jpg 768w, https:\/\/www.diario5.com.ar\/wp-content\/uploads\/2019\/10\/taxi_vs_uber.jpg 1636w\" sizes=\"(max-width: 610px) 100vw, 610px\" \/><figcaption>Escena que se repetir\u00e1 durante todo el mes<\/figcaption><\/figure><\/div>\n\n\n\n<p>Anticipan que los cortes de calles realizados por asambleas de taxistas contra la Aplicaci\u00f3n Uber se repetir\u00e1n durante todo el mes de octubre. Hoy fueron dos horas de inconvenientes en cuatro puentes de acceso a la Capital, cinco cruces de la Av Gral Paz y en Av 9 de Julio y San Juan.<\/p>\n\n\n\n<p><strong>M\u00e1s Noticias<\/strong><\/p>\n\n\n\n<p>El Poder Ejecutivo Nacional present\u00f3 un\nrecurso extraordinario para que la Corte Suprema de Justicia de la Naci\u00f3n\ndetermine si se debe dar por cumplida o no su obligaci\u00f3n de dar informaci\u00f3n\np\u00fablica acerca del acuerdo alcanzado con el FMI. Pide a trav\u00e9s de una\npresentaci\u00f3n del Ministerio de Hacienda, que rechace la acci\u00f3n interpuesta un\ndirigente de una ONG, declarando que el Estado Nacional ha cumplido con el\ndeber de entregar la informaci\u00f3n p\u00fablica\u00bb.<\/p>\n\n\n\n<p>El secretario general de la CTA, Hugo\nYasky, afirm\u00f3 que se necesita \u00abuna central obrera unificada y\nfuerte\u00bb. Confirm\u00f3 que esta tarde se votar\u00e1 por el regreso al seno de la\nCGT, en el marco de un congreso que se reunir\u00e1 en el microestadio de Lan\u00fas.<\/p>\n\n\n\n<p>La compa\u00f1\u00eda Amazon planea construir un\ncentro de datos regional en una zona de libre comercio cercana a Bah\u00eda Blanca. La\ndecisi\u00f3n de Amazon gener\u00f3 satisfacci\u00f3n en el gobierno argentino, que desea\ndiversificar la econom\u00eda en servicios digitales, nanotecnolog\u00eda y aeroespacial.<\/p>\n\n\n\n<p>El padre \u00abPepe\u00bb Di Paola, anticip\u00f3\nque es muy posible que el Papa Francisco venga el a\u00f1o pr\u00f3ximo a la Argentina. Uno\nde los nombres m\u00e1s importantes del sector de \u00abcuras villeros\u00bb, adelant\u00f3\nque la esperada llegada del Pont\u00edfice a la Argentina \u00abva a ser muy\napreciada por la gente en los barrios\u00bb.<\/p>","protected":false},"excerpt":{"rendered":"<p>Anticipan que los cortes de calles realizados por asambleas de taxistas contra la Aplicaci\u00f3n Uber se repetir\u00e1n durante todo el mes de octubre. Hoy fueron dos horas de inconvenientes en cuatro puentes de acceso a la Capital, cinco cruces de la Av Gral Paz y en Av 9 de Julio y San Juan. M\u00e1s Noticias [&hellip;]<\/p>","protected":false},"author":1,"featured_media":615989,"comment_status":"open","ping_status":"closed","sticky":false,"template":"","format":"standard","meta":[],"categories":[1],"tags":[],"series":[],"_links":{"self":[{"href":"https:\/\/www.diario5.com.ar\/es\/wp-json\/wp\/v2\/posts\/615985"}],"collection":[{"href":"https:\/\/www.diario5.com.ar\/es\/wp-json\/wp\/v2\/posts"}],"about":[{"href":"https:\/\/www.diario5.com.ar\/es\/wp-json\/wp\/v2\/types\/post"}],"author":[{"embeddable":true,"href":"https:\/\/www.diario5.com.ar\/es\/wp-json\/wp\/v2\/users\/1"}],"replies":[{"embeddable":true,"href":"https:\/\/www.diario5.com.ar\/es\/wp-json\/wp\/v2\/comments?post=615985"}],"version-history":[{"count":4,"href":"https:\/\/www.diario5.com.ar\/es\/wp-json\/wp\/v2\/posts\/615985\/revisions"}],"predecessor-version":[{"id":615995,"href":"https:\/\/www.diario5.com.ar\/es\/wp-json\/wp\/v2\/posts\/615985\/revisions\/615995"}],"wp:featuredmedia":[{"embeddable":true,"href":"https:\/\/www.diario5.com.ar\/es\/wp-json\/wp\/v2\/media\/615989"}],"wp:attachment":[{"href":"https:\/\/www.diario5.com.ar\/es\/wp-json\/wp\/v2\/media?parent=615985"}],"wp:term":[{"taxonomy":"category","embeddable":true,"href":"https:\/\/www.diario5.com.ar\/es\/wp-json\/wp\/v2\/categories?post=615985"},{"taxonomy":"post_tag","embeddable":true,"href":"https:\/\/www.diario5.com.ar\/es\/wp-json\/wp\/v2\/tags?post=615985"},{"taxonomy":"series","embeddable":true,"href":"https:\/\/www.diario5.com.ar\/es\/wp-json\/wp\/v2\/series?post=615985"}],"curies":[{"name":"wp","href":"https:\/\/api.w.org\/{rel}","templated":true}]}}