{"id":615914,"date":"2019-09-30T13:30:01","date_gmt":"2019-09-30T16:30:01","guid":{"rendered":"http:\/\/diario5.com.ar\/?p=615914"},"modified":"2019-09-30T22:28:59","modified_gmt":"2019-10-01T01:28:59","slug":"llega-una-nueva-edicion-de-ciudad-emergente","status":"publish","type":"post","link":"https:\/\/www.diario5.com.ar\/es\/llega-una-nueva-edicion-de-ciudad-emergente\/","title":{"rendered":"Ciudad Emergente 2019"},"content":{"rendered":"<h2 class=\"sub-title-primary\"><\/h2> <p>El Festival Ciudad Emergente se realizar\u00e1 en Buenos Aires\u00a0del 3 al 6 de octubre. Se trata de la duod\u00e9cima edici\u00f3n, que tendr\u00e1 sede en la Usina del Arte, en\u00a0La Boca<\/p>\n<p>Ciudad Emergente es una programaci\u00f3n\u00a0gratuita que abarcar\u00e1 con sus actividades unos\u00a020 mil m2, ya que se extender\u00e1 a los alrededores de la Usina.<\/p>\n<p>Est\u00e1 involucrados 1100 artistas, que incluyen unas 130 bandas, para ofrecer sus performances en 9 escenarios\u00a0a partir del jueves 3 y hasta el viernes 4 de octubre.<\/p>\n<p>Se programaron m\u00e1s de 450 actividades para que vecinos y turistas puedan vivir Ciudad Emergente durante cuatro d\u00edas en el horario de 18.00 a 22.00.<\/p>\n<p>En ls casos del s\u00e1bado 5 y el domingo 6,\u00a0la programaci\u00f3n se iniciar\u00e1 a las 12 y finalizar\u00e1 a las 22.00 y a las 21.00 respectivamente. No se suspende por lluvia.<\/p>\n<p>todo arranca el jueves 3 a las 18, con la presentaci\u00f3n de Lula Bertoldi, Emmanuel Horvilleur, Dante Spinetta, Jimena Bar\u00f3n, Coti, Mono de Kapanga, Natalie P\u00e9rez, Emme, Bambi, Dak1llah, Walas, Leo Garc\u00eda, Bhavi, Neo Pistea, MYA, Agust\u00edn Casanova, Nicol\u00e1s Sorin, Francisca Valenzuela, Fede Berdullas de SER, Paty Cant\u00fa, Nahuel Pennisi, Andr\u00e9s Gim\u00e9nez, Silvina Moreno y Emanero juntos, por \u00fanica vez.<\/p>\n<p>Habr\u00e1\u00a0m\u00fasica, gastronom\u00eda, danza, visuales, cultura urbana, humor, cine, letras, moda y dise\u00f1o, deportes, \u00a1ven\u00ed a bailar!, bienestar, tecnolog\u00eda, disquer\u00eda y revister\u00eda se suma teatro, una disciplina in\u00e9dita hasta ahora en la programaci\u00f3n. Tampoco faltar\u00e1 la secci\u00f3n para los m\u00e1s chiquitos que, este a\u00f1o, tendr\u00e1 propuestas para chicos y chicas de 0 a 12 a\u00f1os. Adem\u00e1s, el festival que vio despegar a Tan Bi\u00f3nica y Eruca Sativa, brindar\u00e1 una oportunidad \u00fanica para nuevos artistas elegidos a trav\u00e9s de una convocatoria abierta para presentarse en Ciudad Emergente y participar de una experiencia pensada especialmente para impulsar sus carreras.<\/p>\n<p><a href=\"https:\/\/festivales.buenosaires.gob.ar\/2019\/ciudademergente\/es\/home\">Pprogramaci\u00f3n de Ciudad Emergente 2019<\/a><\/p>\n<p>Participar\u00e1n:<\/p>\n<p><em>Miranda!, Jimena Bar\u00f3n, Emmanuel Horvilleur, Dante Spinetta, Lula Bertoldi, Natalie P\u00e9rez, Emme, Agust\u00edn Casanova, Coti, Bambi, Francisca Valenzuela, Mono de Kapanga, Walas, Leo Garc\u00eda, Dak1llah, Mike Amigorena, Conociendo Rusia, Juli\u00e1n Serrano, Bhavi, Neo Pistea, MYA, Nicol\u00e1s Sor\u00edn, Paty Cant\u00fa, Nahuel Pennisi, Andr\u00e9s Gim\u00e9nez, Silvina Moreno, Emanero, Trueno, Mueva Squad, Rip Gang, Kinder Malo, SER, Invade Marte, Enrique Campos, LNG-Leningrado, DDM, Triciclo, Valessa, La teor\u00eda del caos, Louly, LXS FAMILIA + forbato, NAFTA, Meteoros, Somos Nosotros, The Marielenos Walsh Experience, Monovisi\u00f3n, Mariu Serrano, La Maurette, El Zar, Hipn\u00f3tica, Huevo, Babalon, El S\u00edndrome de Peter, Monotoro, Kruproviesa, Crema Rusa, Daluca, Gyobo, Familia de Lobos, Camionero, Medalla Milagrosa, New Indians, Paz, Fabo&amp;Kinara, Barco, Chita, Terapia, Mr Kilombo, Mamita Peyote, Julieta Rada, La Fanfarria del Capit\u00e1n, Victoria Bernardi, Feli Colina, Gara y las Luces de Lubbock, Vane Butera, Co Isla, July Abril, Los Besos, Luc\u00eda Tachetti, Potra, Kokoro, Gio, Cinerama, Ambar, Bruno Albano, Milrayos, Richi Star, Flu Os, Naomi, Uopa Nachi, Rogli, James Gunnar, Suena con Paz, Padawvn, Acci\u00f3n S\u00e1nchez, La Kabronx, Maich, Team D&amp;M, 4 Da Ladies, Kris Alaniz, Milito + Los Raperitos de Ciudad Oculta, Lara91k, COLOR, Tentaci\u00f3n presenta Arquero, F.L.O.W Altas Wachas, Black Magic Sound, Zocine, Far$a x Osti de la Vera, Picnic, Callandrol, FVTVRA presenta Intendente, NASHY-NASHAI + TIAN OJEDA, EL PLVYBXY y Brujjas &amp; Hanna<\/em> copar\u00e1n los diferentes escenarios durante los 4 d\u00edas del Festival. El cierre estar\u00e1 a cargo de Salvapantallas, quienes ofrecer\u00e1n su \u00faltimo show el\u00e9ctrico en Buenos Aires como despedida, el domingo 6 a las 19.45 en el escenario principal.<\/p>\n<p><img decoding=\"async\" loading=\"lazy\" src=\"http:\/\/diario5.com.ar\/wp-content\/uploads\/2019\/09\/ciudad_emergente_credito_festivales_gcba_03.jpg\" alt=\"\" width=\"960\" height=\"640\" \/><\/p>\n<p>Toda <strong>una calle se convertir\u00e1 en escenario<\/strong> para que los diversos estilos de <strong>Cultura Urbana<\/strong> sean protagonistas en esta edici\u00f3n. Habr\u00e1 competencias, batallas, presentaciones y shows de <em>rap, trap, hip hop, freestyle, dj scratching, breaking, twerking, beatboxing en un ring especial<\/em>.<\/p>\n<p>La <strong>gastronom\u00eda<\/strong> es uno de los hitos del Festival y este a\u00f1o crece m\u00e1s que nunca. Adem\u00e1s de una enorme variedad de foodtrucks y un espacio para comer y descansar entre actividad y actividad, habr\u00e1 charlas y clases con los mejores cocineros y foodtubers como <em>El Gordo Cocina, Juliana L\u00f3pez May, Paula M\u00e9ndez Carreras, Monpetitglouton, Emily Lucius, Sof\u00eda Pachano<\/em>, entre otros; y propuestas saludables en un mercado org\u00e1nico. Tambi\u00e9n el sello de <em>Tastemade<\/em> estar\u00e1 presente, sumando a un show de fuegos de <em>LocosxelAsado<\/em> y un encuentro imperdible con un cocinero que fue el m\u00e1s disruptivo, el que se anim\u00f3 a todo y hoy es uno de los m\u00e1s geniales de Argentina: <em>Francis Mallmann<\/em>.<\/p>\n<p>Este a\u00f1o se suma por primera vez una nueva secci\u00f3n de <strong>Teatro<\/strong> con propuestas teatrales y perform\u00e1ticas. De la mano de <em>Microteatro<\/em>, se podr\u00e1 disfrutar de obras de 15 minutos, para 15 personas en 15 metros cuadrados, a trav\u00e9s de una convocatoria exclusiva para el Festival con la tem\u00e1tica <em>\u00abPor las redes sociales\u00bb<\/em>, donde adem\u00e1s una obra es realizada por los alumnos de <em>Creaci\u00f3n teatral<\/em> del taller dictado por Victoria Almeida, perteneciente al programa <em>Arte en Barrios<\/em> del Gobierno de la Ciudad. Habr\u00e1 recorridos itinerantes, acciones sorpresa, actividades que cruzar\u00e1n lo perform\u00e1tico con otras disciplinas y mucho m\u00e1s.<\/p>\n<p><img decoding=\"async\" loading=\"lazy\" src=\"http:\/\/diario5.com.ar\/wp-content\/uploads\/2019\/09\/ciudad_emergente_credito_festivales_gcba_12.jpg\" alt=\"\" width=\"960\" height=\"640\" \/><\/p>\n<p>Como todos los a\u00f1os, la <strong>multidisciplinaria Convocatoria Emergente<\/strong> presentar\u00e1 un grupo de artistas seleccionados que no s\u00f3lo tendr\u00e1n la oportunidad de presentar sus obras y producciones en el Festival sino que adem\u00e1s participar\u00e1n de charlas, actividades y encuentros con referentes del medio especialmente organizadas para ellos. Una oportunidad \u00fanica para formar parte de la programaci\u00f3n y de impulsar y proyectar sus carreras.<\/p>\n<p><a href=\"http:\/\/www.buenosaires.gob.ar\/sites\/gcaba\/files\/programacion_ciudad_emergente.pdf\/\" target=\"_blank\" rel=\"noopener\">La programaci\u00f3n<\/a><\/p>\n<p>La programaci\u00f3n de <strong>Visuales<\/strong> estar\u00e1 compuesta por muestras como el Calendario de Fundaci\u00f3n Hu\u00e9sped por <em>Gaby Herbstein<\/em> y Proyecto LAB por <em>Nora Lezano, Guido Adler y Mart\u00edn Bonetto<\/em>, murales en vivo, mapping por <em>Nico Bernaudo<\/em>, instalaciones, set fotogr\u00e1ficos, experiencias inmersivas y obras de reconocidos artistas que convertir\u00e1n Ciudad Emergente en una verdadera experiencia visual. Adem\u00e1s, jams de dibujo, arte participativo y actividades para animarse a crear con ideas, materiales y color y ser protagonista.<\/p>\n<p>Una nueva generaci\u00f3n de <strong>standaperos<\/strong>, seleccionados en la Convocatoria Emergente, llegan al Festival para morir de risa. Adem\u00e1s, los consagrados como <strong>Hecatombe, Grego Rosello, Los displicentes, Pablo Picotto, Pablo Molinari &amp; Fabricio Ballarini, Angie Sammartino, Ezequiel Campa y Federico Cyrulnik<\/strong>, entre otros, estar\u00e1n presentes con nuevas rutinas, nuevos shows y muchas sorpresas.<\/p>\n<p><img decoding=\"async\" loading=\"lazy\" src=\"http:\/\/diario5.com.ar\/wp-content\/uploads\/2019\/09\/ciudad_emergente_credito_festivales_gcba_11.jpg\" alt=\"\" width=\"960\" height=\"640\" \/><\/p>\n<p><strong>Emergentito<\/strong> ser\u00e1 el sector de fiesta para los m\u00e1s chicos con un mont\u00f3n de juegos, actividades y experiencias que los esperar\u00e1n para experimentar, descubrir y divertirse. Magia, Misterios para descubrir, un pelotero gigante, <strong>iUpiiiii<\/strong> el espacio especial para la primera infancia de 0 a 3 a\u00f1os, talleres musicales, muestras exclusivas, entre otras propuestas.<\/p>\n<p>En almohadones gigantes y a cielo abierto, grandes y chicos podr\u00e1n divertirse con <strong>CinEmergente<\/strong> donde encontrar\u00e1n pel\u00edculas imperdibles como <em>Bohemian Rhapsody, Spider-Man: Un nuevo universo, National Geographic presenta \u201cBios: Vidas que marcaron la tuya\u201d \u2013 Charly Garc\u00eda + Luis Alberto Spinetta + Gustavo Cerati<\/em>, entre otras; con sorpresas antes y despu\u00e9s de cada funci\u00f3n. Adem\u00e1s, actividades gastron\u00f3micas relacionadas a pel\u00edculas para que sentirse dentro de la historia y un torneo imperdible del deporte m\u00e1s amado por los <em>Potter fans: el Quidditch<\/em>.<\/p>\n<p><strong>Emergentech<\/strong> es la secci\u00f3n donde se podr\u00e1 disfrutar de las \u00faltimas tendencias tech: un domo gigante para entrar y disfrutar de una experiencia diferente, realidad virtual, tecnolog\u00edas inmersivas, laberinto laser, realidad aumentada, espacio gaming y mucho m\u00e1s.<\/p>\n<p><img decoding=\"async\" loading=\"lazy\" src=\"http:\/\/diario5.com.ar\/wp-content\/uploads\/2019\/09\/ciudad_emergente_credito_festivales_gcba_07.jpg\" alt=\"\" width=\"960\" height=\"640\" \/><\/p>\n<p>Las <strong>Letras<\/strong> se apoderan del Festival con una gran variedad de actividades para todas las edades. Literatura, escritura y poes\u00eda se fusionan con tecnolog\u00eda y m\u00fasica en una experiencia \u00fanica. Habr\u00e1 performances de reconocidos exponentes del mundo de las letras, una feria de libros de editoriales emergentes y un slam de poes\u00eda.<\/p>\n<p>La <strong>Moda y Dise\u00f1o<\/strong> traer\u00e1 mucha onda y estilo con desfiles impactantes y perform\u00e1ticos. Talleres cancheros para crear dise\u00f1os propios, la cl\u00e1sica pelookeria con maquillaje y nuevos looks, tatuajes y una barber\u00eda. Adem\u00e1s, las mejores marcas de indumentaria emergentes para conocer todo lo que est\u00e1 pasando en el mundo de la moda.<\/p>\n<p>La danza pisa fuerte en esta edici\u00f3n, <strong>\u00a1Ven\u00ed a bailar!<\/strong>. Adem\u00e1s de contar con un espacio de danza con clases permanentes dictadas por los m\u00e1s reconocidos core\u00f3grafos de los estilos que hoy son tendencia, habr\u00e1 diferentes experiencias, performances y flashmobs que har\u00e1n bailar a grandes y chicos. La presentaci\u00f3n del Taller de T\u00e9cnicas de Estilos Combinados de Arte en Barrios y m\u00e1s talleres para todos los gustos.<\/p>\n<p><img decoding=\"async\" loading=\"lazy\" src=\"http:\/\/diario5.com.ar\/wp-content\/uploads\/2019\/09\/ciudad_emergente_credito_festivales_gcba_01.jpg\" alt=\"\" width=\"960\" height=\"640\" \/><\/p>\n<p>En el Festival se podr\u00e1 disfrutar de los <strong>deportes<\/strong> cl\u00e1sicos de siempre y tambi\u00e9n de otros en formatos totalmente innovadores. Ciudad Emergente tendr\u00e1 un espacio exclusivo con actividades participativas y divertidas especialmente dise\u00f1adas para esta edici\u00f3n. Adem\u00e1s, la visita imperdible de los youtubers Los displicentes con una presentaci\u00f3n en el escenario principal.<\/p>\n<p>Buenos Aires es una ciudad verde y el Festival se suma a esa consigna con propuestas de <strong>bienestar y sustentabilidad<\/strong> para fomentar la conciencia ecol\u00f3gica y ambiental. Clases, talleres, experiencias y espacios para vivir un Ciudad Emergente sustentable.<\/p>\n<p>Y dos secciones imperdibles para disfrutar cl\u00e1sicos y conocer novedades. La <strong>revister\u00eda<\/strong>, un espacio imperdible para los fans del c\u00f3mic y las revistas: miles de publicaciones para venir a leer las revistas favoritas o, mejor, descubrir las desconocidas. Y la <strong>disquer\u00eda<\/strong>, un lugar para los sellos independientes y toda la actividad emergente de la industria discogr\u00e1fica. Vinilos y cds de las bandas favoritas; un espacio para escuchar dj sets presentados por diferentes discogr\u00e1ficas y visitar un <em>merch-truck<\/em> con todo el merchandising de las mejores bandas. Como si fuera poco, BeatHey, la primera compa\u00f1\u00eda discogr\u00e1fica para artistas emergentes enfocados en la cultura indie\/Electronica, propone junto a IBDM Radio Galer\u00eda y #RockMyPost un espacio de arte en todas sus expresiones. Live sessions, djs sets, charlas abiertas, revistas, vinilos, performance visual, instalaciones, juegos musicales y cultura joven.<\/p>\n<p>Todas las actividades y los espect\u00e1culos son gratuitos.<\/p>\n<p>La capacidad de las salas es limitada y el ingreso es por orden de llegada.<\/p>\n<p><img decoding=\"async\" loading=\"lazy\" src=\"http:\/\/diario5.com.ar\/wp-content\/uploads\/2019\/09\/ciudad_emergente_credito_festivales_gcba_05.jpg\" alt=\"\" width=\"960\" height=\"640\" \/><\/p>\n<hr \/>\n<h2>C\u00f3mo llegar<\/h2>\n<ul>\n<li><strong>Colectivos<\/strong>:\n<ul>\n<li>Avenida Pedro de Mendoza: 8\/20\/130<\/li>\n<li>Av. Alte Brown: 29\/33\/53\/64\/86\/\/93\/129\/152\/159<\/li>\n<li>Necochea y B. P\u00e9rez Gald\u00f3s: 25\/168<\/li>\n<\/ul>\n<\/li>\n<li><strong>Bici<\/strong>: sistema ecobici y estacionamiento para bicicletas<\/li>\n<\/ul>\n<p><img decoding=\"async\" loading=\"lazy\" src=\"http:\/\/diario5.com.ar\/wp-content\/uploads\/2019\/09\/ciudad_emergente_credito_festivales_gcba_10.jpg\" alt=\"\" width=\"960\" height=\"640\" \/><\/p>","protected":false},"excerpt":{"rendered":"<p>El Festival Ciudad Emergente se realizar\u00e1 en Buenos Aires\u00a0del 3 al 6 de octubre. Se trata de la duod\u00e9cima edici\u00f3n, que tendr\u00e1 sede en la Usina del Arte, en\u00a0La Boca Ciudad Emergente es una programaci\u00f3n\u00a0gratuita que abarcar\u00e1 con sus actividades unos\u00a020 mil m2, ya que se extender\u00e1 a los alrededores de la Usina. Est\u00e1 involucrados [&hellip;]<\/p>","protected":false},"author":8,"featured_media":615915,"comment_status":"open","ping_status":"closed","sticky":false,"template":"","format":"standard","meta":[],"categories":[5],"tags":[],"series":[],"_links":{"self":[{"href":"https:\/\/www.diario5.com.ar\/es\/wp-json\/wp\/v2\/posts\/615914"}],"collection":[{"href":"https:\/\/www.diario5.com.ar\/es\/wp-json\/wp\/v2\/posts"}],"about":[{"href":"https:\/\/www.diario5.com.ar\/es\/wp-json\/wp\/v2\/types\/post"}],"author":[{"embeddable":true,"href":"https:\/\/www.diario5.com.ar\/es\/wp-json\/wp\/v2\/users\/8"}],"replies":[{"embeddable":true,"href":"https:\/\/www.diario5.com.ar\/es\/wp-json\/wp\/v2\/comments?post=615914"}],"version-history":[{"count":1,"href":"https:\/\/www.diario5.com.ar\/es\/wp-json\/wp\/v2\/posts\/615914\/revisions"}],"predecessor-version":[{"id":615933,"href":"https:\/\/www.diario5.com.ar\/es\/wp-json\/wp\/v2\/posts\/615914\/revisions\/615933"}],"wp:featuredmedia":[{"embeddable":true,"href":"https:\/\/www.diario5.com.ar\/es\/wp-json\/wp\/v2\/media\/615915"}],"wp:attachment":[{"href":"https:\/\/www.diario5.com.ar\/es\/wp-json\/wp\/v2\/media?parent=615914"}],"wp:term":[{"taxonomy":"category","embeddable":true,"href":"https:\/\/www.diario5.com.ar\/es\/wp-json\/wp\/v2\/categories?post=615914"},{"taxonomy":"post_tag","embeddable":true,"href":"https:\/\/www.diario5.com.ar\/es\/wp-json\/wp\/v2\/tags?post=615914"},{"taxonomy":"series","embeddable":true,"href":"https:\/\/www.diario5.com.ar\/es\/wp-json\/wp\/v2\/series?post=615914"}],"curies":[{"name":"wp","href":"https:\/\/api.w.org\/{rel}","templated":true}]}}