{"id":615892,"date":"2019-09-27T17:08:42","date_gmt":"2019-09-27T20:08:42","guid":{"rendered":"http:\/\/diario5.com.ar\/?p=615892"},"modified":"2019-09-27T17:08:42","modified_gmt":"2019-09-27T20:08:42","slug":"sigue-la-bienal-arte-joven-buenos-aires","status":"publish","type":"post","link":"https:\/\/www.diario5.com.ar\/es\/sigue-la-bienal-arte-joven-buenos-aires\/","title":{"rendered":"Sigue la Bienal Arte Joven Buenos Aires"},"content":{"rendered":"<h2 class=\"sub-title-primary\"><\/h2> <\/p>\n<p>Desde el mi\u00e9rcoles 25 y hasta el domingo 29 de septiembre contin\u00faa una nueva edici\u00f3n de la <strong>Bienal Arte Joven Buenos Aires<\/strong> organizada por el Ministerio de Cultura de la Ciudad, un encuentro celebratorio entre el p\u00fablico y las nuevas generaciones de artistas que producen el arte del presente. Todas las actividades son <strong>gratuitas<\/strong>.<\/p>\n<blockquote>\n<p><a href=\"https:\/\/bienal.buenosaires.gob.ar\/\" target=\"_blank\">Consult\u00e1 toda la programaci\u00f3n<\/a><\/p>\n<\/blockquote>\n<p>La sede central es el <strong>Centro Cultural Recoleta<\/strong> (Jun\u00edn 1930), por donde circulan todos los d\u00edas centenares de artistas y p\u00fablico interesado en conocer sus producciones. A la intensa programaci\u00f3n de <strong>m\u00fasica, teatro, danza, performance, cine, literatura y muestras visuales<\/strong> de los artistas seleccionados en La Bienal, se suman en cada jornada <strong>artistas invitados, grandes recitales de cierre y actividades especiales<\/strong>.<\/p>\n<p><img decoding=\"async\" loading=\"lazy\" src=\"http:\/\/diario5.com.ar\/wp-content\/uploads\/2019\/09\/recital_-_territorio_bienal_-_la_delio_valdez_2.jpg\" width=\"960\" height=\"641\" alt=\"\"\/><\/p>\n<p>En esta edici\u00f3n, adem\u00e1s, La Bienal sali\u00f3 a la calle el mi\u00e9rcoles y jueves con <strong>Territorio Bienal<\/strong>, un ciclo de m\u00e1s de <em>50 actividades<\/em> art\u00edsticas y festivas que involucraron a <em>430 artistas<\/em>. La Bienal comenz\u00f3 con una <strong>gran fiesta multidisciplinaria<\/strong> con recitales, obras de teatro, danza y performance, instalaciones e intervenciones art\u00edsticas, ferias de publicaciones y arte impreso, paseo gastron\u00f3mico, clases de baile, bandas ac\u00fasticas, lecturas y dj sets. Adem\u00e1s, en la sala Cronopios, junto a otras 10 muestras de artes visuales, se inaugur\u00f3  <em>La Civilizaci\u00f3n perdida<\/em> de Edgardo Gim\u00e9nez, Geraldine Schwindt y Gabriel Chaile. <\/p>\n<p><img decoding=\"async\" loading=\"lazy\" src=\"http:\/\/diario5.com.ar\/wp-content\/uploads\/2019\/09\/recital_-_lanzamiento_-_1915.jpg\" width=\"960\" height=\"640\" alt=\"\"\/><\/p>\n<hr \/>\n<h2>Lo m\u00e1s destacado del arte joven de La Bienal<\/h2>\n<p>En esta edici\u00f3n se estrenan <strong>18 nuevas creaciones de diferentes disciplinas<\/strong> que recibieron acompa\u00f1amiento, financiamiento y tutor\u00edas de La Bienal. Se trata de cuatro muestras individuales de artistas visuales, tres lanzamientos musicales, tres pel\u00edculas, cinco obras esc\u00e9nicas y tres novelas.<\/p>\n<p>Adem\u00e1s, durante esos cinco d\u00edas, artistas j\u00f3venes exhiben sus obras en El Recoleta y podr\u00e1n acceder a becas de formaci\u00f3n en Argentina y el exterior: 25 artistas visuales muestran sus trabajos en la muestra colectiva <em>Espacio entre<\/em>, curada por Tain\u00e1 Azeredo; 15 directores audiovisuales presentan cortometrajes en tres programas diferentes en el Cine; 14 bandas brindan shows en la Terraza; 15 directores esc\u00e9nicos realizan cuarenta funciones de obras de teatro, danza y performance en las salas Villa Villa y Capilla; y se presentan las antolog\u00edas de cuento Divino Tesoro (Mar Dulce) y de poes\u00eda Les poetas (Gog&#038;Magog) que compilan los textos de 30 escritores que, durante toda La Bienal, ofrecen lecturas en el Patio de los Naranjos junto a m\u00fasicos invitados.<\/p>\n<p><img decoding=\"async\" loading=\"lazy\" src=\"http:\/\/diario5.com.ar\/wp-content\/uploads\/2019\/09\/recital_-_territorio_bienal_-_la_delio_valdez_1_1.jpg\" width=\"960\" height=\"640\" alt=\"\"\/><\/p>\n<hr \/>\n<h2>Estrenos, lanzamientos e inauguraciones<\/h2>\n<p>Se estrenaron las <strong>obras esc\u00e9nicas<\/strong> producidas con financiamiento y acompa\u00f1amiento de la Bienal, que tienen cuatro funciones entre el 25 y 29 de septiembre en teatros independientes de la Ciudad. Las cinco nuevas creaciones son: Corina Wilson. \u00c9xtasis y Demonios del grupo Corina Wilson en Espacio Callej\u00f3n; Keros\u00e9n de Cristian Cabrera en Teatro Beckett; Adi\u00f3s pat??a? (un ensayo sobre el recuerdo o la despedida) de Tiziano Cruz en Teatro El Extranjero; Hijas (sobre la obra originaria Hijas de Leticia Coronel y Lourdes Hijano Sol) de Leticia Coronel y Federico Pereyra en Abasto Social Club; Las Leguizamo. Epopeya Selv\u00e1tico-Literaria de Micaela Racciatti, Dario Pianelli y Joel Gonz\u00e1lez Roch en Teatro Picadero.<\/p>\n<blockquote>\n<p>Todas las actividades son gratuitas.<\/p>\n<\/blockquote>\n<p><img decoding=\"async\" loading=\"lazy\" src=\"http:\/\/diario5.com.ar\/wp-content\/uploads\/2019\/09\/muestra_visual_-_inauguracion_-_llevame_a_conocer_el_oceano_0.jpg\" width=\"960\" height=\"640\" alt=\"\"\/><\/p>\n<p>En las salas C y J de El Recoleta se inauguraron las muestras individuales de los <strong>artistas visuales<\/strong>: Nueve Anillos, de Erik Arazi; <em>Llevame<\/em> a conocer el oc\u00e9ano de Micaela Pi\u00f1ero; <em>Pintor<\/em> de Sasha Minovich; y <em>C14<\/em> de El Bondi Colectivo. En simult\u00e1neo, inaugura <em>Espacio entre<\/em>, la muestra colectiva que re\u00fane a 25 artistas, curada por Tain\u00e1 Azeredo en las salas 3, 4 y 5; y la muestra invitada: <em>La civilizaci\u00f3n perdida<\/em> de Edgardo Gim\u00e9nez, Geraldine Schwindt y Gabriel Chaile con curadur\u00eda de Laura Spivak en la Sala Cronopios. Adem\u00e1s, se inaugurar\u00e1n las muestras <em>FINA UBA<\/em>, Festival Internacional del afiche de la Universidad de Buenos Aires,  con la participaci\u00f3n de Leandro Ibarra, Mart\u00edn Gorricho, \u00abEl fantasma de Heredia\u00bb, Gabriel Mahia, Juan Francisco Miranda, Santiago Pozzi, Nicolas Risso y Coco Cerella y la curadur\u00eda de Pablo Salomone en sala L; Mele Misterio, exhibici\u00f3n de Mele Bruniard curada por Juli\u00e1n Manzelli y Laura Spivak en sala 7; y  Stoppani &#038; Legavre, de Juan Stoppani y Jean Yves Legavre, tambi\u00e9n con curadur\u00eda de Manzelli y Spivak en sala 8.<\/p>\n<p>En <strong>literatura<\/strong>, el viernes 27 se presentan las antolog\u00edas Les Poetas (Gog&#038;Magog) y Divino Tesoro (Mardulce). El s\u00e1bado 28 ser\u00e1 el momento de las novelas Esto que Me Pasa (Editorial Notanpuan), de Fremdina Bianco; Chau, Chau, Chau (Editorial Conejos), de Florencia G\u00f3mez Garc\u00eda;  y Bajo Lluvia, Rel\u00e1mpago o Trueno (Editorial Entrop\u00eda), de Ferm\u00edn Acosta. Todas estas presentaciones tendr\u00e1n lugar en el Patio de los Naranjos de El Recoleta.<\/p>\n<p>Todas las actividades son gratuitas, sujetas a disponibilidad del espacio. Las entradas de los espect\u00e1culos de esc\u00e9nicas son gratis, pero con reserva previa.<\/p>\n<p><img decoding=\"async\" loading=\"lazy\" src=\"http:\/\/diario5.com.ar\/wp-content\/uploads\/2019\/09\/fachada_4_0.jpg\" width=\"960\" height=\"640\" alt=\"\"\/><\/p>","protected":false},"excerpt":{"rendered":"<p>Desde el mi\u00e9rcoles 25 y hasta el domingo 29 de septiembre contin\u00faa una nueva edici\u00f3n de la Bienal Arte Joven Buenos Aires organizada por el Ministerio de Cultura de la Ciudad, un encuentro celebratorio entre el p\u00fablico y las nuevas generaciones de artistas que producen el arte del presente. Todas las actividades son gratuitas. Consult\u00e1 [&hellip;]<\/p>","protected":false},"author":8,"featured_media":615893,"comment_status":"open","ping_status":"closed","sticky":false,"template":"","format":"standard","meta":[],"categories":[5],"tags":[],"series":[],"_links":{"self":[{"href":"https:\/\/www.diario5.com.ar\/es\/wp-json\/wp\/v2\/posts\/615892"}],"collection":[{"href":"https:\/\/www.diario5.com.ar\/es\/wp-json\/wp\/v2\/posts"}],"about":[{"href":"https:\/\/www.diario5.com.ar\/es\/wp-json\/wp\/v2\/types\/post"}],"author":[{"embeddable":true,"href":"https:\/\/www.diario5.com.ar\/es\/wp-json\/wp\/v2\/users\/8"}],"replies":[{"embeddable":true,"href":"https:\/\/www.diario5.com.ar\/es\/wp-json\/wp\/v2\/comments?post=615892"}],"version-history":[{"count":0,"href":"https:\/\/www.diario5.com.ar\/es\/wp-json\/wp\/v2\/posts\/615892\/revisions"}],"wp:featuredmedia":[{"embeddable":true,"href":"https:\/\/www.diario5.com.ar\/es\/wp-json\/wp\/v2\/media\/615893"}],"wp:attachment":[{"href":"https:\/\/www.diario5.com.ar\/es\/wp-json\/wp\/v2\/media?parent=615892"}],"wp:term":[{"taxonomy":"category","embeddable":true,"href":"https:\/\/www.diario5.com.ar\/es\/wp-json\/wp\/v2\/categories?post=615892"},{"taxonomy":"post_tag","embeddable":true,"href":"https:\/\/www.diario5.com.ar\/es\/wp-json\/wp\/v2\/tags?post=615892"},{"taxonomy":"series","embeddable":true,"href":"https:\/\/www.diario5.com.ar\/es\/wp-json\/wp\/v2\/series?post=615892"}],"curies":[{"name":"wp","href":"https:\/\/api.w.org\/{rel}","templated":true}]}}