{"id":615884,"date":"2019-09-26T17:35:59","date_gmt":"2019-09-26T20:35:59","guid":{"rendered":"http:\/\/diario5.com.ar\/?p=615884"},"modified":"2019-09-26T17:35:59","modified_gmt":"2019-09-26T20:35:59","slug":"dulce-contraluz-un-homenaje-a-luis-a-spinetta-en-villa-urquiza","status":"publish","type":"post","link":"https:\/\/www.diario5.com.ar\/es\/dulce-contraluz-un-homenaje-a-luis-a-spinetta-en-villa-urquiza\/","title":{"rendered":"\u00abDulce contraluz\u00bb: un homenaje a Luis A. Spinetta en Villa Urquiza"},"content":{"rendered":"<h2 class=\"sub-title-primary\"><\/h2> <p>Luis Alberto Spinetta fue un vecino muy comprometido con Villa Urquiza, su barrio. Lo adopt\u00f3 en 1989 hasta su muerte, el 12 de febrero de 2012 y siempre se lo reconoci\u00f3 y todav\u00eda se lo recuerda por su solidaridad.<\/p>\n<p>Colaboraba con un instituto para la recuperaci\u00f3n de enfermos mentales que estaba ubicado frente a su casa, en la calle Iber\u00e1 al 5000. Los que lo conocieron cuentan que era muy frecuente que alguien le tocara el timbre pidiendo ayuda. Y que El Flaco siempre ten\u00eda un plato de comida para dar. Adem\u00e1s, fue uno de los impulsores de la recuperaci\u00f3n del Cine Teatro 25 de Mayo, en la avenida Triunvirato al 4400.<\/p>\n<p>Justamente el CC 25 de Mayo ser\u00e1 sede del ciclo de cine tem\u00e1tico <strong>Dulce Contraluz<\/strong>, homenaje de la Ciudad a uno de sus m\u00fasicos m\u00e1s influyentes y representativos. Durante octubre todos los mi\u00e9rcoles se proyectar\u00e1n pel\u00edculas y videos que lo tuvieron como protagonista.<\/p>\n<blockquote>\n<p>La entrada a las funciones es gratuita hasta agotar la capacidad de la sala<\/p>\n<\/blockquote>\n<p><img decoding=\"async\" loading=\"lazy\" src=\"http:\/\/diario5.com.ar\/wp-content\/uploads\/2019\/09\/spinetta_6.jpg\" width=\"1772\" height=\"1115\" alt=\" un homenaje a Luis A. Spinetta en Villa Urquiza\" title=\"GCBA\"\/><\/p>\n<p>El programa incluye shows en vivo, desde Pescado Rabioso, hasta Las Bandas Eternas, pasando por los Socios del Desierto, pel\u00edculas en las que Luis particip\u00f3 como protagonista y tambi\u00e9n como autor de la m\u00fasica y una mesa redonda con una charla sobre su vuelo creativo.<\/p>\n<p>La producci\u00f3n de <strong>Dulce contraluz<\/strong> corresponde a La Nave de los Sue\u00f1os junto al CC25.<\/p>\n<p><img decoding=\"async\" loading=\"lazy\" src=\"http:\/\/diario5.com.ar\/wp-content\/uploads\/2019\/09\/spinetta_2_1.jpg\" width=\"1772\" height=\"1121\" alt=\" un homenaje a Luis A. Spinetta en Villa Urquiza\" title=\"GCBA\"\/><\/p>\n<h3>Programaci\u00f3n<\/h3>\n<ul>\n<li>\n<p>Mi\u00e9rcoles 2\/10, a las 21:30. <strong>SPINETTA, el video<\/strong> de Pablo Perel\u00bb (Argentina, 1986).<\/p>\n<\/li>\n<li>\n<p>Mi\u00e9rcoles 9\/10, a las 21:30. <strong>Balada para un Kaiser Carabela<\/strong> de Fernando Spiner (1987).<\/p>\n<\/li>\n<li>\n<p>Mi\u00e9rcoles 9\/10, a las 21. <strong>San Crist\u00f3foro<\/strong> (1998) \/ Show en vivo Spinetta y los Socios del Desierto.<\/p>\n<\/li>\n<li>\n<p>Mi\u00e9rcoles 16\/10, a las 19. Actividad: Mesa. Spinetta y su vuelo creativo.<\/p>\n<\/li>\n<li>\n<p>Mi\u00e9rcoles 16\/10, a las 21. <strong>Fuego gris<\/strong> de Pablo C\u00e9sar (Argentina, 1994).<\/p>\n<\/li>\n<li>\n<p>Mi\u00e9rcoles 23\/10, a las 21. <strong>Pescado Rabioso, una utop\u00eda incurable<\/strong> de Lidia Milani (2012).<\/p>\n<\/li>\n<li>\n<p>Mi\u00e9rcoles 30\/10, a las 19. <strong>Spinetta y las bandas eternas<\/strong> (2010) \/ Show en vivo.<\/p>\n<\/li>\n<\/ul>","protected":false},"excerpt":{"rendered":"<p>Luis Alberto Spinetta fue un vecino muy comprometido con Villa Urquiza, su barrio. Lo adopt\u00f3 en 1989 hasta su muerte, el 12 de febrero de 2012 y siempre se lo reconoci\u00f3 y todav\u00eda se lo recuerda por su solidaridad. Colaboraba con un instituto para la recuperaci\u00f3n de enfermos mentales que estaba ubicado frente a su [&hellip;]<\/p>","protected":false},"author":8,"featured_media":615885,"comment_status":"open","ping_status":"closed","sticky":false,"template":"","format":"standard","meta":[],"categories":[5],"tags":[],"series":[],"_links":{"self":[{"href":"https:\/\/www.diario5.com.ar\/es\/wp-json\/wp\/v2\/posts\/615884"}],"collection":[{"href":"https:\/\/www.diario5.com.ar\/es\/wp-json\/wp\/v2\/posts"}],"about":[{"href":"https:\/\/www.diario5.com.ar\/es\/wp-json\/wp\/v2\/types\/post"}],"author":[{"embeddable":true,"href":"https:\/\/www.diario5.com.ar\/es\/wp-json\/wp\/v2\/users\/8"}],"replies":[{"embeddable":true,"href":"https:\/\/www.diario5.com.ar\/es\/wp-json\/wp\/v2\/comments?post=615884"}],"version-history":[{"count":0,"href":"https:\/\/www.diario5.com.ar\/es\/wp-json\/wp\/v2\/posts\/615884\/revisions"}],"wp:featuredmedia":[{"embeddable":true,"href":"https:\/\/www.diario5.com.ar\/es\/wp-json\/wp\/v2\/media\/615885"}],"wp:attachment":[{"href":"https:\/\/www.diario5.com.ar\/es\/wp-json\/wp\/v2\/media?parent=615884"}],"wp:term":[{"taxonomy":"category","embeddable":true,"href":"https:\/\/www.diario5.com.ar\/es\/wp-json\/wp\/v2\/categories?post=615884"},{"taxonomy":"post_tag","embeddable":true,"href":"https:\/\/www.diario5.com.ar\/es\/wp-json\/wp\/v2\/tags?post=615884"},{"taxonomy":"series","embeddable":true,"href":"https:\/\/www.diario5.com.ar\/es\/wp-json\/wp\/v2\/series?post=615884"}],"curies":[{"name":"wp","href":"https:\/\/api.w.org\/{rel}","templated":true}]}}