{"id":615845,"date":"2019-09-25T16:45:35","date_gmt":"2019-09-25T19:45:35","guid":{"rendered":"http:\/\/diario5.com.ar\/?p=615845"},"modified":"2019-09-25T23:17:37","modified_gmt":"2019-09-26T02:17:37","slug":"arranca-el-festival-internacional-de-literatura-de-buenos-aires","status":"publish","type":"post","link":"https:\/\/www.diario5.com.ar\/es\/arranca-el-festival-internacional-de-literatura-de-buenos-aires\/","title":{"rendered":"Festival de Literatura"},"content":{"rendered":"<h2 class=\"sub-title-primary\"><\/h2> <p><img decoding=\"async\" loading=\"lazy\" class=\"alignright\" src=\"http:\/\/diario5.com.ar\/wp-content\/uploads\/2019\/09\/unnamed_-_2019-09-25t141108.jpg\" alt=\"\" width=\"609\" height=\"416\" \/><\/p>\n<p>Desde hoy y hasta el viernes 29 de septiembre, a la Bienal de Arte Joven y al sinn\u00famero de ofertas culturales porte\u00f1as, se suma el\u00a0<strong>Festival Internacional de Literatura de Buenos Aires<\/strong>, (<strong>FILBA).<\/strong><\/p>\n<p><strong>El FILBA es ap<\/strong>oyado por\u00a0el programa <strong>Mecenazgo\u00a0<\/strong>de la Ciudad que subsidia proyectos art\u00edsticos y culturales\u00a0 y re\u00fane\u00a0diversas actividades gratuitas que giran en torno a los libros.<\/p>\n<p>Con el esp\u00edritu de la mism\u00edsima Feria del Libro, acerca a autores y lectores, cpmplementando actividades de inter\u00e9s general. En esta edici\u00f3n habr\u00e1 premios y ubicaciones exclusivas en distintas actividades para los j\u00f3venes que tienen el beneficio del <strong>Pase Cultural<\/strong>.<\/p>\n<p><a href=\"https:\/\/disfrutemosba.buenosaires.gob.ar\/evento\/filba-internacional\/2831\/\" target=\"_blank\" rel=\"noopener\"><strong>La programaci\u00f3n<\/strong><\/a><\/p>\n<p>De tal modo, los estudiantes podr\u00e1n participar de una microconferencia de la cantante <strong>Julieta Venegas<\/strong>, asistir a una charla abierta entre el fil\u00f3sofo <strong>Dar\u00edo Sztajnszrajber<\/strong> y la psic\u00f3loga <strong>Alexandra Kohan<\/strong>, presenciar una conferencia del director del Teatro Nacional Cervantes, <strong>Alejandro Tantanian<\/strong>, recibir un ejemplar del libro Corriente Alterna, entrevistar a uno de sus autores, <strong>Federico Falco<\/strong>, o participar del cruce epistolar entre la escritora <strong>In\u00e9s Acevedo<\/strong> y la artista <strong>Flavia Da Rin<\/strong>.<\/p>\n<p>Ser\u00e1 una oportunidad \u00fanica para sumarse a un prestigioso festival internacional desde un lugar privilegiado. En todos los casos, las actividades son gratuitas, los cupos son limitados y requieren inscripci\u00f3n previa.<\/p>\n<p>El <em>Pase Cultural<\/em> sigue creciendo y cada vez m\u00e1s j\u00f3venes tienen y utilizan esta nueva herramienta que les permite acceder a una gran variedad de propuestas culturales. Actualmente cuenta con unos <strong>diez mil beneficiarios<\/strong>, incluye un monto de dos mil pesos semestrales para utilizar en espect\u00e1culos y comercios adheridos y permite acceder a sorteos por entradas gratuitas para eventos especiales, como Buenos Aires Trap, el Lollapalooza o Cirque du Soleil.<\/p>\n<p>El Pase Cultural tiene su espacio en el FILBA, con importantes beneficios.<\/p>\n<p>Al respecto, el ministro de cultura de la Ciudad de Buenos Aires, Enrique Avogadro, afirm\u00f3 que \u201ceste programa se puede dar en una Ciudad donde la cultura es protagonista en la vida de las personas. Es una pol\u00edtica que llevamos adelante con el compromiso del Jefe de Gobierno y todo el equipo para los alumnos y para que la cultura de Buenos Aires est\u00e9 cada vez m\u00e1s presente en la vida de las personas\u201d.<\/p>\n<p><img decoding=\"async\" loading=\"lazy\" src=\"http:\/\/diario5.com.ar\/wp-content\/uploads\/2019\/09\/unnamed_-_2019-09-25t140726.jpg\" alt=\"\" width=\"740\" height=\"493\" \/><\/p>\n<hr \/>\n<h2>Microconferencia: Ser biling\u00fce, Lectura + M\u00fasica<\/h2>\n<p>El domingo 29 de septiembre se llevar\u00e1 a cabo la Microconferencia <em>Ser Biling\u00fce, lectura + m\u00fasica<\/em> de la cantante mexicana <strong>Julieta Venegas<\/strong>. Entre la poes\u00eda y la m\u00fasica. Leer, escribir y cantar son tres terrenos que se transitan con un mismo equipaje: las palabras. Julieta har\u00e1 un recorrido musical y le\u00eddo, donde difuminar\u00e1 los l\u00edmites entre lenguajes y pondr\u00e1 en escena su ser biling\u00fce.<\/p>\n<ul>\n<li>Con inscripci\u00f3n previa.<\/li>\n<li><strong>D\u00f3nde<\/strong>: Santos 4040 (Santos Dumont 4040, Chacarita. CABA)<\/li>\n<li><strong>Cu\u00e1ndo<\/strong>: Domingo 29 de septiembre a las 18.<\/li>\n<\/ul>\n<blockquote><p><a href=\"https:\/\/docs.google.com\/forms\/d\/e\/1FAIpQLSfSMFGa2ZyGy6ZsXsunv7-KfgNrtXddy1_YhpGDFK9Jbbeb2g\/viewform\">Formulario de inscripci\u00f3n<\/a><\/p><\/blockquote>\n<p><img decoding=\"async\" loading=\"lazy\" src=\"http:\/\/diario5.com.ar\/wp-content\/uploads\/2019\/09\/venegas.jpg\" alt=\"\" width=\"740\" height=\"502\" \/><\/p>\n<hr \/>\n<h2>Panel \u201cPensar el l\u00edmite\u201d<\/h2>\n<p>El domingo 29 de septiembre se llevar\u00e1 a cabo la charla <em>Pensar el l\u00edmite<\/em>, con el fil\u00f3sofo <strong>Dar\u00edo Sztajnszrajber<\/strong> y la psic\u00f3loga <strong>Alexandra Kohan<\/strong>. Modera Franco Torchia. Para algunos, el l\u00edmite nos constituye. Para otros, directamente lo habitamos. Divide entre lo que somos y lo que no somos, entre los que somos y lo que podemos ser. Llevar al l\u00edmite nuestras condiciones de existencia nos permite abrir una puerta, que tal vez atravesemos no s\u00f3lo  con la raz\u00f3n, \u00bfes ah\u00ed cuando aparece el arte? Dos intelectuales hilvanan ideas sobre el tema que Filba eligi\u00f3 para pensar su edici\u00f3n 2019.<\/p>\n<ul>\n<li>Con inscripci\u00f3n previa.<\/li>\n<li><strong>D\u00f3nde<\/strong>: Santos 4040 (Santos Dumont 4040, Chacarita. CABA)<\/li>\n<li><strong>Cu\u00e1ndo<\/strong>: Domingo 29 de septiembre a las 16.30<\/li>\n<\/ul>\n<blockquote><p><a href=\"https:\/\/docs.google.com\/forms\/d\/e\/1FAIpQLSeHcUkVJVdlnzZd-J7CAFiF0sdKW7OuBOF0_s-L7WAIOcLR2A\/viewform\">Formulario de inscripci\u00f3n<\/a><\/p><\/blockquote>\n<h2>\u201cSer biling\u00fce: entre el cuerpo y el texto\u201d<\/h2>\n<p>El domingo 29 de septiembre se llevar\u00e1 a cabo la microconferencia <em>Ser Biling\u00fce: entre el cuerpo y el texto<\/em> con <strong>Alejandro Tantanian<\/strong>, Director General y Art\u00edstico del Teatro Nacional Cervantes (TNA).<\/p>\n<p>Sobre la charla: encarnar las palabras, llevar el texto al cuerpo, escribir pensando en la voz es una forma de concebir la escritura desde otra posibilidad de expresi\u00f3n. El dramaturgo, actor y director teatral Alejandro Tantanian hace uso de la palabra y pone el cuerpo en esta microconferencia que habla de escribir y de actuar como una forma de estar en el mundo.<\/p>\n<ul>\n<li><strong>D\u00f3nde<\/strong>: Teatro del Perro (Bonpland 800, Chacarita. CABA)<\/li>\n<li><strong>Cu\u00e1ndo<\/strong>: Domingo 29 de septiembre a las 17.<\/li>\n<\/ul>\n<blockquote><p><a href=\"https:\/\/docs.google.com\/forms\/d\/e\/1FAIpQLSckYPWkNk1GhhjKaXjlgtzbKtkWVepS7fBiCum1qMuxcPNc9Q\/viewform\">Formulario de inscripci\u00f3n<\/a><\/p><\/blockquote>\n<p><img decoding=\"async\" loading=\"lazy\" src=\"http:\/\/diario5.com.ar\/wp-content\/uploads\/2019\/09\/unnamed_-_2019-09-25t140912.jpg\" alt=\"\" width=\"740\" height=\"740\" \/><\/p>\n<hr \/>\n<h2>Corriente alterna<\/h2>\n<p>El Pase Cultural invita a sus beneficiarios a participar de un sorteo \u00fanico y exclusivo: anotarse para tener un ejemplar del libro <em>Corriente Alterna<\/em> y participar de la <em>entrevista p\u00fablica<\/em> a uno de los autores <strong>Federico Falco<\/strong>, el s\u00e1bado 28 de septiembre, junto a otros j\u00f3venes de escuelas secundarias.<\/p>\n<blockquote><p>La Fundaci\u00f3n Filba edit\u00f3 el libro y lo distribuy\u00f3 en 10 escuelas secundarias de Buenos Aires.<\/p><\/blockquote>\n<p>La edici\u00f3n incluye cuentos de autores argentinos consagrados: Eugenia Almeida, Rosario Bl\u00e9fari, Gabriela Cabez\u00f3n C\u00e1mara, Jorge Consiglio, Mariana Enriquez, Federico Falco, In\u00e9s Garland, Iosi Havilio, Pedro Mairal y Eduardo Sacheri.<\/p>\n<p>El libro se retira por las oficinas del Pase Cultural en el microcentro porte\u00f1o.<\/p>\n<ul>\n<li><strong>D\u00f3nde<\/strong>: MALBA (Av. Figueroa Alcorta 3415).<\/li>\n<li><strong>Cu\u00e1ndo<\/strong>: s\u00e1bado 28 de septiembre a las 15.<\/li>\n<\/ul>\n<blockquote><p><a href=\"https:\/\/docs.google.com\/forms\/d\/e\/1FAIpQLSf2hMGtdKMunyBgYVRC_qXlXL82Z56d4KGSQIk7d5e0dulsHA\/viewform\">Formulario de inscripci\u00f3n<\/a><\/p><\/blockquote>\n<p><img decoding=\"async\" loading=\"lazy\" src=\"http:\/\/diario5.com.ar\/wp-content\/uploads\/2019\/09\/unnamed_-_2019-09-25t140831.jpg\" alt=\"\" width=\"740\" height=\"494\" \/><\/p>","protected":false},"excerpt":{"rendered":"<p>Desde hoy y hasta el viernes 29 de septiembre, a la Bienal de Arte Joven y al sinn\u00famero de ofertas culturales porte\u00f1as, se suma el\u00a0Festival Internacional de Literatura de Buenos Aires, (FILBA). El FILBA es apoyado por\u00a0el programa Mecenazgo\u00a0de la Ciudad que subsidia proyectos art\u00edsticos y culturales\u00a0 y re\u00fane\u00a0diversas actividades gratuitas que giran en torno [&hellip;]<\/p>","protected":false},"author":8,"featured_media":615846,"comment_status":"open","ping_status":"closed","sticky":false,"template":"","format":"standard","meta":[],"categories":[5],"tags":[],"series":[],"_links":{"self":[{"href":"https:\/\/www.diario5.com.ar\/es\/wp-json\/wp\/v2\/posts\/615845"}],"collection":[{"href":"https:\/\/www.diario5.com.ar\/es\/wp-json\/wp\/v2\/posts"}],"about":[{"href":"https:\/\/www.diario5.com.ar\/es\/wp-json\/wp\/v2\/types\/post"}],"author":[{"embeddable":true,"href":"https:\/\/www.diario5.com.ar\/es\/wp-json\/wp\/v2\/users\/8"}],"replies":[{"embeddable":true,"href":"https:\/\/www.diario5.com.ar\/es\/wp-json\/wp\/v2\/comments?post=615845"}],"version-history":[{"count":2,"href":"https:\/\/www.diario5.com.ar\/es\/wp-json\/wp\/v2\/posts\/615845\/revisions"}],"predecessor-version":[{"id":615868,"href":"https:\/\/www.diario5.com.ar\/es\/wp-json\/wp\/v2\/posts\/615845\/revisions\/615868"}],"wp:featuredmedia":[{"embeddable":true,"href":"https:\/\/www.diario5.com.ar\/es\/wp-json\/wp\/v2\/media\/615846"}],"wp:attachment":[{"href":"https:\/\/www.diario5.com.ar\/es\/wp-json\/wp\/v2\/media?parent=615845"}],"wp:term":[{"taxonomy":"category","embeddable":true,"href":"https:\/\/www.diario5.com.ar\/es\/wp-json\/wp\/v2\/categories?post=615845"},{"taxonomy":"post_tag","embeddable":true,"href":"https:\/\/www.diario5.com.ar\/es\/wp-json\/wp\/v2\/tags?post=615845"},{"taxonomy":"series","embeddable":true,"href":"https:\/\/www.diario5.com.ar\/es\/wp-json\/wp\/v2\/series?post=615845"}],"curies":[{"name":"wp","href":"https:\/\/api.w.org\/{rel}","templated":true}]}}