{"id":615839,"date":"2019-09-25T12:03:30","date_gmt":"2019-09-25T15:03:30","guid":{"rendered":"http:\/\/diario5.com.ar\/?p=615839"},"modified":"2019-09-25T21:58:47","modified_gmt":"2019-09-26T00:58:47","slug":"comienza-la-bienal-arte-joven-buenos-aires-con-una-gran-fiesta-de-apertura-en-la-calle","status":"publish","type":"post","link":"https:\/\/www.diario5.com.ar\/es\/comienza-la-bienal-arte-joven-buenos-aires-con-una-gran-fiesta-de-apertura-en-la-calle\/","title":{"rendered":"La fiesta de la Bienal Arte Joven"},"content":{"rendered":"<h2 class=\"sub-title-primary\"><\/h2> <p><img decoding=\"async\" loading=\"lazy\" src=\"http:\/\/diario5.com.ar\/wp-content\/uploads\/2019\/09\/la_bienal_1-1.jpg\" alt=\"\" width=\"610\" height=\"406\" \/> La Bienal durar\u00e1 cinco d\u00edas y tendr\u00e1 casi 200 actividades libres y gratuitas<\/p>\n<p>La nueva edici\u00f3n de la Bienal Arte Joven Buenos Aires\u00a0deja la posibilidad al p\u00fablico de conocer a las nuevas generaciones de artistas que producen el arte del presente. Se desarrollar\u00e1 desde este mi\u00e9rcoles 25 hasta el 29 de septiembre y todo es\u00a0gratis.<\/p>\n<p>La sede central ser\u00e1 El Recoleta. de Jun\u00edn 1930, por donde circular\u00e1n todos los d\u00edas centenares de artistas y p\u00fablico interesado en conocer sus producciones. A la intensa programaci\u00f3n de m\u00fasica, teatro, danza, performance, cine, literatura y muestras visuales de los artistas seleccionados en La Bienal, se sumar\u00e1n en cada jornada artistas invitados, grandes recitales de cierre y actividades especiales.<\/p>\n<p>En esta edici\u00f3n, adem\u00e1s, La Bienal sale a la calle con Territorio Bienal, un ciclo de m\u00e1s de 50 actividades art\u00edsticas y festivas que involucran a 430 artistas, una invitaci\u00f3n a vivir y experimentar la Ciudad en forma novedosa. La Bienal comenzar\u00e1 con una gran fiesta multidisciplinaria con recitales, obras de teatro, danza y performance, instalaciones e intervenciones art\u00edsticas, ferias de publicaciones y arte impreso, paseo gastron\u00f3mico, clases de baile, bandas ac\u00fasticas, lecturas y dj sets que dar\u00e1n inicio a esta semana a puro arte en El Recoleta. En la sala Cronopios, junto a otras 10 muestras de artes visuales, inaugurar\u00e1 la La Civilizaci\u00f3n perdida de Edgardo Gim\u00e9nez, Geraldine Schwindt y Gabriel Chaile.<\/p>\n<blockquote><p>La apertura es el mi\u00e9rcoles 25 a las 19 en los alrededores de El Recoleta.<\/p><\/blockquote>\n<p>La jornada de apertura comenzar\u00e1 a las 19 con la presentaci\u00f3n en vivo de la banda 1915 en el Escenario Plaza, el recital de Telescopios en el Patio del Aljibe y Virginia Da Cunha &#8211; DJ Singer Set en la Terraza. A las 19.30 ser\u00e1 el recital de Lo&#8217; Pibitos en el Escenario Plaza. A partir de las 20, Susy Shock y Las Pibas realizar\u00e1n lecturas en la Araucaria, uno de los escenarios al aire libre que La Bienal propone en esta edici\u00f3n. A la misma hora, en el Patio del Aljibe tocar\u00e1 Julio y Agosto y a las 21 la celebraci\u00f3n se concentrar\u00e1 en Plaza Francia donde La Delio Valdez har\u00e1 un show y cerrar\u00e1 DJ Alonso Morning con una gran fiesta al aire libre.<\/p>\n<p>La cita es el mi\u00e9rcoles 25 y el jueves 26 de septiembre entre las 19 y las 24 en los alrededores de El Recoleta, con un gran escenario en Plaza Francia y programaci\u00f3n a lo largo de toda la calle Jun\u00edn entre Vicente Lopez y Libertador.<\/p>\n<p><img decoding=\"async\" loading=\"lazy\" src=\"http:\/\/diario5.com.ar\/wp-content\/uploads\/2019\/09\/la_bienal-1.jpg\" alt=\"\" width=\"960\" height=\"640\" \/><\/p>\n<hr \/>\n<h2>Lo m\u00e1s destacado del arte joven de La Bienal<\/h2>\n<p>En esta edici\u00f3n se estrenar\u00e1n 18 nuevas creaciones de diferentes disciplinas que recibieron acompa\u00f1amiento, financiamiento y tutor\u00edas de La Bienal. Se trata de cuatro muestras individuales de artistas visuales, tres lanzamientos musicales, tres pel\u00edculas, cinco obras esc\u00e9nicas y tres novelas.<\/p>\n<blockquote><p><a href=\"https:\/\/bienal.buenosaires.gob.ar\/\" target=\"_blank\" rel=\"noopener\">Consult\u00e1 toda la programaci\u00f3n<\/a><\/p><\/blockquote>\n<p>Adem\u00e1s, durante esos cinco d\u00edas, artistas j\u00f3venes exhibir\u00e1n sus obras en El Recoleta y podr\u00e1n acceder a becas de formaci\u00f3n en Argentina y el exterior: 25 artistas visuales mostrar\u00e1n sus trabajos en la muestra colectiva Espacio entre, curada por Tain\u00e1 Azeredo; 15 directores audiovisuales presentar\u00e1n cortometrajes en tres programas diferentes en el Cine; 14 bandas brindar\u00e1n shows en la Terraza; 15 directores esc\u00e9nicos realizar\u00e1n cuarenta funciones de obras de teatro, danza y performance en las salas Villa Villa y Capilla; y se presentar\u00e1n las antolog\u00edas de cuento Divino Tesoro (Mar Dulce) y de poes\u00eda Les poetas (Gog&amp;Magog) que compilan los textos de 30 escritores que, durante toda La Bienal, ofrecer\u00e1n lecturas en el Patio de los Naranjos junto a m\u00fasicos invitados.<\/p>\n<p><img decoding=\"async\" loading=\"lazy\" src=\"http:\/\/diario5.com.ar\/wp-content\/uploads\/2019\/09\/la_bienal_-la_delio_valdez-1.jpg\" alt=\"\" width=\"960\" height=\"640\" \/><\/p>\n<hr \/>\n<h2>Estrenos, lanzamientos e inauguraciones<\/h2>\n<p>El mi\u00e9rcoles 25, la banda 1915 presentar\u00e1 su nuevo single Extranjero, el jueves 26 a las 20 Acus presenta su primer disco titulado Peluche peligroso y a las 21 ser\u00e1 el momento del nuevo disco de Maca Mona Mu, Kalanchoe. Estos recitales se realizar\u00e1n en el Escenario Plaza de Territorio Bienal.<\/p>\n<p>Paralelamente, el jueves 26, viernes 27 y s\u00e1bado 28 a las 21 en El Recoleta Cine, se estrenar\u00e1n en pantalla grande los tres proyectos audiovisuales producidos con financiamiento y acompa\u00f1amiento de la Bienal: las pel\u00edculas de no ficci\u00f3n \u00bfQu\u00e9 hago en ese mundo tan visual? de Manuel Embalse, R\u00edo Turbio de Tatiana Maz\u00fa y la ficci\u00f3n Luz distante de Santiago Reale.<\/p>\n<blockquote><p>Todas las actividades son gratuitas.<\/p><\/blockquote>\n<p>A partir del mi\u00e9rcoles 25 estrenar\u00e1n las obras esc\u00e9nicas producidas con financiamiento y acompa\u00f1amiento de la Bienal y tendr\u00e1n cuatro funciones entre el 25 y 29 de septiembre en teatros independientes de la Ciudad. Las cinco nuevas creaciones son: Corina Wilson. \u00c9xtasis y Demonios del grupo Corina Wilson en Espacio Callej\u00f3n; Keros\u00e9n de Cristian Cabrera en Teatro Beckett; Adi\u00f3s pat??a? (un ensayo sobre el recuerdo o la despedida) de Tiziano Cruz en Teatro El Extranjero; Hijas (sobre la obra originaria Hijas de Leticia Coronel y Lourdes Hijano Sol) de Leticia Coronel y Federico Pereyra en Abasto Social Club; Las Leguizamo. Epopeya Selv\u00e1tico-Literaria de Micaela Racciatti, Dario Pianelli y Joel Gonz\u00e1lez Roch en Teatro Picadero.<\/p>\n<p><img decoding=\"async\" loading=\"lazy\" src=\"http:\/\/diario5.com.ar\/wp-content\/uploads\/2019\/09\/la_bienal_-dj_virginia_da_cunha-1.jpg\" alt=\"\" width=\"960\" height=\"640\" \/><\/p>\n<p>En las salas C y J de El Recoleta el mi\u00e9rcoles 25 se inaugurar\u00e1n las muestras individuales de los artistas visuales: Nueve Anillos, de Erik Arazi; Llevame a conocer el oc\u00e9ano de Micaela Pi\u00f1ero; Pintor de Sasha Minovich; y C14 de El Bondi Colectivo. En simult\u00e1neo, inaugura Espacio entre, la muestra colectiva que re\u00fane a 25 artistas, curada por Tain\u00e1 Azeredo en las salas 3, 4 y 5; y la muestra invitada: La civilizaci\u00f3n perdida de Edgardo Gim\u00e9nez, Geraldine Schwindt y Gabriel Chaile con curadur\u00eda de Laura Spivak en la Sala Cronopios. Adem\u00e1s, se inaugurar\u00e1n las muestras FINA UBA, Festival Internacional del afiche de la Universidad de Buenos Aires, con la participaci\u00f3n de Leandro Ibarra, Mart\u00edn Gorricho, \u00abEl fantasma de Heredia\u00bb, Gabriel Mahia, Juan Francisco Miranda, Santiago Pozzi, Nicolas Risso y Coco Cerella y la curadur\u00eda de Pablo Salomone en sala L,; Mele Misterio, exhibici\u00f3n de Mele Bruniard curada por Juli\u00e1n Manzelli y Laura Spivak en sala 7; y Stoppani &amp; Legavre, de Juan Stoppani y Jean Yves Legavre, tambi\u00e9n con curadur\u00eda de Manzelli y Spivak en sala 8.<\/p>\n<p>En literatura, el viernes 27 se presentar\u00e1n las antolog\u00edas Les Poetas (Gog&amp;Magog) y Divino Tesoro (Mardulce). El s\u00e1bado 28 ser\u00e1 el momento de las novelas Esto que Me Pasa (Editorial Notanpuan), de Fremdina Bianco; Chau, Chau, Chau (Editorial Conejos), de Florencia G\u00f3mez Garc\u00eda; y Bajo Lluvia, Rel\u00e1mpago o Trueno (Editorial Entrop\u00eda), de Ferm\u00edn Acosta. Todas estas presentaciones tendr\u00e1n lugar en el Patio de los Naranjos de El Recoleta.<\/p>\n<p>Todas las actividades son gratuitas, sujetas a disponibilidad del espacio. Las entradas de los espect\u00e1culos de esc\u00e9nicas son gratis, pero con reserva previa.<\/p>\n<p><a href=\"http:\/\/www.buenosaires.gob.ar\/movilidad\/noticias\/sale-la-calle-la-bienal-como-seran-los-cortes-al-transito\">Se conoce c\u00f3mo ser\u00e1n los cortes al tr\u00e1nsito por la Bienal<\/a><\/p>\n<p><img decoding=\"async\" loading=\"lazy\" src=\"http:\/\/diario5.com.ar\/wp-content\/uploads\/2019\/09\/la_bienal-_la_civilizacion_perdida-1.jpg\" alt=\"\" width=\"960\" height=\"960\" \/><\/p>","protected":false},"excerpt":{"rendered":"<p>La Bienal durar\u00e1 cinco d\u00edas y tendr\u00e1 casi 200 actividades libres y gratuitas La nueva edici\u00f3n de la Bienal Arte Joven Buenos Aires\u00a0deja la posibilidad al p\u00fablico de conocer a las nuevas generaciones de artistas que producen el arte del presente. Se desarrollar\u00e1 desde este mi\u00e9rcoles 25 hasta el 29 de septiembre y todo es\u00a0gratis. [&hellip;]<\/p>","protected":false},"author":8,"featured_media":615840,"comment_status":"open","ping_status":"closed","sticky":false,"template":"","format":"standard","meta":[],"categories":[5],"tags":[],"series":[],"_links":{"self":[{"href":"https:\/\/www.diario5.com.ar\/es\/wp-json\/wp\/v2\/posts\/615839"}],"collection":[{"href":"https:\/\/www.diario5.com.ar\/es\/wp-json\/wp\/v2\/posts"}],"about":[{"href":"https:\/\/www.diario5.com.ar\/es\/wp-json\/wp\/v2\/types\/post"}],"author":[{"embeddable":true,"href":"https:\/\/www.diario5.com.ar\/es\/wp-json\/wp\/v2\/users\/8"}],"replies":[{"embeddable":true,"href":"https:\/\/www.diario5.com.ar\/es\/wp-json\/wp\/v2\/comments?post=615839"}],"version-history":[{"count":2,"href":"https:\/\/www.diario5.com.ar\/es\/wp-json\/wp\/v2\/posts\/615839\/revisions"}],"predecessor-version":[{"id":615862,"href":"https:\/\/www.diario5.com.ar\/es\/wp-json\/wp\/v2\/posts\/615839\/revisions\/615862"}],"wp:featuredmedia":[{"embeddable":true,"href":"https:\/\/www.diario5.com.ar\/es\/wp-json\/wp\/v2\/media\/615840"}],"wp:attachment":[{"href":"https:\/\/www.diario5.com.ar\/es\/wp-json\/wp\/v2\/media?parent=615839"}],"wp:term":[{"taxonomy":"category","embeddable":true,"href":"https:\/\/www.diario5.com.ar\/es\/wp-json\/wp\/v2\/categories?post=615839"},{"taxonomy":"post_tag","embeddable":true,"href":"https:\/\/www.diario5.com.ar\/es\/wp-json\/wp\/v2\/tags?post=615839"},{"taxonomy":"series","embeddable":true,"href":"https:\/\/www.diario5.com.ar\/es\/wp-json\/wp\/v2\/series?post=615839"}],"curies":[{"name":"wp","href":"https:\/\/api.w.org\/{rel}","templated":true}]}}