{"id":613189,"date":"2019-08-16T08:25:14","date_gmt":"2019-08-16T11:25:14","guid":{"rendered":"http:\/\/diario5.com.ar\/?p=613189"},"modified":"2019-08-16T16:14:54","modified_gmt":"2019-08-16T19:14:54","slug":"multiples-actividades-culturales-para-disfrutar-el-fin-de-semana-largo-en-la-ciudad","status":"publish","type":"post","link":"https:\/\/www.diario5.com.ar\/es\/multiples-actividades-culturales-para-disfrutar-el-fin-de-semana-largo-en-la-ciudad\/","title":{"rendered":"La grilla cultural del fin de semana largo de Agosto"},"content":{"rendered":"<h2 class=\"sub-title-primary\"><\/h2> <p><img decoding=\"async\" loading=\"lazy\" class=\"alignright\" src=\"http:\/\/diario5.com.ar\/wp-content\/uploads\/2019\/08\/1003_afs_tangoba_copes100819_mg_1838_1.jpg\" alt=\"\" width=\"612\" height=\"407\"\/><\/p>\n<p>El gran protagonista y gratis: Sigue hasta el 21 de agosto, Tango Buenos Aires Festival y Mundial, dirigido por Gabriel Soria<\/p>\n<p>Aparte, en Buenos Aires se ofrecen otras&nbsp;<a href=\"http:\/\/disfrutemosba.buenosaires.gob.ar\/\" target=\"_blank\" rel=\"noopener\">actividades culturales,<\/a>&nbsp;muchas de ellas con alta capacidad de convocatoria<\/p>\n<p><a href=\"http:\/\/www.buenosaires.gob.ar\/sites\/gcaba\/files\/disfrutemos_ba_400.pdf\/\" target=\"_blank\" rel=\"noopener\">Suplemento Disfrutemos BA<\/a><\/p>\n<p>Los teatros, los conciertos, las&nbsp;milongas y salas especiales para bailar tango, la proyecci\u00f3n de pel\u00edculas, las ferias y los circuitos de Polos Tangueros en&nbsp;San Telmo, Abasto, Pompeya y&nbsp;Versalles son parte de las elecciones que puedeencarara el porte\u00f1o o el turista.<\/p>\n<p>Aparete, hay celebraciones y homenajes especiales; talleres y exhibiciones de la mano del Programa Arte en Barrios; diferentes y variadas propuestas que reflejan la presencia femenina y el rol de la mujer en el tango y mucho m\u00e1s, para celebrar la m\u00fasica que identifica a la Ciudad. <a href=\"http:\/\/festivales.buenosaires.gob.ar\/2019\/tangofestivalymundial\/es\/home\">Toda la programaci\u00f3n<\/a>.<\/p>\n<hr \/>\n<h2>\u00daltimos d\u00edas del Mundial de Baile<\/h2>\n<p>De toda la Argentina y del mundo cientos de parejas participan del Mundial de Baile, con el fin de alcanzar el anhelado t\u00edtulo que consagrar\u00e1 a dos de ellas como los mejores bailarines de las categor\u00edas tango de pista y tango escenario. Luego de las preliminares nacionales e internacionales, las <strong>semifinales ser\u00e1n s\u00e1bado y domingo en la Usina del Arte<\/strong> (Agust\u00edn Caffarena 1, La Boca). Las finales se realizar\u00e1n martes y mi\u00e9rcoles en el Luna Park. <a href=\"https:\/\/disfrutemosba.buenosaires.gob.ar\/evento\/mundial-de-baile\/3796\/\" target=\"_blank\" rel=\"noopener\">M\u00e1s informaci\u00f3n<\/a>.<\/p>\n<p><img decoding=\"async\" loading=\"lazy\" class=\"\" src=\"http:\/\/diario5.com.ar\/wp-content\/uploads\/2019\/08\/0111_afs_tangoba_rondasclas_12082019_mg_0609_0.jpg\" alt=\"\" width=\"591\" height=\"393\"\/><\/p>\n<hr \/>\n<h2>D\u00eda del Ni\u00f1o<\/h2>\n<p>Para este D\u00eda del Ni\u00f1o, la Ciudad ofrece una nutrida agenda de actividades. Este domingo 18 de agosto habr\u00e1 talleres, obras de teatro y visitas guiadas en los museos porte\u00f1os; adem\u00e1s, dos funciones de comedia musical en el Parque Centenario. <a href=\"https:\/\/disfrutemosba.buenosaires.gob.ar\/resultados?searchTerms=D%C3%ADa%20del%20Ni%C3%B1o&amp;searchDateRange=&amp;searchAxis=\">M\u00e1s informaci\u00f3n<\/a>.<\/p>\n<p><img decoding=\"async\" loading=\"lazy\" class=\"\" src=\"http:\/\/diario5.com.ar\/wp-content\/uploads\/2019\/08\/2040_afs_usina_vacaciones_20180714_img_3760_0.jpg\" alt=\"\" width=\"685\" height=\"456\"\/><\/p>\n<hr \/>\n<h2>Buenos Aires Hip-Hop<\/h2>\n<p>En el marco de su reciente reapertura, el s\u00e1bado 17 de agosto de 11 a 18 horas se vivir\u00e1 una verdadera fiesta de la cultura urbana en la <strong>Plaza Houssay<\/strong> (Av. C\u00f3rdoba 2100). Ser\u00e1 una jornada marat\u00f3nica donde convivir\u00e1n los cuatro elementos del <strong>Hip Hop -rap, m\u00fasica, danza y graffiti-<\/strong> en un ambiente de respeto, inclusi\u00f3n y diversidad para el disfrute de toda la familia. Adem\u00e1s, ser\u00e1 la oportunidad para que los m\u00e1s peque\u00f1os anticipen el <em>D\u00eda del Ni\u00f1o<\/em> con, circo, BMX, skates, juegos, talleres y shows. <a href=\"https:\/\/disfrutemosba.buenosaires.gob.ar\/evento\/buenos-aires-hip-hop\/4443\/\" target=\"_blank\" rel=\"noopener\">M\u00e1s informaci\u00f3n<\/a>.<\/p>\n<p><img decoding=\"async\" loading=\"lazy\" class=\"\" src=\"http:\/\/diario5.com.ar\/wp-content\/uploads\/2019\/08\/hip_hop_1.jpg\" alt=\"\" width=\"622\" height=\"414\"\/><\/p>\n<hr \/>\n<h2>BA Celebra<\/h2>\n<p>El domingo 18 de agosto de 11 a 19 horas en Av. de Mayo y Bol\u00edvar, Buenos Aires Celebra <strong>Montenegro, Croacia, Polonia, Portugal y Ucrania<\/strong>. En esta ocasi\u00f3n, habr\u00e1 m\u00e1s de 30 stands donde se podr\u00e1 apreciar toda la propuesta cultural de los 5 pa\u00edses. No s\u00f3lo  se podr\u00e1 encontrar informaci\u00f3n, sino tambi\u00e9n la m\u00e1s diversa gastronom\u00eda y artesan\u00edas t\u00edpicas. <a href=\"https:\/\/disfrutemosba.buenosaires.gob.ar\/evento\/ba-celebra\/2330\/\" target=\"_blank\" rel=\"noopener\">M\u00e1s informaci\u00f3n<\/a>.<\/p>\n<p><img decoding=\"async\" loading=\"lazy\" class=\"\" src=\"http:\/\/diario5.com.ar\/wp-content\/uploads\/2019\/08\/39_5.jpg\" alt=\"\" width=\"631\" height=\"420\"\/><\/p>\n<hr \/>\n<h2>Feria Masticar<\/h2>\n<p>La feria gastron\u00f3mica organizada por el grupo A.C.E.L.G.A. que instal\u00f3 su lema \u201ccomer rico hace bien\u201d cumple sus primeras diez ediciones. Para celebrarlo, vuelven con todo el Mercado de productores, las Clases de Cocina, los Talleres de Oficio y los Puestos de comida m\u00e1s tentadores del pa\u00eds reunidos en un solo lugar. Viernes, s\u00e1bado y domingo de 12 a 23 horas en El Dorrego (Zapiola y Matienzo). Entradas $200. <a href=\"https:\/\/disfrutemosba.buenosaires.gob.ar\/evento\/masticar-2019\/2457\/\" target=\"_blank\" rel=\"noopener\">M\u00e1s informaci\u00f3n<\/a>.<\/p>\n<p><img decoding=\"async\" loading=\"lazy\" class=\"\" src=\"http:\/\/diario5.com.ar\/wp-content\/uploads\/2019\/08\/66301096_1954530024652483_5873236647633485824_n.jpg\" alt=\"\" width=\"624\" height=\"624\"\/><\/p>\n<hr \/>\n<h2>Teatro en la Ciudad<\/h2>\n<p><strong>Hamlet<\/strong>. El cl\u00e1sico de William Shakespeare es dirigido por Rub\u00e9n Szuchmacher. El elenco est\u00e1 encabezado por Joaqu\u00edn Furriel, Luis Ziembrowski y Bel\u00e9n Blanco. En la Sala Mart\u00edn Coronado del Teatro San Mart\u00edn (Av. Corrientes 1530). Funciones: de mi\u00e9rcoles a domingos a las 20. Platea: $280. Pullman: $210. D\u00eda popular (mi\u00e9rcoles y jueves): $140. <strong>Hasta el domingo 18 de agosto<\/strong>. <a href=\"https:\/\/disfrutemosba.buenosaires.gob.ar\/evento\/hamlet\/3581\/\" target=\"_blank\" rel=\"noopener\">M\u00e1s informaci\u00f3n<\/a>.<\/p>\n<p><strong>El adulador<\/strong>. Protagonizada por Alejandro Awada, Guillermo Arengo y Noralih Gago. En el Teatro Regio (Avda. C\u00f3rdoba 6056). Funciones: de jueves a s\u00e1bados a las 20.30 y los domingos a las 20. Platea $ 250; Pullman $ 180; Jueves $ 125. <strong>Hasta el domingo 18 de agosto<\/strong>. <a href=\"https:\/\/disfrutemosba.buenosaires.gob.ar\/evento\/el-adulador\/4090\/\" target=\"_blank\" rel=\"noopener\">M\u00e1s informaci\u00f3n<\/a><\/p>\n<p><strong>Fedra<\/strong>, de Juan Mayorga, dirigida por Adri\u00e1n Blanco. El elenco est\u00e1 integrado por Marcela Ferrad\u00e1s, Horacio Pe\u00f1a, Marcelo D\u2019Andrea, Francisco Prim, Gast\u00f3n Biagioni y Emilio Spaventa. En la Sala Cunill Cabanellas del Teatro San Mart\u00edn (Avda. Corrientes 1530). Funciones: de mi\u00e9rcoles a domingos a las 20.30. Platea $ 210; jueves $ 105. <strong>Hasta el domingo 25 de agosto<\/strong>. <a href=\"https:\/\/disfrutemosba.buenosaires.gob.ar\/evento\/fedra\/4014\/\" target=\"_blank\" rel=\"noopener\">M\u00e1s informaci\u00f3n<\/a>.<\/p>\n<p><strong>Colaboraci\u00f3n\/Tomar partido<\/strong>, espect\u00e1culo integrado por dos piezas del dramaturgo y guionista sudafricano Ronald Harwood. Protagonizada por Osmar Nu\u00f1ez y Boy Olmi. En la Sala Casacuberta del Teatro San Mart\u00edn (Av. Corrientes 1530). Funciones de mi\u00e9rcoles a domingos a las 19.30. Entradas $ 280, d\u00eda popular (mi\u00e9rcoles y jueves) $140. <strong>Hasta el domingo 18 de agosto<\/strong>. <a href=\"https:\/\/disfrutemosba.buenosaires.gob.ar\/evento\/colaboracion-tomar-partido\/3953\/\" target=\"_blank\" rel=\"noopener\">M\u00e1s informaci\u00f3n<\/a>.<\/p>\n<p><strong>Aqu\u00ed cant\u00f3 Gardel<\/strong>. La \u00faltima vez que Carlos Gardel cant\u00f3 en la Argentina fue en septiembre de 1933 en el escenario del viejo Cine y Teatro 25 de Mayo. \u201cAqu\u00ed cant\u00f3 Gardel\u201d es un musical tanguero que recorre un hecho hist\u00f3rico de la cultura popular. En el Centro Cultural 25 de Mayo (Av. Triunvirato 4444). Funciones: de jueves a s\u00e1bados a las 20.30. Entradas $350\/400. <a href=\"https:\/\/disfrutemosba.buenosaires.gob.ar\/evento\/aqui-canto-gardel\/4308\/\" target=\"_blank\" rel=\"noopener\">M\u00e1s informaci\u00f3n<\/a>.<\/p>\n<p><img decoding=\"async\" loading=\"lazy\" class=\"\" title=\"Hamlet. Foto de Carlos Furman\/Complejo Teatral de Buenos Aires\" src=\"http:\/\/diario5.com.ar\/wp-content\/uploads\/2019\/08\/5945_hamlet_ctba_2019_foto_carlos_furman_0.jpg\" alt=\"Hamlet. Foto de Carlos Furman\/Complejo Teatral de Buenos Aires\" width=\"603\" height=\"401\"\/><\/p>\n<hr \/>\n<h2>Teatro para grandes y chicos<\/h2>\n<p><strong>Recuerdos a la hora de la siesta<\/strong>. Inspirado en el universo po\u00e9tico de Mar\u00eda Elena Walsh, la obra es una invitaci\u00f3n a imaginar la infancia de la entra\u00f1able Mar\u00eda Elena y su peculiar forma de ver el mundo. En la Sala Casacuberta del Teatro San Mart\u00edn (Av. Corrientes 1530). Funciones: s\u00e1bados 10 y 17, domingo 18 de agosto a las 14.30. Entradas $ 180. <strong>Hasta el domingo 18 de agosto<\/strong>. <a href=\"http:\/\/complejoteatral.gob.ar\/ver\/recuerdos-a-la-hora-de-la-siesta\/\" target=\"_blank\" rel=\"noopener\">M\u00e1s informaci\u00f3n<\/a>.<\/p>\n<p><strong>Saltimbanquis<\/strong>. Una obra que habla de la uni\u00f3n, del respeto por el otro, la solidaridad y la buena convivencia en comunidad. Cuenta las aventuras de cuatro animales que fueron explotados por sus amos y deciden huir hacia la ciudad para probar suerte como banda musical. En El Cultural San Mart\u00edn (Sarmiento 1551). Funciones: s\u00e1bados y domingos a las 16.30. Entradas: $250. Hasta el 9 de septiembre. <a href=\"https:\/\/disfrutemosba.buenosaires.gob.ar\/evento\/saltimbanquis-de-vacaciones\/4139\/\" target=\"_blank\" rel=\"noopener\">M\u00e1s informaci\u00f3n<\/a>.<\/p>\n<p><strong>Musiquitas<\/strong> (musical). De Jorge Maestro y Sergio Vainmann. Protagonizada por Ana Mar\u00eda Cores. Un show. Un espect\u00e1culo divertido. Pero sobre todo: un encuentro entre grandes con alma de ni\u00f1os y ni\u00f1os con el alma grande. En el Centro Cultural 25 de Mayo (Av. Triunvirato 4444). Funciones: s\u00e1bados y domingos a las 15. Entradas $$250\/300.<br \/>\n<a href=\"https:\/\/disfrutemosba.buenosaires.gob.ar\/evento\/musiquitas\/3978\/\" target=\"_blank\" rel=\"noopener\">M\u00e1s informaci\u00f3n<\/a>.<\/p>\n<p><strong>La Gran Far\u00e1ndula<\/strong> (musical). Con Omar Calicchio, Anita Mart\u00ednez, Juli\u00e1n Pucheta, Mar\u00eda Roj\u00ed y Nicol\u00e1s Scarpino. En el Centro Cultural 25 de Mayo (Av. Triunvirato 4444). Funciones: s\u00e1bados y domingos a las 17. Entradas $250\/300. <a href=\"https:\/\/disfrutemosba.buenosaires.gob.ar\/evento\/la-gran-farandula\/3979\/\" target=\"_blank\" rel=\"noopener\">M\u00e1s informaci\u00f3n<\/a>.<\/p>\n<p><img decoding=\"async\" loading=\"lazy\" class=\"\" src=\"http:\/\/diario5.com.ar\/wp-content\/uploads\/2019\/08\/saltimbanquis1_2-1.jpg\" alt=\"\" width=\"601\" height=\"400\"\/><\/p>\n<hr \/>\n<h2>Danza: El porvenir<\/h2>\n<p>En la Sala Mart\u00edn Coronado del Teatro San Mart\u00edn (Av. Corrientes 1530) se presenta el segundo programa del Ballet Contempor\u00e1neo del Teatro San Mart\u00edn, que dirigen Andrea Chinetti y Miguel \u00c1ngelEl\u00edas. Se trata de El porvenir (Cuentos coreogr\u00e1ficos), una obra con dramaturgia y direcci\u00f3n de Eleonora Comelli, coreograf\u00eda de Gabriel Conteras y la propia Comelli, que cuenta con la participaci\u00f3n en escena del m\u00fasico Zypce y de la actriz Mar\u00eda Merlino. Funciones: martes a las 20, jueves, s\u00e1bados y domingos a las 15. <strong>Hasta el domingo 18 de agosto<\/strong>. Platea $180 Pullman $140 Jueves $90. <a href=\"https:\/\/disfrutemosba.buenosaires.gob.ar\/evento\/el-porvenir\/4279\/\" target=\"_blank\" rel=\"noopener\">M\u00e1s informaci\u00f3n<\/a>.<\/p>\n<p><img decoding=\"async\" loading=\"lazy\" class=\"\" src=\"http:\/\/diario5.com.ar\/wp-content\/uploads\/2019\/08\/67472907_2771597576187880_5969810937199198208_n-1.jpg\" alt=\"\" width=\"640\" height=\"426\"\/><\/p>\n<hr \/>\n<h2>\u201cLa Serpiente y el Jaguar\u201d<\/h2>\n<p>La nueva muestra del colectivo de arte <strong>Biopus<\/strong> en el Centro Cultural Recoleta (Jun\u00edn 1930). Es una instalaci\u00f3n interactiva de gran escala que invita al p\u00fablico a participar a trav\u00e9s de dispositivos electr\u00f3nicos. Gratis.<\/p>\n<p><img decoding=\"async\" loading=\"lazy\" class=\"\" src=\"http:\/\/diario5.com.ar\/wp-content\/uploads\/2019\/08\/67402208_10156814161014794_7102273382271418368_n.jpg\" alt=\"\" width=\"598\" height=\"504\"\/><\/p>\n<hr \/>\n<h2>La programaci\u00f3n del Planetario<\/h2>\n<p>El Planetario Galileo Galilei (Av. Sarmiento y Belisario Rold\u00e1n) presenta una variada propuesta de actividades: espect\u00e1culos astron\u00f3micos full dome, recorridos por el Museo Interactivo y observaciones por telescopio.. <a href=\"https:\/\/planetario.buenosaires.gob.ar\/\" target=\"_blank\" rel=\"noopener\">M\u00e1s informaci\u00f3n<\/a>.<\/p>\n<p><strong>Martes a viernes<\/strong><\/p>\n<ul>\n<li>13.00 hs. De la Tierra al Universo<\/li>\n<li>17.00 hs. Sol #Tiempo de eclipses<\/li>\n<\/ul>\n<p><strong>S\u00e1bados, domingos y feriados<\/strong><\/p>\n<ul>\n<li>13.30 hs. De la Tierra al Universo<\/li>\n<li>14.30 hs. Somos estrellas<\/li>\n<li>15.30 hs. Cuentos para no dormir<\/li>\n<li>16.30 hs. Sol #Tiempo de eclipses<\/li>\n<li>17.30 hs. Cuentos para no dormir<\/li>\n<li>18.30 hs. Somos estrellas<\/li>\n<li>19.30 hs. Sol #Tiempo de eclipses<\/li>\n<\/ul>\n<p><img decoding=\"async\" loading=\"lazy\" class=\"\" src=\"http:\/\/diario5.com.ar\/wp-content\/uploads\/2019\/08\/planet_4-1.jpg\" alt=\"\" width=\"616\" height=\"410\"\/><\/p>\n<hr \/>\n<blockquote><p><strong>MUESTRAS<\/strong><\/p><\/blockquote>\n<ul>\n<li><strong>Transurrealismo. Arte y diversidad de g\u00e9nero<\/strong>. Esta muestra que reunir\u00e1, por primera vez, una cuantiosa cantidad de obras y materiales documentales de Mariette Lydis, la artista austr\u00edaca que vivi\u00f3 en Buenos Aires entre 1940 y 1970. En el Museo S\u00edvori (Av. Infanta Isabel 555). <a href=\"http:\/\/www.buenosaires.gob.ar\/museos\/noticias\/mariette-lydis-transicionar-lo-surreal\/\" target=\"_blank\" rel=\"noopener\">M\u00e1s informaci\u00f3n<\/a>.<\/li>\n<li><strong>Retazos. Homenaje a Eduardo Lerchundi<\/strong>. La muestra es un homenaje a uno de los dise\u00f1adores de vestuario m\u00e1s importantes del cine nacional. La exposici\u00f3n del Museo del Cine (Caffarena 51) devela algunos retazos de la extraordinaria trayectoria de Lerchundi que incluye fotograf\u00edas, dibujos originales, montajes f\u00edlmicos, afiches y algunas piezas de vestuario vinculadas a las modas de la \u00e9poca.<br \/>\n<a href=\"http:\/\/www.buenosaires.gob.ar\/museos\/noticias\/el-museo-del-cine-y-un-homenaje-al-maestro-eduardo-lerchundi\/\" target=\"_blank\" rel=\"noopener\">M\u00e1s informaci\u00f3n<\/a>.<\/li>\n<li><strong>En Crudo. Cuero, tradici\u00f3n y dise\u00f1o<\/strong>. Por primera vez el MAP exhibe al p\u00fablico su colecci\u00f3n de artesan\u00edas en cuero crudo que atesor\u00f3 Carlos Guillermo Daws y est\u00e1 compuesta por petacas, rebenques, asientos, boleadoras, cabezadas, cinchas y botas. En el Museo de Arte Popular Jos\u00e9 Hern\u00e1ndez (Av. del Libertador 2373). <a href=\"http:\/\/www.buenosaires.gob.ar\/museos\/noticias\/el-map-presenta-una-exposicion-de-artesanias-en-cuero-crudo\/\" target=\"_blank\" rel=\"noopener\">M\u00e1s informaci\u00f3n<\/a>.<\/li>\n<li><strong>Hubo un tiempo que fue hermoso&#8230;?<\/strong> La exposici\u00f3n, que integra el proyecto Narrativas Cruzadas, tiene como eje la cotidianeidad juvenil de los 70\u2019 y 80\u2019, su historia, modas, h\u00e1bitos y costumbres. Un fen\u00f3meno atravesado por momentos sociales muy diferentes donde los j\u00f3venes fueron protagonistas. En el Museo de la Ciudad (Defensa 187). <a href=\"http:\/\/www.buenosaires.gob.ar\/museos\/noticias\/se-inaugura-una-nueva-muestra-en-el-museo-de-la-ciudad-0\/\" target=\"_blank\" rel=\"noopener\">M\u00e1s informaci\u00f3n<\/a>.<\/li>\n<li>El Parque de la Memoria &#8211; Monumento a las V\u00edctimas del Terrorismo de Estado (Av. Costanera Norte Rafael Obligado 6745, adyacente a Ciudad Universitaria) presenta tres exposiciones, dos de las cuales forman parte de la programaci\u00f3n de Bienalsur: <strong>Piras. Historias de Brujas<\/strong>, del grupo T\u00f3tem Tabu; <strong>El viejo sue\u00f1o de la casita propia<\/strong>, de Elda Cerrato y <strong>Choque<\/strong>, de Dora Longo Bah\u00eda.<\/li>\n<li><strong>Un regalo para Evita. Trajes, cultura y pol\u00edtica<\/strong>. En el Museo Larreta (Juramento 2291). Esta muestra, que marca el comienzo del eje modas del programa Narrativas Cruzadas, est\u00e1 basada en la colecci\u00f3n de los 50 trajes regionales obsequiados por el Gobierno espa\u00f1ol a Eva Duarte de Per\u00f3n en junio de 1947. <a href=\"https:\/\/disfrutemosba.buenosaires.gob.ar\/evento\/un-regalo-para-evita\/3942\/\" target=\"_blank\" rel=\"noopener\">M\u00e1s informaci\u00f3n<\/a>.<\/li>\n<li><strong>Invasi\u00f3n. La batalla infinita<\/strong>. La muestra es un homenaje al film Invasi\u00f3n, que re\u00fane en el plano autoral a Hugo Santiago y a Jorge Luis Borges y Adolfo Bioy Casares como sus guionistas. En el Museo del Cine Pablo Ducr\u00f3s Hicken (Agust\u00edn R. Caffarena 51). <a href=\"http:\/\/www.buenosaires.gob.ar\/museos\/noticias\/invasion-la-batalla-infinita\/\" target=\"_blank\" rel=\"noopener\">M\u00e1s informaci\u00f3n<\/a>.<\/li>\n<li>El Museo de Arte Moderno (Av. San Juan 350) de Buenos Aires inaugur\u00f3 la exposici\u00f3n <strong>Una historia de la imaginaci\u00f3n en la Argentina. Visiones de la pampa, el litoral y el altiplano desde el siglo XIX a la actualidad<\/strong>. Esta es la primera exposici\u00f3n en el pa\u00eds realizada en colaboraci\u00f3n con museos de seis provincias, con aportes de las m\u00e1s variadas colecciones del pa\u00eds. <a href=\"https:\/\/disfrutemosba.buenosaires.gob.ar\/evento\/una-historia-de-la-imaginacion\/3671\/\" target=\"_blank\" rel=\"noopener\">M\u00e1s informaci\u00f3n<\/a>.<\/li>\n<li><strong>Jardines y otras desventuras<\/strong>, compuesta por obras de Max Cachimba junto a Florencia Pernicone, Ivana Boull\u00f3n, Estrella Merg\u00e1, Juan Vegetal, Javier Velasco, Manuel Depetris, Sof\u00eda \u00c1lvarez Watson, Coni Marchini y T.R.I.P.A. (Trabajo de Registro e Investigaci\u00f3n sobre Paisaje Argentino). En el Museo del Humor (Avenida de Los Italianos 851, Puerto Madero). <a href=\"http:\/\/www.buenosaires.gob.ar\/museos\/museo-del-humor\/noticias\/jardines-y-otras-desventuras\/\" target=\"_blank\" rel=\"noopener\">M\u00e1s informaci\u00f3n<\/a>.<\/li>\n<\/ul>\n<p><a href=\"http:\/\/www.buenosaires.gob.ar\/noticias\">M\u00e1s noticias de la Ciudad &gt;&gt;<\/a><\/p>\n<p><img decoding=\"async\" loading=\"lazy\" class=\"\" src=\"http:\/\/diario5.com.ar\/wp-content\/uploads\/2019\/08\/53687143_2608278112522015_5542548346507362304_n-1.jpg\" alt=\"\" width=\"597\" height=\"397\"\/><\/p>","protected":false},"excerpt":{"rendered":"<p>El gran protagonista y gratis: Sigue hasta el 21 de agosto, Tango Buenos Aires Festival y Mundial, dirigido por Gabriel Soria Aparte, en Buenos Aires se ofrecen otras&nbsp;actividades culturales,&nbsp;muchas de ellas con alta capacidad de convocatoria Suplemento Disfrutemos BA Los teatros, los conciertos, las&nbsp;milongas y salas especiales para bailar tango, la proyecci\u00f3n de pel\u00edculas, las [&hellip;]<\/p>","protected":false},"author":8,"featured_media":613190,"comment_status":"open","ping_status":"closed","sticky":false,"template":"","format":"standard","meta":[],"categories":[5],"tags":[],"series":[],"_links":{"self":[{"href":"https:\/\/www.diario5.com.ar\/es\/wp-json\/wp\/v2\/posts\/613189"}],"collection":[{"href":"https:\/\/www.diario5.com.ar\/es\/wp-json\/wp\/v2\/posts"}],"about":[{"href":"https:\/\/www.diario5.com.ar\/es\/wp-json\/wp\/v2\/types\/post"}],"author":[{"embeddable":true,"href":"https:\/\/www.diario5.com.ar\/es\/wp-json\/wp\/v2\/users\/8"}],"replies":[{"embeddable":true,"href":"https:\/\/www.diario5.com.ar\/es\/wp-json\/wp\/v2\/comments?post=613189"}],"version-history":[{"count":2,"href":"https:\/\/www.diario5.com.ar\/es\/wp-json\/wp\/v2\/posts\/613189\/revisions"}],"predecessor-version":[{"id":613206,"href":"https:\/\/www.diario5.com.ar\/es\/wp-json\/wp\/v2\/posts\/613189\/revisions\/613206"}],"wp:featuredmedia":[{"embeddable":true,"href":"https:\/\/www.diario5.com.ar\/es\/wp-json\/wp\/v2\/media\/613190"}],"wp:attachment":[{"href":"https:\/\/www.diario5.com.ar\/es\/wp-json\/wp\/v2\/media?parent=613189"}],"wp:term":[{"taxonomy":"category","embeddable":true,"href":"https:\/\/www.diario5.com.ar\/es\/wp-json\/wp\/v2\/categories?post=613189"},{"taxonomy":"post_tag","embeddable":true,"href":"https:\/\/www.diario5.com.ar\/es\/wp-json\/wp\/v2\/tags?post=613189"},{"taxonomy":"series","embeddable":true,"href":"https:\/\/www.diario5.com.ar\/es\/wp-json\/wp\/v2\/series?post=613189"}],"curies":[{"name":"wp","href":"https:\/\/api.w.org\/{rel}","templated":true}]}}