{"id":613164,"date":"2019-08-15T10:14:54","date_gmt":"2019-08-15T13:14:54","guid":{"rendered":"http:\/\/diario5.com.ar\/?p=613164"},"modified":"2023-07-06T01:53:58","modified_gmt":"2023-07-06T04:53:58","slug":"informacion-y-primeras-planas","status":"publish","type":"post","link":"https:\/\/www.diario5.com.ar\/es\/informacion-y-primeras-planas\/","title":{"rendered":"Informaci\u00f3n y primeras planas"},"content":{"rendered":"<h2 class=\"sub-title-primary\"><\/h2> <div>\n<h4><a href=\"http:\/\/ensamble19.com.ar\/argentina.php\" target=\"_blank\" rel=\"noopener\">Diario 5 destaca:<\/a><\/h4>\n<p>El presidente Mauricio Macri cerr\u00f3 en el CCK la reuni\u00f3n del gabinete nacional ampliado, que incluy\u00f3 a ministros, secretarios de Estado, legisladores y funcionarios de Direcciones y Administraciones Nacionales.<br \/>\nSi bien este encuentro se realiza una vez al mes para tratar temas generales, esta vez tuvo un doble foco, tras los resultados electorales de las PASO.<\/p>\n<p>Alberto Fern\u00e1ndez consider\u00f3 que el d\u00f3lar a $ 60 es un valor aceptable pero que deber\u00edan prevenirse posibles nuevos aumentos.<br \/>\nFern\u00e1ndez revel\u00f3 que durante la charla telef\u00f3nica que mantuvo con Mauricio Macri, le pidi\u00f3 al Presidente que \u00abtratemos de preservar las reservas, porque no son un dato menor\u00bb.<\/p>\n<p>En el \u00e1mbito sindical y social, la CGT pedir\u00e1 un m\u00ednimo de $ 31 mil en el Consejo del Salario y El Sindicato de Petr\u00f3leo tild\u00f3 el congelamiento de la nafta de \u201cintervenci\u00f3n al mercado\u201d.<br \/>\nEn tanto, hoy, Barrios de Pie y el Polo Obrero se movilizan a la Plaza de Mayo.<\/p>\n<p>\u00abNo nos perdamos a Vidal\u00bb, pidi\u00f3 el presidente del bloque de Cambiemos en Diputados bonaerenses, Maximiliano Abad.<br \/>\nAbad reconoci\u00f3 que en las PASO \u00ablos bonaerenses dieron un mensaje y expresaron lo que sienten, que no est\u00e1n bien\u00bb, pero exhort\u00f3 a que, pese a eso, en las generales de octubre voten por la gobernadora.<\/p>\n<p>El gobierno chino advirti\u00f3 que, por las manifestaciones prodemocracia, podr\u00eda movilizar hacia Hong Kong , las tropas que se encuentran apostadas en la ciudad fronteriza de Shenzhen.<br \/>\nDesde los EEUU, el presidente Donald Trump afirm\u00f3 que espera que Beijing act\u00fae con \u00abhumanidad\u00bb por el bien de las negociaciones comerciales entre las dos potencias.<br \/>\nITALIA<br \/>\nLa justicia italiana rompi\u00f3 el veto impuesto por el Ministro del Interior, Matteo Salvini y el \u00abOpen Arms\u00bb con 147 inmigrantes a bordo sigue avanzando hacia el puerto de Lampedusa.<\/p>\n<p>Maduro acus\u00f3 a Colombia de querer asesinarlo y EE.UU. pide a Ortega regresar a la mesa de di\u00e1logo con la oposici\u00f3n.<\/p>\n<p>Deportes<\/p>\n<p>Col\u00f3n va por las semifinales ante el Zulia venezolano. PSG le pide a Barcelona dos jugadores y 100 millones de euros por Neymar. Presentan \u00abFutbolistas Arriba\u00bb, dedicado a jugadores en situaci\u00f3n de retiro&#8230;.<\/p>\n<div><a style=\"font-size: 1.2em; font-weight: 600;\" href=\"https:\/\/www.buenosaires.gob.ar\/node\/58540\" target=\"_blank\" rel=\"noopener\">Ciudad de Buenos Aires<\/a><\/div>\n<\/div>\n<div>\n<p>\u00a1\u00daltimo fin de semana para vivir Tango #BA!. Las Semifinales del Mundial de Baile , grandes recitales de Pablo Agri &amp; Horario Romo,&#8230; Los vecinos ya pueden votar los proyectos de BA Elige 2019. Entre los m\u00e1s de 28 mil que llegaron a la plataforma de Participaci\u00f3n Ciudadana quedaron&#8230; D\u00f3nde y c\u00f3mo bailar tango en la Ciudad. Tango Buenos Aires Festival y Mundial presenta diferentes propuestas para aprender a&#8230; Jornada de donaci\u00f3n voluntaria de sangre en la Facultad de Odontolog\u00eda de la UBA. Este jueves 15 de agosto de 9.30 a 15.30 en la Facultad de Odontolog\u00eda de la UBA. El&#8230; Concurso Raquel Liberman: un premio a los que trabajan por los derechos de las mujeres. Est\u00e1 abierta la convocatoria para el \u00abPremio Raquel Liberman\u00bb que reconoce a personas y&#8230; Rodr\u00edguez Larreta, Finocchiaro y Acu\u00f1a recorrieron el nuevo Jard\u00edn N\u00ba 17 de Villa Lugano. Va a iniciar el ciclo lectivo 2020 con nuevas vacantes para los m\u00e1s chicos. \u00abEs un&#8230; Gabinete Abierto: desde septiembre, todos&#8230;<\/p>\n<\/div>\n<p><center><a href=\"http:\/\/www.cronica.com.ar\/\" target=\"_blank\" rel=\"noopener\">CRONICA, Buenos Aires<\/a><\/center><br \/>\n<img decoding=\"async\" src=\"http:\/\/diario5.com.ar\/wp-content\/uploads\/2019\/08\/ar_cronica[7].jpg\" width=\"750\" border=\"1\" \/><\/p>\n<p><center><a href=\"http:\/\/www.clarin.com\/\" target=\"_blank\" rel=\"noopener\">CLARIN, Buenos Aires<\/a><\/center><br \/>\n<img decoding=\"async\" src=\"http:\/\/diario5.com.ar\/wp-content\/uploads\/2019\/08\/ar_clari[16].jpg\" width=\"750\" border=\"1\" \/><\/p>\n<p><center><a href=\"http:\/\/www.cronista.com\/\" target=\"_blank\" rel=\"noopener\">EL CRONISTA COMERCIAL, Buenos Aires<\/a><\/center><br \/>\n<img decoding=\"async\" src=\"http:\/\/diario5.com.ar\/wp-content\/uploads\/2019\/08\/ar_cronista.750[7].jpg\" width=\"750\" border=\"1\" \/><\/p>\n<p><center><a href=\"http:\/\/www.lanacion.com\/\" target=\"_blank\" rel=\"noopener\">LA NACION, Buenos Aires<\/a><\/center><br \/>\n<img decoding=\"async\" src=\"http:\/\/diario5.com.ar\/wp-content\/uploads\/2019\/08\/nacio[16].jpg\" width=\"750\" border=\"1\" \/><\/p>\n<p><center><a href=\"http:\/\/www.ole.clarin.com\/\" target=\"_blank\" rel=\"noopener\">OLE, Buenos Aires<\/a><\/center><br \/>\n<img decoding=\"async\" src=\"http:\/\/diario5.com.ar\/wp-content\/uploads\/2019\/08\/ol[16].jpg\" width=\"750\" border=\"1\" \/><\/p>\n<p><center><a href=\"http:\/\/www.pagina12.com.ar\/\" target=\"_blank\" rel=\"noopener\">PAGINA 12, Buenos Aires<\/a><\/center><br \/>\n<img decoding=\"async\" src=\"http:\/\/diario5.com.ar\/wp-content\/uploads\/2019\/08\/ar_pagina1[16].jpg\" width=\"750\" border=\"1\" \/><\/p>\n<p><center><a href=\"http:\/\/perfil.com\/\" target=\"_blank\" rel=\"noopener\">PERFIL, Buenos Aires<\/a><\/center><br \/>\n<img decoding=\"async\" src=\"http:\/\/diario5.com.ar\/wp-content\/uploads\/2019\/08\/ar_perfil.750-16.jpg\" width=\"750\" border=\"1\" \/><\/p>\n<p><center><a href=\"http:\/\/www.popularonline.com.ar\/\" target=\"_blank\" rel=\"noopener\">DIARIO POPULAR, Buenos Aires<\/a><\/center><br \/>\n<img decoding=\"async\" src=\"http:\/\/diario5.com.ar\/wp-content\/uploads\/2019\/08\/ar_diario_popular[7].jpg\" width=\"750\" border=\"1\" \/><\/p>","protected":false},"excerpt":{"rendered":"<p>Diario 5 destaca: El presidente Mauricio Macri cerr\u00f3 en el CCK la reuni\u00f3n del gabinete nacional ampliado, que incluy\u00f3 a ministros, secretarios de Estado, legisladores y funcionarios de Direcciones y Administraciones Nacionales. Si bien este encuentro se realiza una vez al mes para tratar temas generales, esta vez tuvo un doble foco, tras los resultados [&hellip;]<\/p>","protected":false},"author":8,"featured_media":613165,"comment_status":"open","ping_status":"closed","sticky":false,"template":"","format":"standard","meta":[],"categories":[7],"tags":[474,630,331,643],"series":[],"_links":{"self":[{"href":"https:\/\/www.diario5.com.ar\/es\/wp-json\/wp\/v2\/posts\/613164"}],"collection":[{"href":"https:\/\/www.diario5.com.ar\/es\/wp-json\/wp\/v2\/posts"}],"about":[{"href":"https:\/\/www.diario5.com.ar\/es\/wp-json\/wp\/v2\/types\/post"}],"author":[{"embeddable":true,"href":"https:\/\/www.diario5.com.ar\/es\/wp-json\/wp\/v2\/users\/8"}],"replies":[{"embeddable":true,"href":"https:\/\/www.diario5.com.ar\/es\/wp-json\/wp\/v2\/comments?post=613164"}],"version-history":[{"count":3,"href":"https:\/\/www.diario5.com.ar\/es\/wp-json\/wp\/v2\/posts\/613164\/revisions"}],"predecessor-version":[{"id":613174,"href":"https:\/\/www.diario5.com.ar\/es\/wp-json\/wp\/v2\/posts\/613164\/revisions\/613174"}],"wp:featuredmedia":[{"embeddable":true,"href":"https:\/\/www.diario5.com.ar\/es\/wp-json\/wp\/v2\/media\/613165"}],"wp:attachment":[{"href":"https:\/\/www.diario5.com.ar\/es\/wp-json\/wp\/v2\/media?parent=613164"}],"wp:term":[{"taxonomy":"category","embeddable":true,"href":"https:\/\/www.diario5.com.ar\/es\/wp-json\/wp\/v2\/categories?post=613164"},{"taxonomy":"post_tag","embeddable":true,"href":"https:\/\/www.diario5.com.ar\/es\/wp-json\/wp\/v2\/tags?post=613164"},{"taxonomy":"series","embeddable":true,"href":"https:\/\/www.diario5.com.ar\/es\/wp-json\/wp\/v2\/series?post=613164"}],"curies":[{"name":"wp","href":"https:\/\/api.w.org\/{rel}","templated":true}]}}