{"id":612990,"date":"2019-08-13T08:04:30","date_gmt":"2019-08-13T11:04:30","guid":{"rendered":"http:\/\/diario5.com.ar\/?p=612990"},"modified":"2019-08-13T08:04:30","modified_gmt":"2019-08-13T11:04:30","slug":"el-monumento-mas-simbolico-del-tango-escondido-a-metros-del-rio-de-la-plata","status":"publish","type":"post","link":"https:\/\/www.diario5.com.ar\/es\/el-monumento-mas-simbolico-del-tango-escondido-a-metros-del-rio-de-la-plata\/","title":{"rendered":"El monumento m\u00e1s simb\u00f3lico del tango escondido a metros del R\u00edo de la Plata"},"content":{"rendered":"<h2 class=\"sub-title-primary\"><\/h2> <p><\/p>\n<p>De cara al R&iacute;o de la Plata, sobre un pedestal de cemento de casi dos metros descansa, soberbia, la figura que honra al tango argentino: El Virulazo.<\/p>\n<p>Ciudad del 2&#215;4, de esp&iacute;ritu arrabalero y nost&aacute;lgico, hasta 2007 Buenos Aires no contaba con un monumento que homenajeara a este g&eacute;nero musical y bailable que invadi&oacute; sus noches y cantinas, que le dio nombre a muchas de sus calles, que hoy suena y se baila y en el mundo entero y que es responsable del mayor evento internacional del rubro: el Festival y Mundial de Tango de Buenos Aires.<\/p>\n<p>\u00abLa obra es un homenaje al bandone&oacute;n, que es el instrumento fundamental en la historia del tango&rdquo;, cont&oacute; Mariano Pini, gu&iacute;a del Ente de Turismo del Gobierno de la Ciudad de Buenos Aires, quien conoce cada detalle de ella. De ah&iacute; su forma: firme pero a la vez d&oacute;cil, curva y espiralada. &ldquo;&#8230;y su nombre fue por Virulazo, uno de los grandes bailarines de la historia del tango, bailar&iacute;n de barrio, de club, que lleg&oacute; a Broadway&rdquo;, continu&oacute;.<\/p>\n<p><img decoding=\"async\" loading=\"lazy\" src=\"http:\/\/diario5.com.ar\/wp-content\/uploads\/2019\/08\/mg_9571.jpg\" width=\"3000\" height=\"2000\" alt=\"Foto de Juan Manuel Laurens-mig\/GCBA\" title=\"Foto de Juan Manuel Laurens-mig\/GCBA\"\/><\/p>\n<h3>El origen de la obra<br \/><\/h3>\n<p>Hace a&ntilde;os que se alza ah&iacute; escondida, rindiendo un homenaje en silencio al tango. La inaugur&oacute; el Gobierno porte&ntilde;o el 22 de noviembre de 2007, precisamente el D&iacute;a de la M&uacute;sica.<\/p>\n<p>La escultura es una creaci&oacute;n de Estela Trebino y de su hijo Alejandro Coria. &ldquo;Es el primer monumento de la Ciudad hecho en familia&rdquo;, destac&oacute; Pini al mencionar a los autores, que fueron ganadores de un concurso del Gobierno de la Ciudad de Buenos Aires al que aplic&oacute; Trebino desde Balcarce- donde viv&iacute;a- y qued&oacute; preseleccionada por el jurado entre m&aacute;s de 80 obras.<\/p>\n<p>Fueron los mismos porte&ntilde;os en una votaci&oacute;n los que seleccionaron a El Virulazo como la obra m&aacute;s representativa.<\/p>\n<p>Es tambi&eacute;n, la primera figura de acceso popular- como lo fue en alg&uacute;n momento el baile del 2&#215;4 en la noche porte&ntilde;a- a la que vecinos y turistas pueden visitar por cuenta propia en Azucena Villaflor y Calabria, en Puerto Madero, la zona donde todo surgi&oacute;.<\/p>\n<p>Pesa dos toneladas, mide 3,5 metros y est&aacute; realizada en acero inoxidable. Para llegar a donde est&aacute; hoy pas&oacute; por cuatro puntos m&iacute;ticos para la historia del tango: el monumento a Osvaldo Pugliese, en el barrio de Villa Crespo; el Abasto, en representaci&oacute;n al famoso cantautor Carlos Gardel; el Obelisco y el Luna Park, lugar donde adem&aacute;s fue velado Gardel en 1935.<\/p>\n<p><img decoding=\"async\" loading=\"lazy\" src=\"http:\/\/diario5.com.ar\/wp-content\/uploads\/2019\/08\/mg_9539_0.jpg\" width=\"3000\" height=\"2000\" alt=\"Foto de Juan Manuel Laurens-mig\/GCBA\" title=\"Foto de Juan Manuel Laurens-mig\/GCBA\"\/><\/p>\n<blockquote>\n<p>Le&eacute; tambi&eacute;n: <a href=\"http:\/\/www.buenosaires.gob.ar\/cultura\/noticias\/tango-buenos-aires-2019-festival-y-mundial-en-la-ciudad\">Contin&uacute;a una nueva edici&oacute;n de Tango Buenos Aires Festival y Mundial<\/a><\/p>\n<\/blockquote>\n<p>Hoy, yace mirando hacia el Uruguay, en el espacio al que arrib&oacute; a&ntilde;os atr&aacute;s en un barco alem&aacute;n junto a algunos inmigrantes que so&ntilde;aban armar una vida nueva; donde la m&uacute;sica fue un refugio para muchos de ellos y el ritmo se convirti&oacute; en el alma porte&ntilde;a. Sin embargo, pocos la conocen.<\/p>\n<p>Por eso, en el marco de una nueva edici&oacute;n del Festival y Mundial de Tango en Buenos Aires, que comenz&oacute; el pasado jueves 8 de agosto y continuar&aacute; hasta el 21 del mismo mes, el Ente de Turismo local decidi&oacute; incluirla dentro de una de sus visitas guiadas nocturnas.<\/p>\n<p>La visita es <strong>gratuita<\/strong> y se puede <a href=\"https:\/\/turismo.buenosaires.gob.ar\/es\/article\/visita-guiada-nocturna-puerto-madero\">reservar online<\/a> a trav&eacute;s de la p&aacute;gina de turismo de la Ciudad de Buenos Aires.<\/p>","protected":false},"excerpt":{"rendered":"<p>De cara al R&iacute;o de la Plata, sobre un pedestal de cemento de casi dos metros descansa, soberbia, la figura que honra al tango argentino: El Virulazo. Ciudad del 2&#215;4, de esp&iacute;ritu arrabalero y nost&aacute;lgico, hasta 2007 Buenos Aires no contaba con un monumento que homenajeara a este g&eacute;nero musical y bailable que invadi&oacute; sus [&hellip;]<\/p>","protected":false},"author":8,"featured_media":612991,"comment_status":"open","ping_status":"closed","sticky":false,"template":"","format":"standard","meta":[],"categories":[5],"tags":[],"series":[],"_links":{"self":[{"href":"https:\/\/www.diario5.com.ar\/es\/wp-json\/wp\/v2\/posts\/612990"}],"collection":[{"href":"https:\/\/www.diario5.com.ar\/es\/wp-json\/wp\/v2\/posts"}],"about":[{"href":"https:\/\/www.diario5.com.ar\/es\/wp-json\/wp\/v2\/types\/post"}],"author":[{"embeddable":true,"href":"https:\/\/www.diario5.com.ar\/es\/wp-json\/wp\/v2\/users\/8"}],"replies":[{"embeddable":true,"href":"https:\/\/www.diario5.com.ar\/es\/wp-json\/wp\/v2\/comments?post=612990"}],"version-history":[{"count":0,"href":"https:\/\/www.diario5.com.ar\/es\/wp-json\/wp\/v2\/posts\/612990\/revisions"}],"wp:featuredmedia":[{"embeddable":true,"href":"https:\/\/www.diario5.com.ar\/es\/wp-json\/wp\/v2\/media\/612991"}],"wp:attachment":[{"href":"https:\/\/www.diario5.com.ar\/es\/wp-json\/wp\/v2\/media?parent=612990"}],"wp:term":[{"taxonomy":"category","embeddable":true,"href":"https:\/\/www.diario5.com.ar\/es\/wp-json\/wp\/v2\/categories?post=612990"},{"taxonomy":"post_tag","embeddable":true,"href":"https:\/\/www.diario5.com.ar\/es\/wp-json\/wp\/v2\/tags?post=612990"},{"taxonomy":"series","embeddable":true,"href":"https:\/\/www.diario5.com.ar\/es\/wp-json\/wp\/v2\/series?post=612990"}],"curies":[{"name":"wp","href":"https:\/\/api.w.org\/{rel}","templated":true}]}}