{"id":612957,"date":"2019-08-11T21:28:37","date_gmt":"2019-08-12T00:28:37","guid":{"rendered":"http:\/\/diario5.com.ar\/?p=612957"},"modified":"2019-08-11T21:37:50","modified_gmt":"2019-08-12T00:37:50","slug":"la-acmv-muestra-a-los-comuneros-como-nunca-antes","status":"publish","type":"post","link":"https:\/\/www.diario5.com.ar\/es\/la-acmv-muestra-a-los-comuneros-como-nunca-antes\/","title":{"rendered":"La ACMV muestra a los comuneros como nunca antes"},"content":{"rendered":"<h2 class=\"sub-title-primary\"><\/h2> \n<div class=\"wp-block-image\"><figure class=\"alignright is-resized\"><img decoding=\"async\" loading=\"lazy\" src=\"http:\/\/diario5.com.ar\/wp-content\/uploads\/2019\/08\/PASO2019_Comuneros-01-427x700.jpg\" alt=\"\" class=\"wp-image-612960\" width=\"612\" height=\"1004\" srcset=\"https:\/\/www.diario5.com.ar\/wp-content\/uploads\/2019\/08\/PASO2019_Comuneros-01-427x700.jpg 427w, https:\/\/www.diario5.com.ar\/wp-content\/uploads\/2019\/08\/PASO2019_Comuneros-01-183x300.jpg 183w, https:\/\/www.diario5.com.ar\/wp-content\/uploads\/2019\/08\/PASO2019_Comuneros-01-768x1260.jpg 768w, https:\/\/www.diario5.com.ar\/wp-content\/uploads\/2019\/08\/PASO2019_Comuneros-01.jpg 1824w\" sizes=\"(max-width: 612px) 100vw, 612px\" \/><figcaption>Candidatos a las diversas comunas de la Ciudad de Buenos Aires fueron entrevistados por periodistas de la ACMV y ahora, con un toque a Twitter o Instagram, se los puede acceder a una forma de conocerlos m\u00e1s profundamente, de cara a las elecciones de octubre.<\/figcaption><\/figure><\/div>\n\n\n\n<p>Una cobertura period\u00edstica sin precedentes fue realizada por periodistas de medios de comunicaci\u00f3n que integran la Asociaci\u00f3n Civil de Medios Vecinales para las PASO en la Ciudad de Buenos Aires, con el foco puesto sobre precandidatos a ocupar cargos en las Comunas de la Ciudad.<\/p>\n\n\n\n<p>Por primera vez, se pudo acceder a un panorama de los pensamientos pol\u00edticos de los \u00abdesconocidos\u00bb comuneros, casi en tiempo real. A su vez, dado que los videos en los que se puede apreciar imagen, actitud y pensamiento de los pol\u00edticos, crece la importancia de la publicaci\u00f3n, por su condici\u00f3n de fuente de consulta durante la nueva etapa que se abre, hasta las elecciones del 27 de octubre.<\/p>\n\n\n\n<p>Los ahora candidatos, de las diversas fuerzas pol\u00edticas de la Ciudad de Buenos Aires, accedieron a participar de un relevamiento period\u00edstico de alto valor comunicacional, tomando en cuenta el invariable soslayo que desde las grandes organizaciones medi\u00e1ticas al que se somete a comuneros, sus funciones y y proyecci\u00f3n futura.<\/p>\n\n\n\n<p>Varios candidatos a integrar la \u00abMesa de 7 Sillas\u00bb, de cada una de las 15 comunas de CABA, se empe\u00f1an en poner blanco sobre negro la cuesti\u00f3n de la falta de cumplimiento de la Ley que los reglamenta y por la que desde hace algunos a\u00f1os se mantiene una discusi\u00f3n que necesita cobra m\u00e1s alto volumen para que la sociedad porte\u00f1a gane conciencia de ello.<\/p>\n\n\n\n<p><a rel=\"noreferrer noopener\" aria-label=\"VER INFORME AHORA (abre en una nueva pesta\u00f1a)\" href=\"https:\/\/twitter.com\/search?q=%40amvecinales&amp;src=typd\" target=\"_blank\">VER INFORME AHORA EN TWITTER<\/a><\/p>\n\n\n\n<p><a href=\"https:\/\/www.instagram.com\/acmv_ok\/?hl=es-la\" target=\"_blank\" rel=\"noreferrer noopener\" aria-label=\"VER INFORME AHORA EN INSTAGRAM (abre en una nueva pesta\u00f1a)\">VER INFORME AHORA EN INSTAGRAM<\/a><\/p>","protected":false},"excerpt":{"rendered":"<p>Una cobertura period\u00edstica sin precedentes fue realizada por periodistas de medios de comunicaci\u00f3n que integran la Asociaci\u00f3n Civil de Medios Vecinales para las PASO en la Ciudad de Buenos Aires, con el foco puesto sobre precandidatos a ocupar cargos en las Comunas de la Ciudad. Por primera vez, se pudo acceder a un panorama de [&hellip;]<\/p>","protected":false},"author":1,"featured_media":612960,"comment_status":"open","ping_status":"closed","sticky":false,"template":"","format":"standard","meta":[],"categories":[1],"tags":[],"series":[],"_links":{"self":[{"href":"https:\/\/www.diario5.com.ar\/es\/wp-json\/wp\/v2\/posts\/612957"}],"collection":[{"href":"https:\/\/www.diario5.com.ar\/es\/wp-json\/wp\/v2\/posts"}],"about":[{"href":"https:\/\/www.diario5.com.ar\/es\/wp-json\/wp\/v2\/types\/post"}],"author":[{"embeddable":true,"href":"https:\/\/www.diario5.com.ar\/es\/wp-json\/wp\/v2\/users\/1"}],"replies":[{"embeddable":true,"href":"https:\/\/www.diario5.com.ar\/es\/wp-json\/wp\/v2\/comments?post=612957"}],"version-history":[{"count":5,"href":"https:\/\/www.diario5.com.ar\/es\/wp-json\/wp\/v2\/posts\/612957\/revisions"}],"predecessor-version":[{"id":612966,"href":"https:\/\/www.diario5.com.ar\/es\/wp-json\/wp\/v2\/posts\/612957\/revisions\/612966"}],"wp:featuredmedia":[{"embeddable":true,"href":"https:\/\/www.diario5.com.ar\/es\/wp-json\/wp\/v2\/media\/612960"}],"wp:attachment":[{"href":"https:\/\/www.diario5.com.ar\/es\/wp-json\/wp\/v2\/media?parent=612957"}],"wp:term":[{"taxonomy":"category","embeddable":true,"href":"https:\/\/www.diario5.com.ar\/es\/wp-json\/wp\/v2\/categories?post=612957"},{"taxonomy":"post_tag","embeddable":true,"href":"https:\/\/www.diario5.com.ar\/es\/wp-json\/wp\/v2\/tags?post=612957"},{"taxonomy":"series","embeddable":true,"href":"https:\/\/www.diario5.com.ar\/es\/wp-json\/wp\/v2\/series?post=612957"}],"curies":[{"name":"wp","href":"https:\/\/api.w.org\/{rel}","templated":true}]}}