{"id":612908,"date":"2019-08-01T20:28:29","date_gmt":"2019-08-01T23:28:29","guid":{"rendered":"http:\/\/diario5.com.ar\/?p=612908"},"modified":"2019-08-09T21:27:14","modified_gmt":"2019-08-10T00:27:14","slug":"matias-tombolini-con-medios-vecinales","status":"publish","type":"post","link":"https:\/\/www.diario5.com.ar\/es\/matias-tombolini-con-medios-vecinales\/","title":{"rendered":"Mat\u00edas Tombolini, con medios vecinales de la ciudad"},"content":{"rendered":"<h2 class=\"sub-title-primary\"><\/h2> \n<div class=\"wp-block-image\"><figure class=\"alignright is-resized\"><img decoding=\"async\" loading=\"lazy\" src=\"http:\/\/diario5.com.ar\/img\/AMV-tombolini.jpg\" alt=\"\" width=\"611\" height=\"458\"\/><figcaption>El candidato con periodistas de medios porte\u00f1os<\/figcaption><\/figure><\/div>\n\n\n\n<p>Mat\u00edas Tombolini, candidato a Jefe de Gobierno Porte\u00f1o por Consenso Federal, es economista y elige tomar contacto con medios dedicados a informar de manera directa todo lo que rodea a los microuniversos porte\u00f1os, es decir, los medios vecinales, que tienden a enfocarse en las tem\u00e1ticas de las comunas, una por una.<\/p>\n\n\n\n<p>El Hombre en CABA de Roberto Lavagna convoc\u00f3 a la Asociaci\u00f3n de Medios Vecinales de la Ciudad de Buenos Aires, representada por periodistas de los medios \u201c<a href=\"https:\/\/barrioyciudad.com.ar\/2019\/07\/matias-tombolini-precandidato-a-jefe-de-gobierno-porteno\/\" target=\"_blank\" rel=\"noreferrer noopener\" aria-label=\"Barrio y Ciudad (abre en una nueva pesta\u00f1a)\">Barrio y Ciudad<\/a>\u201d, \u201cComunas\u201d, \u201cLa Taba\u201d, \u201cSesionar\u201d y \u201cNadie nos invit\u00f3\u201d. El resultado del di\u00e1logo fue un nutrido contenido basado en las ideas y propuestas de Tombolini, quien, si bien hoy a\u00fan cuenta con una fiel troupe que lo considera profundamente comprometido con su objetivo de arribar a la Jefatura de Gobierno de la Ciudad, es observado desde otro \u00e1ngulo de an\u00e1lisis, como presa posible de las cacer\u00eda que a Horacio Rodr\u00edguez Larreta le encanta realizar de los eventuales pol\u00edticos en crecimiento con aspiraciones al sill\u00f3n de Uspallata.<\/p>\n\n\n\n<p>Para Tombolini, en el caso de mantenerse firme en su mirada hacia el final del t\u00fanel e ir por la zanahoria mayor, deber\u00e1 establecer una poderosa combinaci\u00f3n de paciencia pol\u00edtica, acciones que le brinden prestigio y un proceso de crecimiento de su notoriedad, sin exageraciones ni peligrosos \u00abinflamientos\u00bb de imagen. Para \u00ablo otro\u00bb, \u00abTombo\u00bb ya tiene la chapa de pol\u00edtico capaz, inteligente, movedizo y sensible, por lo que s\u00f3lo le quedar\u00eda esperar la llamada telef\u00f3nica que en 2020 le har\u00eda alguna de las secretarias de Horacio para recibir la propuesta de ocupar un cargo de cierta jerarqu\u00eda en el gobierno de Juntos por el Cambio y confirmar la diluci\u00f3n de sus aspiraciones anteriores.<\/p>\n\n\n\n<p>Como bien ha quedado demostrado este a\u00f1o acerca de que nada es imposible en la pol\u00edtica argentina, val\u00eda la pena, por un lado, hacer foco en el punto pol\u00edtico alcanzado por este protagonista de la pol\u00edtica de la Ciudad de Buenos Aires, especialmente, a partir de su trabajo en el Consejo Econ\u00f3nico y Social. Por otro sendero, m\u00e1s a\u00fan vale la pena encontrarse abiertamente con el pensamiento de Mat\u00edas Tombolini, en di\u00e1logo con la AMV:<\/p>\n\n\n\n<figure class=\"wp-block-image is-resized\"><img decoding=\"async\" loading=\"lazy\" src=\"http:\/\/diario5.com.ar\/wp-content\/uploads\/2019\/08\/nota_tombolini-1-401x700.jpg\" alt=\"\" class=\"wp-image-612910\" width=\"749\" height=\"1307\" srcset=\"https:\/\/www.diario5.com.ar\/wp-content\/uploads\/2019\/08\/nota_tombolini-1-401x700.jpg 401w, https:\/\/www.diario5.com.ar\/wp-content\/uploads\/2019\/08\/nota_tombolini-1-172x300.jpg 172w, https:\/\/www.diario5.com.ar\/wp-content\/uploads\/2019\/08\/nota_tombolini-1.jpg 748w\" sizes=\"(max-width: 749px) 100vw, 749px\" \/><figcaption>Extracto del di\u00e1logo de Mat\u00edas Tombolini con miembros de la AMV<\/figcaption><\/figure>\n\n\n\n<p>M\u00e1s sobre tombolini con los medios vecinales:<\/p>\n\n\n\n<p> <a rel=\"noreferrer noopener\" aria-label=\"Comuna 7 (abre en una nueva pesta\u00f1a)\" href=\"https:\/\/www.lacomuna7.com.ar\/?p=13890\" target=\"_blank\">Comuna 7<\/a><\/p>\n\n\n\n<p><a href=\"http:\/\/vocesdelacomuna15.com.ar\/infoNot.php?codNot=862\" target=\"_blank\" rel=\"noreferrer noopener\" aria-label=\"Voce de la Comuna 15 (abre en una nueva pesta\u00f1a)\">Voce de la Comuna 15<\/a><\/p>","protected":false},"excerpt":{"rendered":"<p>Mat\u00edas Tombolini, candidato a Jefe de Gobierno Porte\u00f1o por Consenso Federal, es economista y elige tomar contacto con medios dedicados a informar de manera directa todo lo que rodea a los microuniversos porte\u00f1os, es decir, los medios vecinales, que tienden a enfocarse en las tem\u00e1ticas de las comunas, una por una. El Hombre en CABA [&hellip;]<\/p>","protected":false},"author":3,"featured_media":612910,"comment_status":"open","ping_status":"closed","sticky":false,"template":"","format":"standard","meta":[],"categories":[45,1],"tags":[],"series":[],"_links":{"self":[{"href":"https:\/\/www.diario5.com.ar\/es\/wp-json\/wp\/v2\/posts\/612908"}],"collection":[{"href":"https:\/\/www.diario5.com.ar\/es\/wp-json\/wp\/v2\/posts"}],"about":[{"href":"https:\/\/www.diario5.com.ar\/es\/wp-json\/wp\/v2\/types\/post"}],"author":[{"embeddable":true,"href":"https:\/\/www.diario5.com.ar\/es\/wp-json\/wp\/v2\/users\/3"}],"replies":[{"embeddable":true,"href":"https:\/\/www.diario5.com.ar\/es\/wp-json\/wp\/v2\/comments?post=612908"}],"version-history":[{"count":8,"href":"https:\/\/www.diario5.com.ar\/es\/wp-json\/wp\/v2\/posts\/612908\/revisions"}],"predecessor-version":[{"id":612921,"href":"https:\/\/www.diario5.com.ar\/es\/wp-json\/wp\/v2\/posts\/612908\/revisions\/612921"}],"wp:featuredmedia":[{"embeddable":true,"href":"https:\/\/www.diario5.com.ar\/es\/wp-json\/wp\/v2\/media\/612910"}],"wp:attachment":[{"href":"https:\/\/www.diario5.com.ar\/es\/wp-json\/wp\/v2\/media?parent=612908"}],"wp:term":[{"taxonomy":"category","embeddable":true,"href":"https:\/\/www.diario5.com.ar\/es\/wp-json\/wp\/v2\/categories?post=612908"},{"taxonomy":"post_tag","embeddable":true,"href":"https:\/\/www.diario5.com.ar\/es\/wp-json\/wp\/v2\/tags?post=612908"},{"taxonomy":"series","embeddable":true,"href":"https:\/\/www.diario5.com.ar\/es\/wp-json\/wp\/v2\/series?post=612908"}],"curies":[{"name":"wp","href":"https:\/\/api.w.org\/{rel}","templated":true}]}}