{"id":612898,"date":"2019-08-09T18:03:00","date_gmt":"2019-08-09T21:03:00","guid":{"rendered":"http:\/\/diario5.com.ar\/?p=612898"},"modified":"2019-08-10T00:14:34","modified_gmt":"2019-08-10T03:14:34","slug":"comenzo-una-nueva-edicion-de-tango-buenos-aires-festival-y-mundial","status":"publish","type":"post","link":"https:\/\/www.diario5.com.ar\/es\/comenzo-una-nueva-edicion-de-tango-buenos-aires-festival-y-mundial\/","title":{"rendered":"Tango Buenos Aires Festival y Mundial, en marcha"},"content":{"rendered":"<h2 class=\"sub-title-primary\"><\/h2> <p>La nueva edici\u00f3n de <strong>Tango Buenos Aires Festival y Mundial<\/strong>, presentada por el Ministerio de Cultura de la Ciudad de Buenos Aires, comenz\u00f3 este jueves, a sala llena, en el Centro Cultural 25 de Mayo (Villa Urquiza) con la obra de teatro <em>Aqu\u00ed cant\u00f3 Gardel<\/em>, un musical tanguero sobre la \u00faltima vez que el Zorzal Criollo cant\u00f3 en Buenos Aires en el escenario del viejo Cine Teatro 25 de Mayo. Una obra que conjuga artes esc\u00e9nicas con m\u00fasica en vivo para recorrer una experiencia clave en la historia de la cultura popular. Es la primera coproducci\u00f3n entre el Centro Cultural 25 de Mayo y la Direcci\u00f3n General de M\u00fasica y cuenta con la participaci\u00f3n de la Orquesta del Tango de Buenos Aires.<\/p>\n<p>Tango Buenos Aires Festival y Mundial cuenta con direcci\u00f3n art\u00edstica de Gabriel Soria y se realizar\u00e1 <strong>hasta el 21 de agosto, en m\u00e1s de 50 sedes<\/strong> a lo largo y ancho de la Ciudad. Conciertos, pel\u00edculas, feria de productos, clases de baile y milongas, teatro, un circuito de Polos Tangueros con diversas actividades en el barrio del Abasto, San Telmo, Versalles y Pompeya; celebraciones y homenajes especiales como los 50 a\u00f1os del estreno de Balada para un loco con una baldosa conmemorativa; talleres y exhibiciones de la mano del Programa Arte en Barrios; diferentes y variadas propuestas que reflejar\u00e1n la presencia femenina y el rol de la mujer en el tango; y mucho m\u00e1s, <strong>gratis<\/strong>, para celebrar la m\u00fasica que identifica a la Ciudad. Adem\u00e1s, en marco del Festival, se llevar\u00e1 a cabo una nueva edici\u00f3n del Mundial de Baile, la competencia tanguera de mayor trascendencia internacional. Tango BA es una gran oportunidad para seguir disfrutando o descubrir al g\u00e9nero que cautiva a miles de seguidores, que fue declarado <strong>Patrimonio Cultural Inmaterial de la Humanidad por la UNESCO<\/strong>.<\/p>\n<blockquote><p><a href=\"http:\/\/festivales.buenosaires.gob.ar\/2019\/tangofestivalymundial\/es\/home\">Conoc\u00e9 toda la programaci\u00f3n<\/a><\/p><\/blockquote>\n<p><img decoding=\"async\" loading=\"lazy\" src=\"http:\/\/diario5.com.ar\/wp-content\/uploads\/2019\/08\/2016_afs_tangoba_apertura_20190808_img_1794.jpg\" alt=\"\" width=\"960\" height=\"640\" \/><\/p>\n<p>Por su parte, el <strong>concierto de cierre<\/strong> ser\u00e1 el lunes 19 a las 21 en el Auditorio de la <strong>Usina del Arte<\/strong>, de la mano del pianista y compositor <strong>Jos\u00e9 Colangelo junto a Franco Luciani<\/strong>, uno de los m\u00fasicos m\u00e1s importantes en la ejecuci\u00f3n de la arm\u00f3nica. Un encuentro entre dos generaciones para homenajear a Hugo D\u00edaz, gran armoniquista argentino que grab\u00f3, hace casi un cuarto de siglo, tres discos de tango con el acompa\u00f1amiento de Colangelo.<\/p>\n<p>Esta edici\u00f3n ofrece jornadas a puro tango con un circuito de <strong>Polos Tangueros<\/strong> (Polo Abasto, Polo San Telmo, Polo Versalles y Polo Bandone\u00f3n) en los barrios el Abasto, San Telmo, Versalles y Pompeya con diversas actividades como milongas, presentaciones de discos, clases de baile, charlas, pel\u00edculas, conciertos y obras teatrales. Habr\u00e1 tambi\u00e9n intervenciones en espacios no tradicionales como Estaciones de Subte, Aeropuertos y en la Estaci\u00f3n de Retiro (ferrocarril Mitre). Y, por segundo a\u00f1o consecutivo, Tango BA brinda la posibilidad de que todos los vecinos de la Ciudad puedan ser protagonistas del Festival cantando en un micr\u00f3fono abierto, tanto grandes como chicos. <strong>Cant\u00e1 en el festival<\/strong>, contar\u00e1 con el cantor Alberto Bianco como anfitri\u00f3n, e invitados especiales junto a los guitarristas Tony Gallo y Horacio Barzola. La apertura y cierre de las ediciones estar\u00e1n a cargo de un referente de la locuci\u00f3n y conducci\u00f3n en radio y televisi\u00f3n: Silvio Sold\u00e1n.<\/p>\n<p>Grandes conciertos con artistas de renombre para todos los gustos, diversos p\u00fablicos y generaciones. El cantante <strong>Gabo Ferro<\/strong> se presentar\u00e1 junto a Edgardo Gonz\u00e1lez en guitarra con un espect\u00e1culo \u00edntimo en el Auditorio de la Usina. <strong>El Arranque<\/strong>, una de las formaciones tangueras m\u00e1s importantes de los \u00faltimos 20 a\u00f1os, realizar\u00e1 un concierto homenaje a Leopoldo Federico con bandoneonistas invitados. <strong>Ra\u00fal Lavi\u00e9<\/strong> con sus cl\u00e1sicos y <strong>Amelita Baltar junto al Sexteto Mayor<\/strong>, emblemas en la historia del tango, tambi\u00e9n ofrecer\u00e1n dos conciertos inigualables para los amantes del g\u00e9nero, entre otros artistas, orquestas y ensambles.<\/p>\n<p><img decoding=\"async\" loading=\"lazy\" src=\"http:\/\/diario5.com.ar\/wp-content\/uploads\/2019\/08\/raul_lavie_sexteto-3.jpg\" alt=\"\" width=\"960\" height=\"640\" \/><\/p>\n<p>Dentro de las visitas internacionales, esta edici\u00f3n contar\u00e1 con la presencia del <strong>Tr\u00edo Mosalini<\/strong> (Argentina\/Francia), el regreso del maestro Juan Jos\u00e9 Mosalini, referente del bandone\u00f3n en toda Europa junto a <strong>Diego Aub\u00eda y Nicol\u00e1s Peyrat<\/strong>, por primera vez en Argentina; el pianista y compositor italiano <strong>Fabrizio Mocata<\/strong> junto al violinista, director, compositor y arreglador <strong>Fabi\u00e1n Bertero<\/strong> presentar\u00e1n el disco Cruzando aguas, grabado este a\u00f1o en Montevideo, con temas compuestos por ambos m\u00fasicos; y un concierto con pura sangre uruguaya de la mano de la cantante <strong>Olga Delgrossi<\/strong>, quien a los 87 a\u00f1os es la int\u00e9rprete m\u00e1s legendaria del tango rioplatense.<\/p>\n<p>Se celebrar\u00e1n diversos aniversarios, como ser los <strong>50 a\u00f1os del estreno de Balada para un loco<\/strong> -la obra compuesta por los acordes de Astor Piazzolla y los versos de Horacio Ferrer- con una <strong>baldosa conmemorativa en Callao y Arenales<\/strong>. Los 90 a\u00f1os de Ernesto Franco, el bandoneonista de mayor edad en actividad, que se presentar\u00e1 con su orquesta y junto a la pareja invitada de <strong>Gloria y Eduardo Arquimbau<\/strong>, con una trayectoria internacional y m\u00e1s de 60 a\u00f1os de carrera. Los 50 a\u00f1os junto al tango de Mar\u00eda Garay, una gran cantante y referente de las nuevas generaciones. Los 20 a\u00f1os en el g\u00e9nero de Esteban Morgado, quien repasar\u00e1 el repertorio de todos sus discos con su cuarteto original, junto a la destacada int\u00e9rprete Mar\u00eda Gra\u00f1a. Los 70 a\u00f1os con la m\u00fasica de Walter R\u00edos, el reconocido arreglador, compositor, director musical e int\u00e9rprete del bandone\u00f3n, quien prepar\u00f3 un repertorio especial para el Festival y tocar\u00e1 con el instrumento que le regal\u00f3 Astor Piazzolla y con el que perteneci\u00f3 a \u201cPichuco\u201d Troilo. Y los 60 a\u00f1os del Quinteto Real, dirigido por Cesar Salg\u00e1n, con un concierto que cruzar\u00e1 novedosos arreglos con un repertorio que marc\u00f3 toda una \u00e9poca.<\/p>\n<p><img decoding=\"async\" loading=\"lazy\" src=\"http:\/\/diario5.com.ar\/wp-content\/uploads\/2019\/08\/rondas_clasificatorias_del_mundial_de_tango-3.jpg\" alt=\"\" width=\"960\" height=\"640\" \/><\/p>\n<p>Todos los d\u00edas en la Usina del Arte se desarrollar\u00e1 uno de los hitos del Festival, la <strong>Milonga del Sal\u00f3n Mayor<\/strong>, una milonga abierta destinada a todos aquellos que quieren sacarle viruta al piso con DJ invitados de distintas generaciones y estilos musicales. Adem\u00e1s, habr\u00e1 milongas en Espacios Culturales tanto para los apasionados del g\u00e9nero como para quienes buscan dar sus primeros pasos.<\/p>\n<p>En la Sala de C\u00e1mara de la Usina del Arte, se llevar\u00e1n a cabo dos <strong>propuestas de g\u00e9nero<\/strong> de la mano de reconocidos colectivos feministas: una charla a cargo del <strong>Movimiento Feminista de Tango<\/strong> sobre el Protocolo para milongas y un espect\u00e1culo de tango integral para promover una perspectiva de g\u00e9nero en este ambiente art\u00edstico, de la mano de <strong>Tango Hembra<\/strong>, la agrupaci\u00f3n de hacedoras culturales de la actual escena tanguera argentina, que buscan acceder con su trabajo a un espacio igualitario de oportunidades. Su tarea fue declarada de Inter\u00e9s Cultural para la Promoci\u00f3n de los Derechos de las Mujeres por la Legislatura porte\u00f1a.<\/p>\n<p>Como es tradici\u00f3n, Tango BA presentar\u00e1 <strong>cruces musicales<\/strong> para estimular el crecimiento, desarrollo del g\u00e9nero y llegada a nuevos p\u00fablicos. En la Usina del Arte, el Quinteto Negro La Boca, referente musical del m\u00edtico barrio y de la guardia nueva del tango, ofrecer\u00e1 un espect\u00e1culo de cruces urbanos y est\u00e9ticos entre el baile y la poes\u00eda, con tres invitados: Dakillah, Pharuk y T&amp;K. Adem\u00e1s, el ciclo Jazzolog\u00eda, creado por Carlos Inzillo, tendr\u00e1 una propuesta original y \u00fanica. Pablo Aslan, contrabajista y arreglador argentino radicado en Nueva York, dirigir\u00e1 especialmente un quinteto de solistas para interpretar el disco Piazzolla en Brooklyn, que rescata un LP de Piazzolla grabado en 1959 en Estados Unidos: The Latin Rhythms, una fusi\u00f3n de tango y jazz.<\/p>\n<p><img decoding=\"async\" loading=\"lazy\" src=\"http:\/\/diario5.com.ar\/wp-content\/uploads\/2019\/08\/tango_ba_05_-_creditos_festivales_gcba-3.jpg\" alt=\"\" width=\"960\" height=\"640\" \/><\/p>\n<p>Los <strong>m\u00e1s chicos tambi\u00e9n podr\u00e1n disfrutar de varias propuestas tangueras<\/strong>. En la Usina del Arte se presentar\u00e1n dos espect\u00e1culos teatrales: la Compa\u00f1\u00eda G\u00e9nesis Tango con su show Abrazadabra, una obra infantil que combina actuaci\u00f3n, m\u00fasica y danza; y Los chicos y el tango, una historia de amor al comp\u00e1s del 2&#215;4 en la que cada tango es un peque\u00f1o romance. Bailarines y actores en escena entrelazan tangos, milongas y juegos participativos para todas las edades. Adem\u00e1s, una clase y taller de tango de la mano de Olga Besio (con inscripci\u00f3n previa) y, en el d\u00eda del ni\u00f1o, la Orquesta Escuela Infantil y Juvenil de Tango Tit\u00ed Rossi del Centro Cultural Bien Bohemio, brindar\u00e1 un concierto did\u00e1ctico para celebrar en familia.<\/p>\n<p>El <em>Mundial de Baile<\/em> comenzar\u00e1 con las <strong>rondas clasificatorias<\/strong> el pr\u00f3ximo lunes 12 de agosto en la Usina del Arte. Las <strong>semifinales<\/strong> ser\u00e1n los d\u00edas 17 y 18 de agosto y las <strong>finales<\/strong> -de donde saldr\u00e1n los Campeones Mundiales de Tango de Pista y Tango Escenario- el martes 20 y mi\u00e9rcoles 21 de agosto en el Luna Park, con presentaciones en vivo del humorista, m\u00fasico, cantor, compositor y luthier <strong>Hugo Varela<\/strong> y del grupo que dirige Daniel \u00abPipi\u00bb Piazzolla, <strong>Escalandrum<\/strong>, junto a uno de los m\u00e1ximos representantes de la canci\u00f3n local e internacional, <strong>Jairo<\/strong>.<\/p>\n<p>Adem\u00e1s habr\u00e1 premieres de largometrajes, obras teatrales, exhibiciones y talleres de la mano del Programa Arte en Barrios del Gobierno de la Ciudad, clases de baile, cl\u00ednicas de m\u00fasica, actividades en Bares Notables, transmisi\u00f3n en vivo por la 2&#215;4 FM, feria de productos y mucho m\u00e1s para completar una edici\u00f3n \u00fanica que celebrar\u00e1 la pasi\u00f3n por el tango en la Ciudad.<\/p>\n<p><img decoding=\"async\" loading=\"lazy\" src=\"http:\/\/diario5.com.ar\/wp-content\/uploads\/2019\/08\/jairo_2-3.jpg\" alt=\"\" width=\"960\" height=\"640\" \/><\/p>\n<hr \/>\n<h2>Entradas<\/h2>\n<p>Las entradas para todos los espect\u00e1culos y actividades de Tango Buenos Aires Festival y Mundial son gratuitas. Algunas requieren reserva o inscripci\u00f3n previa.<\/p>\n<p><strong>Reserva online<\/strong><\/p>\n<p>Para presenciar <strong>Cant\u00e1 en el Festival<\/strong> y disfrutar de las <strong>Semifinales del Mundial de Baile<\/strong> en la Usina del Arte y de los <strong>espect\u00e1culos<\/strong> del Festival programados en las siguientes sedes, la reserva de entradas es online: Usina del Arte (en Sala de C\u00e1mara y Auditorio), Museo del Cine Pablo Ducr\u00f3s Hicken, Centro Cultural 25 de Mayo, El Cultural San Mart\u00edn, Espacio Cultural Juli\u00e1n Centeya, Espacio Cultural Carlos Gardel, Espacio Cultural Resurgimiento, Espacio Cultural Ad\u00e1n Buenosayres, El Moderno, Teatro Margarita Xirgu &#8211; Espacio UNTREF, Teatro Monteviejo, Academia Nacional del Tango y Academia Porte\u00f1a del Lunfardo.<\/p>\n<ul>\n<li>Se podr\u00e1 reservar 1 (una) entrada por persona por funci\u00f3n. Las entradas reservadas se podr\u00e1n retirar desde 2 (dos) horas antes del comienzo del espect\u00e1culo en el Puesto de Informes de cada sede. Las reservas tendr\u00e1n validez hasta 30 minutos antes del comienzo del espect\u00e1culo. Luego se liberar\u00e1n para el p\u00fablico general.<\/li>\n<li>Habr\u00e1 una cantidad de entradas disponibles para retiro en cada sede, desde 1(una) hora antes del horario de la funci\u00f3n, sin reserva previa.<\/li>\n<li>Para reservar entrada se deber\u00e1 ingresar en <a href=\"http:\/\/festivales.buenosaires.gob.ar\/2019\/tangofestivalymundial\/es\/entradas\">www.buenosaires.gob.ar\/festivales<\/a><\/li>\n<\/ul>\n<p><strong>Entrada libre<\/strong><\/p>\n<p>Para los espect\u00e1culos y actividades en el resto de las sedes y para presenciar las rondas clasificatorias del Mundial de Baile, no es necesario reservar entradas con anticipaci\u00f3n. El ingreso es por orden de llegada hasta agotar la capacidad de los espacios.<\/p>\n<p><strong>Inscripci\u00f3n online<\/strong><\/p>\n<p>Para participar de las Clases de baile y de Cant\u00e1 en el Festival, es necesario inscribirse previamente de forma online. Se asignar\u00e1n los lugares por orden de inscripci\u00f3n hasta agotar los cupos. Para anotarse se deber\u00e1 ingresar en <a href=\"http:\/\/festivales.buenosaires.gob.ar\/2019\/tangofestivalymundial\/es\/entradas\">www.buenosaires.gob.ar\/festivales<\/a>.<\/p>\n<p><strong>Finales en el Luna Park<\/strong><\/p>\n<p>Para disfrutar de las Finales del Mundial de Baile de las categor\u00edas Tango de Pista y Tango Escenario los d\u00edas 20 y 21 de agosto respectivamente en el Estadio Luna Park, se podr\u00e1 reservar online 1 (una) entrada por persona por cada final, desde el viernes 16 de agosto en <a href=\"http:\/\/festivales.buenosaires.gob.ar\/2019\/tangofestivalymundial\/es\/entradas\">buenosaires.gob.ar\/festivales<\/a>. Las entradas reservadas se podr\u00e1n retirar el d\u00eda del espect\u00e1culo desde las 12 en el estadio Luna Park. La asignaci\u00f3n de ubicaciones ser\u00e1 por orden de llegada y las reservas tendr\u00e1n validez hasta 30 minutos antes del comienzo del espect\u00e1culo. Luego se liberar\u00e1n para el p\u00fablico general. Habr\u00e1 una cantidad de entradas disponibles para retiro presencial en la Usina del Arte el d\u00eda viernes 16 de agosto a partir de las 11, sin reserva previa.<\/p>\n<p><img decoding=\"async\" loading=\"lazy\" src=\"http:\/\/diario5.com.ar\/wp-content\/uploads\/2019\/08\/rondas-3.jpg\" alt=\"\" width=\"960\" height=\"640\" \/><\/p>\n<h3><a href=\"https:\/\/www.diario5.com.ar\/es\/las-sedes-del-festival\/\"><strong>Ver las Sedes<\/strong><\/a><\/h3>","protected":false},"excerpt":{"rendered":"<p>La nueva edici\u00f3n de Tango Buenos Aires Festival y Mundial, presentada por el Ministerio de Cultura de la Ciudad de Buenos Aires, comenz\u00f3 este jueves, a sala llena, en el Centro Cultural 25 de Mayo (Villa Urquiza) con la obra de teatro Aqu\u00ed cant\u00f3 Gardel, un musical tanguero sobre la \u00faltima vez que el Zorzal [&hellip;]<\/p>","protected":false},"author":8,"featured_media":612899,"comment_status":"open","ping_status":"closed","sticky":false,"template":"","format":"standard","meta":[],"categories":[5],"tags":[],"series":[],"_links":{"self":[{"href":"https:\/\/www.diario5.com.ar\/es\/wp-json\/wp\/v2\/posts\/612898"}],"collection":[{"href":"https:\/\/www.diario5.com.ar\/es\/wp-json\/wp\/v2\/posts"}],"about":[{"href":"https:\/\/www.diario5.com.ar\/es\/wp-json\/wp\/v2\/types\/post"}],"author":[{"embeddable":true,"href":"https:\/\/www.diario5.com.ar\/es\/wp-json\/wp\/v2\/users\/8"}],"replies":[{"embeddable":true,"href":"https:\/\/www.diario5.com.ar\/es\/wp-json\/wp\/v2\/comments?post=612898"}],"version-history":[{"count":2,"href":"https:\/\/www.diario5.com.ar\/es\/wp-json\/wp\/v2\/posts\/612898\/revisions"}],"predecessor-version":[{"id":612942,"href":"https:\/\/www.diario5.com.ar\/es\/wp-json\/wp\/v2\/posts\/612898\/revisions\/612942"}],"wp:featuredmedia":[{"embeddable":true,"href":"https:\/\/www.diario5.com.ar\/es\/wp-json\/wp\/v2\/media\/612899"}],"wp:attachment":[{"href":"https:\/\/www.diario5.com.ar\/es\/wp-json\/wp\/v2\/media?parent=612898"}],"wp:term":[{"taxonomy":"category","embeddable":true,"href":"https:\/\/www.diario5.com.ar\/es\/wp-json\/wp\/v2\/categories?post=612898"},{"taxonomy":"post_tag","embeddable":true,"href":"https:\/\/www.diario5.com.ar\/es\/wp-json\/wp\/v2\/tags?post=612898"},{"taxonomy":"series","embeddable":true,"href":"https:\/\/www.diario5.com.ar\/es\/wp-json\/wp\/v2\/series?post=612898"}],"curies":[{"name":"wp","href":"https:\/\/api.w.org\/{rel}","templated":true}]}}