{"id":612775,"date":"2019-08-06T11:47:00","date_gmt":"2019-08-06T14:47:00","guid":{"rendered":"http:\/\/diario5.com.ar\/?p=612775"},"modified":"2019-08-10T00:02:16","modified_gmt":"2019-08-10T03:02:16","slug":"comienza-una-nueva-edicion-de-tango-buenos-aires-festival-y-mundial-en-la-ciudad","status":"publish","type":"post","link":"https:\/\/www.diario5.com.ar\/es\/comienza-una-nueva-edicion-de-tango-buenos-aires-festival-y-mundial-en-la-ciudad\/","title":{"rendered":"Tango Buenos Aires Festival y Mundial van del 8 al 21"},"content":{"rendered":"<h2 class=\"sub-title-primary\"><\/h2> <figure style=\"width: 612px\" class=\"wp-caption alignright\"><img decoding=\"async\" loading=\"lazy\" src=\"http:\/\/diario5.com.ar\/wp-content\/uploads\/2019\/08\/tango_ba_03_-_creditos_festivales_gcba.jpg\" alt=\"\" width=\"612\" height=\"407\" \/><figcaption class=\"wp-caption-text\">Se viene el Mundial de Tango<\/figcaption><\/figure>\n<p>Gabriel Soria ser\u00e1 el director de edici\u00f3n de este a\u00f1o de <strong>Tango Buenos Aires Festival y Mundial<\/strong>, que se vivir\u00e1 en la Ciudad entre el 8 y el 21 de agosto. Ya tenemos experiencia con este evento organizado por el Ministerio de Cultura de la Ciudad de Buenos Aires. Todo arfranca en vario barrios y finaliza en el Luna Park.<\/p>\n<p>Los\u00a0<em>Polos Tangueros<\/em>\u00a0de arranque estar\u00e1n en el Abasto, San Telmo, Versalles y Pompeya. Habr\u00e1 conciertos, pel\u00edculas, feria de productos, clases de baile y milongas y teatro.<\/p>\n<p>Todas las acrividades previas icluyen celebraciones y homenajes especiales. Unio de ellos ser\u00e1n los 50 a\u00f1os del estreno de Balada para un loco con una baldosa conmemorativa<\/p>\n<p>talleres y exhibiciones de la mano del Programa Arte en Barrios; diferentes y variadas propuestas que reflejar\u00e1n la presencia femenina y el rol de la mujer en el tango y mucho m\u00e1s, gratis, para celebrar la m\u00fasica que identifica a la Ciudad.<\/p>\n<p>Adem\u00e1s, en el marco del Festival, se realizar\u00e1 una nueva edici\u00f3n del <strong>Mundial de Baile<\/strong>, la competencia tanguera de mayor trascendencia internacional. Tango BA es una gran oportunidad para seguir disfrutando o descubrir al g\u00e9nero que cautiva a miles de seguidores, que fue declarado <strong>Patrimonio Cultural Inmaterial de la Humanidad por la UNESCO<\/strong>.<\/p>\n<p><a href=\"http:\/\/festivales.buenosaires.gob.ar\/2019\/tangofestivalymundial\/es\/home\">Programaci\u00f3n del Mundial de Tango<\/a><\/p>\n<p>Enrique Avogadro, Ministro de Cultura de la Ciudad, sostiene: \u00abCelebramos que el tango, que forma parte de nuestra identidad cultural, trascienda fronteras y sea compartido con el mundo. A\u00f1o tras a\u00f1o artistas de diferentes ciudades vienen a participar de este certamen a nuestra Ciudad y eso nos llena de orgullo. M\u00fasicos, artistas, poetas, bailarines y cantantes se re\u00fanen en esta ocasi\u00f3n en un encuentro que consolida a nuestra querida Buenos Aires como el Centro Cultural de Latinoam\u00e9rica. Vecinos y turistas van a poder disfrutar de una nueva edici\u00f3n de un cl\u00e1sico que se renueva y se supera constantemente\u00bb.<\/p>\n<p>\u00abEn esta edici\u00f3n compartiremos diferentes miradas sobre el tango desde la visi\u00f3n de los artistas que d\u00eda a d\u00eda construyen el presente de nuestro g\u00e9nero con propuestas renovadoras y creativas\u00bb afirma Gabriel Soria, Director Art\u00edstico del Festival.<\/p>\n<p>Por primera vez, la <strong>apertura del Festival<\/strong> ser\u00e1 con un espect\u00e1culo teatral, el <strong>jueves 8 de agosto<\/strong> a las 20.30 en el Centro Cultural 25 de Mayo, con <strong>Aqu\u00ed cant\u00f3 Gardel<\/strong>, un musical tanguero sobre la \u00faltima vez que el Zorzal Criollo cant\u00f3 en Buenos Aires en el escenario del viejo Cine Teatro 25 de Mayo. Una obra que conjuga artes esc\u00e9nicas con m\u00fasica en vivo para recorrer una experiencia clave en la historia de la cultura popular y es la primera coproducci\u00f3n entre el Centro Cultural 25 de Mayo y la Direcci\u00f3n General de M\u00fasica y cuenta con la participaci\u00f3n de la Orquesta del Tango de la Ciudad de Buenos Aires.<\/p>\n<p><img decoding=\"async\" loading=\"lazy\" class=\"alignleft\" src=\"http:\/\/diario5.com.ar\/wp-content\/uploads\/2019\/08\/aqui_canto_gardel.jpg\" alt=\"\" width=\"562\" height=\"374\" \/><\/p>\n<p>Por su parte, el <strong>concierto de cierre<\/strong> ser\u00e1 el lunes 19 a las 21 en el Auditorio de la <strong>Usina del Arte<\/strong>, de la mano del pianista y compositor <strong>Jos\u00e9 Colangelo junto a Franco Luciani<\/strong>, uno de los m\u00fasicos m\u00e1s importantes en la ejecuci\u00f3n de la arm\u00f3nica. Un encuentro entre dos generaciones para homenajear a Hugo D\u00edaz, gran armoniquista argentino que grab\u00f3, hace casi un cuarto de siglo, tres discos de tango con el acompa\u00f1amiento de Colangelo.<\/p>\n<p>Esta edici\u00f3n ofrecer\u00e1 jornadas a puro tango con un circuito de <strong>Polos Tangueros<\/strong> (Polo Abasto, Polo San Telmo, Polo Versalles y Polo Bandone\u00f3n) en los barrios el Abasto, San Telmo, Versalles y Pompeya con diversas actividades como milongas, presentaciones de discos, clases de baile, charlas, pel\u00edculas, conciertos y obras teatrales. Habr\u00e1 tambi\u00e9n intervenciones en espacios no tradicionales como Estaciones de Subte, Aeropuertos y en la Estaci\u00f3n de Retiro (ferrocarril Mitre). Y, por segundo a\u00f1o consecutivo, Tango BA brinda la posibilidad de que todos los vecinos de la Ciudad puedan ser protagonistas del Festival cantando en un micr\u00f3fono abierto, tanto grandes como chicos. <strong>Cant\u00e1 en el festival<\/strong>, contar\u00e1 con el cantor Alberto Bianco como anfitri\u00f3n, e invitados especiales junto a los guitarristas Tony Gallo y Horacio Barzola. La apertura y cierre de las ediciones estar\u00e1n a cargo de un referente de la locuci\u00f3n y conducci\u00f3n en radio y televisi\u00f3n: Silvio Sold\u00e1n.<\/p>\n<p>Grandes conciertos con artistas de renombre para todos los gustos, diversos p\u00fablicos y generaciones. El cantante <strong>Gabo Ferro<\/strong> se presentar\u00e1 junto a Edgardo Gonz\u00e1lez en guitarra con un espect\u00e1culo \u00edntimo en el Auditorio de la Usina. <strong>El Arranque<\/strong>, una de las formaciones tangueras m\u00e1s importantes de los \u00faltimos 20 a\u00f1os, realizar\u00e1 un concierto homenaje a Leopoldo Federico con bandoneonistas invitados. <strong>Ra\u00fal Lavi\u00e9<\/strong> con sus cl\u00e1sicos y <strong>Amelita Baltar junto al Sexteto Mayor<\/strong>, emblemas en la historia del tango, tambi\u00e9n ofrecer\u00e1n dos conciertos inigualables para los amantes del g\u00e9nero, entre otros artistas, orquestas y ensambles.<\/p>\n<p><img decoding=\"async\" loading=\"lazy\" class=\"alignright\" src=\"http:\/\/diario5.com.ar\/wp-content\/uploads\/2019\/08\/raul_lavie_sexteto.jpg\" alt=\"\" width=\"550\" height=\"366\" \/><\/p>\n<p>Dentro de las visitas internacionales, esta edici\u00f3n contar\u00e1 con la presencia del <strong>Tr\u00edo Mosalini<\/strong> (Argentina\/Francia), el regreso del maestro Juan Jos\u00e9 Mosalini, referente del bandone\u00f3n en toda Europa junto a <strong>Diego Aub\u00eda y Nicol\u00e1s Peyrat<\/strong>, por primera vez en Argentina; el pianista y compositor italiano <strong>Fabrizio Mocata<\/strong> junto al violinista, director, compositor y arreglador <strong>Fabi\u00e1n Bertero<\/strong> presentar\u00e1n el disco Cruzando aguas, grabado este a\u00f1o en Montevideo, con temas compuestos por ambos m\u00fasicos; y un concierto con pura sangre uruguaya de la mano de la cantante <strong>Olga Delgrossi<\/strong>, quien a los 87 a\u00f1os es la int\u00e9rprete m\u00e1s legendaria del tango rioplatense.<\/p>\n<p>Se celebrar\u00e1n diversos aniversarios, como ser los <strong>50 a\u00f1os del estreno de Balada para un loco<\/strong> -la obra compuesta por los acordes de Astor Piazzolla y los versos de Horacio Ferrer- con una <strong>baldosa conmemorativa en Callao y Arenales<\/strong>. Los 90 a\u00f1os de Ernesto Franco, el bandoneonista de mayor edad en actividad, que se presentar\u00e1 con su orquesta y junto a la pareja invitada de <strong>Gloria y Eduardo Arquimbau<\/strong>, con una trayectoria internacional y m\u00e1s de 60 a\u00f1os de carrera. Los 50 a\u00f1os junto al tango de Mar\u00eda Garay, una gran cantante y referente de las nuevas generaciones. Los 20 a\u00f1os en el g\u00e9nero de Esteban Morgado, quien repasar\u00e1 el repertorio de todos sus discos con su cuarteto original, junto a la destacada int\u00e9rprete Mar\u00eda Gra\u00f1a. Los 70 a\u00f1os con la m\u00fasica de Walter R\u00edos, el reconocido arreglador, compositor, director musical e int\u00e9rprete del bandone\u00f3n, quien prepar\u00f3 un repertorio especial para el Festival y tocar\u00e1 con el instrumento que le regal\u00f3 Astor Piazzolla y con el que perteneci\u00f3 a \u201cPichuco\u201d Troilo. Y los 60 a\u00f1os del Quinteto Real, dirigido por Cesar Salg\u00e1n, con un concierto que cruzar\u00e1 novedosos arreglos con un repertorio que marc\u00f3 toda una \u00e9poca.<\/p>\n<p><img decoding=\"async\" loading=\"lazy\" class=\"alignleft\" src=\"http:\/\/diario5.com.ar\/wp-content\/uploads\/2019\/08\/rondas_clasificatorias_del_mundial_de_tango.jpg\" alt=\"\" width=\"541\" height=\"360\" \/><\/p>\n<p>Todos los d\u00edas en la Usina del Arte, se desarrollar\u00e1 uno de los hitos del Festival, la <strong>Milonga del Sal\u00f3n Mayor<\/strong>, una milonga abierta destinada a todos aquellos que quieren sacarle viruta al piso con DJ invitados de distintas generaciones y estilos musicales. Adem\u00e1s, habr\u00e1 milongas en Espacios Culturales tanto para los apasionados del g\u00e9nero como para quienes buscan dar sus primeros pasos.<\/p>\n<p>En la Sala de C\u00e1mara de la Usina del Arte, se llevar\u00e1n a cabo dos <strong>propuestas de g\u00e9nero<\/strong> de la mano de reconocidos colectivos feministas: una charla a cargo del <strong>Movimiento Feminista de Tango<\/strong> sobre el Protocolo para milongas y un espect\u00e1culo de tango integral para promover una perspectiva de g\u00e9nero en este ambiente art\u00edstico, de la mano de <strong>Tango Hembra<\/strong>, la agrupaci\u00f3n de hacedoras culturales de la actual escena tanguera argentina, que buscan acceder con su trabajo a un espacio igualitario de oportunidades. Su tarea fue declarada de Inter\u00e9s Cultural para la Promoci\u00f3n de los Derechos de las Mujeres por la Legislatura porte\u00f1a.<\/p>\n<p>Como es tradici\u00f3n, Tango BA presentar\u00e1 <strong>cruces musicales<\/strong> para estimular el crecimiento, desarrollo del g\u00e9nero y llegada a nuevos p\u00fablicos. En la Usina del Arte, el Quinteto Negro La Boca, referente musical del m\u00edtico barrio y de la guardia nueva del tango, ofrecer\u00e1 un espect\u00e1culo de cruces urbanos y est\u00e9ticos entre el baile y la poes\u00eda, con tres invitados: Dakillah, Pharuk y T&amp;K. Adem\u00e1s, el ciclo Jazzolog\u00eda, creado por Carlos Inzillo, tendr\u00e1 una propuesta original y \u00fanica. Pablo Aslan, contrabajista y arreglador argentino radicado en Nueva York, dirigir\u00e1 especialmente un quinteto de solistas para interpretar el disco Piazzolla en Brooklyn, que rescata un LP de Piazzolla grabado en 1959 en Estados Unidos: The Latin Rhythms, una fusi\u00f3n de tango y jazz.<\/p>\n<p><img decoding=\"async\" loading=\"lazy\" class=\"alignright\" src=\"http:\/\/diario5.com.ar\/wp-content\/uploads\/2019\/08\/tango_ba_05_-_creditos_festivales_gcba.jpg\" alt=\"\" width=\"562\" height=\"374\" \/><\/p>\n<p>Los <strong>m\u00e1s chicos tambi\u00e9n podr\u00e1n disfrutar de varias propuestas tangueras<\/strong>. En la Usina del Arte se presentar\u00e1n dos espect\u00e1culos teatrales: la Compa\u00f1\u00eda G\u00e9nesis Tango con su show Abrazadabra, una obra infantil que combina actuaci\u00f3n, m\u00fasica y danza; y Los chicos y el tango, una historia de amor al comp\u00e1s del 2&#215;4 en la que cada tango es un peque\u00f1o romance. Bailarines y actores en escena entrelazan tangos, milongas y juegos participativos para todas las edades. Adem\u00e1s, una clase y taller de tango de la mano de Olga Besio (con inscripci\u00f3n previa) y, en el d\u00eda del ni\u00f1o, la Orquesta Escuela Infantil y Juvenil de Tango Tit\u00ed Rossi del Centro Cultural Bien Bohemio, brindar\u00e1 un concierto did\u00e1ctico para celebrar en familia.<\/p>\n<p>El <em>Mundial de Baile<\/em> comenzar\u00e1 con las <strong>rondas clasificatorias<\/strong> el lunes 12 de agosto en la Usina del Arte. Las <strong>semifinales<\/strong> ser\u00e1n los d\u00edas 17 y 18 de agosto y las <strong>finales<\/strong> -de donde saldr\u00e1n los Campeones Mundiales de Tango de Pista y Tango Escenario- el martes 20 y mi\u00e9rcoles 21 de agosto en el Luna Park, con presentaciones en vivo del humorista, m\u00fasico, cantor, compositor y luthier <strong>Hugo Varela<\/strong> y del grupo que dirige Daniel \u00abPipi\u00bb Piazzolla, <strong>Escalandrum<\/strong>, junto a uno de los m\u00e1ximos representantes de la canci\u00f3n local e internacional, <strong>Jairo<\/strong>.<\/p>\n<p>Adem\u00e1s habr\u00e1 premieres de largometrajes, obras teatrales, exhibiciones y talleres de la mano del Programa Arte en Barrios del Gobierno de la Ciudad, clases de baile, cl\u00ednicas de m\u00fasica, actividades en Bares Notables, transmisi\u00f3n en vivo por la 2&#215;4 FM, feria de productos y mucho m\u00e1s para completar una edici\u00f3n \u00fanica que celebrar\u00e1 la pasi\u00f3n por el tango en la Ciudad.<\/p>\n<p><img decoding=\"async\" loading=\"lazy\" class=\"alignleft\" src=\"http:\/\/diario5.com.ar\/wp-content\/uploads\/2019\/08\/jairo_2.jpg\" alt=\"\" width=\"563\" height=\"375\" \/><\/p>\n<hr \/>\n<h2>Entradas<\/h2>\n<p>Las entradas para todos los espect\u00e1culos y actividades de Tango Buenos Aires Festival y Mundial son gratuitas. Algunas requieren reserva o inscripci\u00f3n previa.<\/p>\n<p><strong>Reserva online<\/strong><\/p>\n<p>Para presenciar <strong>Cant\u00e1 en el Festival<\/strong> y disfrutar de las <strong>Semifinales del Mundial de Baile<\/strong> en la Usina del Arte y de los <strong>espect\u00e1culos<\/strong> del Festival programados en las siguientes sedes, la reserva de entradas es online: Usina del Arte (en Sala de C\u00e1mara y Auditorio), Museo del Cine Pablo Ducr\u00f3s Hicken, Centro Cultural 25 de Mayo, El Cultural San Mart\u00edn, Espacio Cultural Juli\u00e1n Centeya, Espacio Cultural Carlos Gardel, Espacio Cultural Resurgimiento, Espacio Cultural Ad\u00e1n Buenosayres, El Moderno, Teatro Margarita Xirgu &#8211; Espacio UNTREF, Teatro Monteviejo, Academia Nacional del Tango y Academia Porte\u00f1a del Lunfardo.<\/p>\n<ul>\n<li>Se podr\u00e1 reservar 1 (una) entrada por persona por funci\u00f3n. Las entradas reservadas se podr\u00e1n retirar desde 2 (dos) horas antes del comienzo del espect\u00e1culo en el Puesto de Informes de cada sede. Las reservas tendr\u00e1n validez hasta 30 minutos antes del comienzo del espect\u00e1culo. Luego se liberar\u00e1n para el p\u00fablico general.<\/li>\n<li>Habr\u00e1 una cantidad de entradas disponibles para retiro en cada sede, desde 1(una) hora antes del horario de la funci\u00f3n, sin reserva previa.<\/li>\n<li>Para reservar entrada se deber\u00e1 ingresar en <a href=\"http:\/\/festivales.buenosaires.gob.ar\/2019\/tangofestivalymundial\/es\/entradas\">www.buenosaires.gob.ar\/festivales<\/a><\/li>\n<\/ul>\n<p><strong>Entrada libre<\/strong><\/p>\n<p>Para los espect\u00e1culos y actividades en el resto de las sedes y para presenciar las rondas clasificatorias del Mundial de Baile, no es necesario reservar entradas con anticipaci\u00f3n. El ingreso es por orden de llegada hasta agotar la capacidad de los espacios.<\/p>\n<p><strong>Inscripci\u00f3n online<\/strong><\/p>\n<p>Para participar de las Clases de baile y de Cant\u00e1 en el Festival, es necesario inscribirse previamente de forma online. Se asignar\u00e1n los lugares por orden de inscripci\u00f3n hasta agotar los cupos. Para anotarse se deber\u00e1 ingresar en <a href=\"http:\/\/festivales.buenosaires.gob.ar\/2019\/tangofestivalymundial\/es\/entradas\">www.buenosaires.gob.ar\/festivales<\/a>.<\/p>\n<p><strong>Finales en el Luna Park<\/strong><\/p>\n<p>Para disfrutar de las Finales del Mundial de Baile de las categor\u00edas Tango de Pista y Tango Escenario los d\u00edas 20 y 21 de agosto respectivamente en el Estadio Luna Park, se podr\u00e1 reservar online 1 (una) entrada por persona por cada final, desde el viernes 16 de agosto en <a href=\"http:\/\/festivales.buenosaires.gob.ar\/2019\/tangofestivalymundial\/es\/entradas\">buenosaires.gob.ar\/festivales<\/a>. Las entradas reservadas se podr\u00e1n retirar el d\u00eda del espect\u00e1culo desde las 12 en el estadio Luna Park. La asignaci\u00f3n de ubicaciones ser\u00e1 por orden de llegada y las reservas tendr\u00e1n validez hasta 30 minutos antes del comienzo del espect\u00e1culo. Luego se liberar\u00e1n para el p\u00fablico general. Habr\u00e1 una cantidad de entradas disponibles para retiro presencial en la Usina del Arte el d\u00eda viernes 16 de agosto a partir de las 11, sin reserva previa.<\/p>\n<p><img decoding=\"async\" loading=\"lazy\" class=\"alignleft\" src=\"http:\/\/diario5.com.ar\/wp-content\/uploads\/2019\/08\/rondas.jpg\" alt=\"\" width=\"556\" height=\"370\" \/><strong>Sedes<\/strong><\/p>\n<ul>\n<li>Usina del Arte. Agust\u00edn R Caffarena 1, esq. Av Don Pedro de Mendoza, La Boca<\/li>\n<li>Centro Cultural 25 de Mayo. Av. Triunvirato 4444, Villa Urquiza<\/li>\n<li>Luna Park. Av. Corrientes y Bouchard, San Nicol\u00e1s<\/li>\n<li>Academia Nacional del Tango. Av. de Mayo 833, Montserrat<\/li>\n<li>Espacio Cultural Centeya. Av. San Juan 3255, Boedo<\/li>\n<li>Espacio Cultural Carlos Gardel. Olleros 3640, Chacarita<\/li>\n<li>Espacio Cultural Resurgimiento. Gral. Jos\u00e9 Gervasio Artigas 2262, Villa del Parque<\/li>\n<li>Espacio Cultural Ad\u00e1n Buenosayres. Av. Asamblea 1200, Parque Chacabuco<\/li>\n<li>El Cultural San Mart\u00edn &#8211; Sala Mui\u00f1o. Sarmiento 1551, Montserrat<\/li>\n<li>Abasto Shopping &#8211; Patio del Zorzal y Escalinatas. Ag\u00fcero 568, Abasto<\/li>\n<li>Teatro Monteviejo. Lavalle 3177, Balvanera<\/li>\n<li>Museo Casa Carlos Gardel. Jean Jaures 735, Abasto<\/li>\n<li>Subte- L\u00ednea B (Carlos Gardel). Av. Corrientes 3300, Abasto<\/li>\n<li>Teatro Margarita Xirgu &#8211; Espacio UNTREF. Chacabuco 875, San Telmo<\/li>\n<li>Pista Urbana. Chacabuco 874, San Telmo<\/li>\n<li>Mercado de San Telmo. Bol\u00edvar 970, San Telmo<\/li>\n<li>Asociaci\u00f3n de Fileteadores. Estados Unidos 794, San Telmo<\/li>\n<li>El Moderno (Museo de Arte Moderno de Buenos Aires). Av. San Juan 350, San Telmo<\/li>\n<li>El Hipop\u00f3tamo. Avenida Brasil 401, San Telmo<\/li>\n<li>Los 36 billares. Av. de Mayo 1271, Montserrat<\/li>\n<li>Caf\u00e9 de Garc\u00eda. Sanabria 3302, Villa Devoto<\/li>\n<li>La Biela. Av. Pte. Manuel Quintana 600, Recoleta<\/li>\n<li>La Esquina de An\u00edbal Troilo. Paraguay 1500, Recoleta<\/li>\n<li>Esquina Homero Manzi. Av. San Juan 3601, Boedo<\/li>\n<li>Caf\u00e9 San Bernardo. Av. Corrientes 5436, Villa Crespo<\/li>\n<li>El Faro. Av. de los Constituyentes 4099, Parque Chas<\/li>\n<li>El Gato Negro. Av. Corrientes 1669, San Nicol\u00e1s<\/li>\n<li>Confiter\u00eda del Hotel Castelar . Av. de Mayo 1152, Montserrat<\/li>\n<li>Bien Bohemio Bar. S\u00e1nchez de Loria 745, Almagro<\/li>\n<li>Estaci\u00f3n Retiro L\u00ednea Mitre. Av. Dr. Jos\u00e9 Mar\u00eda Ramos Mej\u00eda 1360, Retiro<\/li>\n<li>Subte L\u00ednea H &#8211; Las Heras. Av. Pueyrred\u00f3n 2001, Recoleta.<\/li>\n<li>Academia Porte\u00f1a del Lunfardo. Estados Unidos 1379, Constituci\u00f3n<\/li>\n<li>Colegio Nacional de Buenos Aires. Bol\u00edvar 263, Monserrat<\/li>\n<li>Museo del Cine Pablo Ducr\u00f3s Hicken. Agust\u00edn R. Caffarena 51, La Boca<\/li>\n<li>Centro Cultural Alfonsina Storni. Tucum\u00e1n 3233, Abasto<\/li>\n<li>Centro Cultural Polo Bandone\u00f3n. Av. S\u00e1enz 1480, Nueva Pompeya<\/li>\n<li>Luz del porvenir &#8211; Polo Versalles. Dupuy 1135, Versalles<\/li>\n<li>Espacio Cultural Sabina Olmos. Cnel. Pedro A. Garc\u00eda 5606, Lugano I y II<\/li>\n<li>Comedor Los Pochitos. Av Eva Peron 6600, Ciudad Oculta<\/li>\n<li>Club Torino. Zuvir\u00eda 4663, Cilda\u00f1ez<\/li>\n<li>Centro de Jubilados Jos\u00e9 Soldati. Lafuente 2935, Soldati<\/li>\n<li>Escuela M. E. Walsh. Polo educativo de Barrio 31<\/li>\n<li>Escuela Hermanos Latinoamericanos. Barrio 20<\/li>\n<li>Escuela Rep\u00fablica Argentina. Barrio Lugano<\/li>\n<li>Escuela Dr. Jos\u00e9 Benjam\u00edn Zubiaur. Barrio Soldati<\/li>\n<li>Escuela T\u00e9cnica Libertador Gral San Mart\u00edn. Barrio 31<\/li>\n<li>Instituto Nuestra Se\u00f1ora de Caacupe Barrio 21 24<\/li>\n<li>Casa de la Cultura Barrio 31. Barrio 31<\/li>\n<li>Escuela Ntra. Se\u00f1ora de F\u00e1tima. Pergamino 2880, Barrio Soldati<\/li>\n<li>Hogar Papa Francisco. 1-11-14<\/li>\n<li>Milonga Techos Azules. Av. Gral. Francisco Fern\u00e1ndez de la Cruz 4000, Barrio Soldati<\/li>\n<li>Milonga Tango Olmos. Escalada 2350, Barrio Lugano<\/li>\n<li>Aeropuerto Internacional de Ezeiza. AU Tte. Gral. Pablo Riccheri Km 33,5<\/li>\n<li>Aeropuerto Jorge Newbery. Av. Costanera Rafael Obligado s\/n.<\/li>\n<\/ul>\n<p><img decoding=\"async\" loading=\"lazy\" src=\"http:\/\/diario5.com.ar\/wp-content\/uploads\/2019\/08\/tango_ba_flashmob_en_estacion_constitucion_06_marcela_vespasiano_y_mauro_caiazza.jpg\" alt=\"\" width=\"960\" height=\"640\" \/><\/p>","protected":false},"excerpt":{"rendered":"<p>Gabriel Soria ser\u00e1 el director de edici\u00f3n de este a\u00f1o de Tango Buenos Aires Festival y Mundial, que se vivir\u00e1 en la Ciudad entre el 8 y el 21 de agosto. Ya tenemos experiencia con este evento organizado por el Ministerio de Cultura de la Ciudad de Buenos Aires. Todo arfranca en vario barrios y [&hellip;]<\/p>","protected":false},"author":8,"featured_media":612776,"comment_status":"open","ping_status":"closed","sticky":false,"template":"","format":"standard","meta":[],"categories":[5],"tags":[],"series":[],"_links":{"self":[{"href":"https:\/\/www.diario5.com.ar\/es\/wp-json\/wp\/v2\/posts\/612775"}],"collection":[{"href":"https:\/\/www.diario5.com.ar\/es\/wp-json\/wp\/v2\/posts"}],"about":[{"href":"https:\/\/www.diario5.com.ar\/es\/wp-json\/wp\/v2\/types\/post"}],"author":[{"embeddable":true,"href":"https:\/\/www.diario5.com.ar\/es\/wp-json\/wp\/v2\/users\/8"}],"replies":[{"embeddable":true,"href":"https:\/\/www.diario5.com.ar\/es\/wp-json\/wp\/v2\/comments?post=612775"}],"version-history":[{"count":1,"href":"https:\/\/www.diario5.com.ar\/es\/wp-json\/wp\/v2\/posts\/612775\/revisions"}],"predecessor-version":[{"id":612926,"href":"https:\/\/www.diario5.com.ar\/es\/wp-json\/wp\/v2\/posts\/612775\/revisions\/612926"}],"wp:featuredmedia":[{"embeddable":true,"href":"https:\/\/www.diario5.com.ar\/es\/wp-json\/wp\/v2\/media\/612776"}],"wp:attachment":[{"href":"https:\/\/www.diario5.com.ar\/es\/wp-json\/wp\/v2\/media?parent=612775"}],"wp:term":[{"taxonomy":"category","embeddable":true,"href":"https:\/\/www.diario5.com.ar\/es\/wp-json\/wp\/v2\/categories?post=612775"},{"taxonomy":"post_tag","embeddable":true,"href":"https:\/\/www.diario5.com.ar\/es\/wp-json\/wp\/v2\/tags?post=612775"},{"taxonomy":"series","embeddable":true,"href":"https:\/\/www.diario5.com.ar\/es\/wp-json\/wp\/v2\/series?post=612775"}],"curies":[{"name":"wp","href":"https:\/\/api.w.org\/{rel}","templated":true}]}}