{"id":612643,"date":"2019-07-31T14:08:35","date_gmt":"2019-07-31T17:08:35","guid":{"rendered":"http:\/\/diario5.com.ar\/?p=612643"},"modified":"2019-07-31T14:11:51","modified_gmt":"2019-07-31T17:11:51","slug":"queres-escuchar-historias-de-la-buenos-aires-secreta","status":"publish","type":"post","link":"https:\/\/www.diario5.com.ar\/es\/queres-escuchar-historias-de-la-buenos-aires-secreta\/","title":{"rendered":"Quer\u00e9s escuchar historias de la Buenos Aires secreta?"},"content":{"rendered":"<h2 class=\"sub-title-primary\"><\/h2> \n<div class=\"wp-block-image\"><figure class=\"alignright is-resized\"><img decoding=\"async\" loading=\"lazy\" src=\"http:\/\/diario5.com.ar\/wp-content\/uploads\/2019\/07\/ba_historica-subte-560x700.jpg\" alt=\"\" class=\"wp-image-612644\" width=\"611\" height=\"764\" srcset=\"https:\/\/www.diario5.com.ar\/wp-content\/uploads\/2019\/07\/ba_historica-subte-560x700.jpg 560w, https:\/\/www.diario5.com.ar\/wp-content\/uploads\/2019\/07\/ba_historica-subte-240x300.jpg 240w, https:\/\/www.diario5.com.ar\/wp-content\/uploads\/2019\/07\/ba_historica-subte.jpg 768w\" sizes=\"(max-width: 611px) 100vw, 611px\" \/><\/figure><\/div>\n\n\n\n<p>Cada tanto hay oportunidades como \u00e9sta: la de ser protagonista de una ciudad fascinante, por el s\u00f3lo hecho de estar atentos a una narraci\u00f3n que ocurri\u00f3 en el mismo espacio que nosotros ocupamos. Lo ocurrido hace 20, 50, 85 o 128 a\u00f1os, si ocurri\u00f3 a pocas cuadras de casa o a la vuelta de lo de una t\u00eda, nos hace ser tambi\u00e9n due\u00f1os del anecdotario all\u00ed generado.<\/p>\n\n\n\n<p>Una charla de Mariela Blanco  con el atractivo t\u00edtulo \u00ab\u00bfPor qu\u00e9 amamos a Buenos Aires?\u00bb se realizar\u00e1 en el Museo Hist\u00f3rico de Buenos Aires Cornelio de Saavedra.  La periodista, autora de \u201cLeyendas de Ladrillo y Adoquines\u201d dar\u00e1 a quienes se interesen, la oportunidad de conocer la esencia y los or\u00edgenes de las historias contadas en el libro en el que -junto a Horacio Ludigliani, arm\u00f3 una recopilaci\u00f3n de secretos porte\u00f1os que hacen las delicias de los fan\u00e1ticos de la Buenos Aires para descubrir.<\/p>\n\n\n\n<p>El encargado de invitar a la informal conferencia es el Ministerio de Cultura de la Ciudad de Buenos Aires. Ser\u00e1 este s\u00e1bado 3 de agosto, a las 15.00. Mariela compartir\u00e1 an\u00e9cdotas de nuestra ciudad que fueron volcadas a <em>Leyendas de Ladrillo y Adoquines<\/em>. En el libro se pueden descubrir varios misterios ocultos en las joyas arquitect\u00f3nicas porte\u00f1as.<\/p>\n\n\n\n<p>De la cr\u00f3nica de invitaci\u00f3n del museo Saavedra:<\/p>\n\n\n\n<p>La obra va por su segunda edici\u00f3n, fue declarada de Inter\u00e9s Cultural por la Legislatura porte\u00f1a y cuenta con el pr\u00f3logo de Hern\u00e1n Lombardi, titular del Sistema Federal de Medios y Contenidos P\u00fablicos de la Rep\u00fablica Argentina. La obra se divide en \u201cestaciones\u201d y narra las paradas realizadas en distintos caf\u00e9s para poder conversar con las voces m\u00e1s representativas de la cultura porte\u00f1a: poetas, periodistas, arquitectos, urbanistas e historiadores.<\/p>\n\n\n\n<p>\u201cMuchas veces le habr\u00e1 sucedido transitar algunas calles de Buenos Aires y descubrir una c\u00fapula fascinante o un edificio barroco que desentona con las torres inteligentes lindantes \u2013plantea Mariela Blanco-. Los que saben, recomiendan que para admirar la ciudad hay que ir de a pie, con la mirada atenta del turista. As\u00ed, se puede observar en detalle los fragmentos de nuestra historia que asoman entre las nuevas edificaciones como fantasmas del pasado. Son como testigos de hormig\u00f3n que no se resignan a la muerte, a la desaparici\u00f3n. Sin embargo, aunque est\u00e1n ah\u00ed, no los vemos. Son gigantes invisibles. En este paseo que daremos junto a usted, podr\u00e1 conocer a arquitectos de renombre que le dieron a Buenos Aires su primera fisonom\u00eda, personalidades de las artes y las letras que se sentaron en la misma mesa del caf\u00e9 al que usted concurre asiduamente para leer el diario. En definitiva, va a advertir cuanto m\u00e1s bella es la ciudad por la que transitamos\u201d.\n\nEl objetivo del encuentro es que la historia de nuestra ciudad circule, se retroalimente y llegue a todos. La actividad es organizada por la Asociaci\u00f3n de Amigos del Museo Saavedra, con un bono contribuci\u00f3n de $ 50.\n<\/p>","protected":false},"excerpt":{"rendered":"<p>Cada tanto hay oportunidades como \u00e9sta: la de ser protagonista de una ciudad fascinante, por el s\u00f3lo hecho de estar atentos a una narraci\u00f3n que ocurri\u00f3 en el mismo espacio que nosotros ocupamos. Lo ocurrido hace 20, 50, 85 o 128 a\u00f1os, si ocurri\u00f3 a pocas cuadras de casa o a la vuelta de lo [&hellip;]<\/p>","protected":false},"author":2,"featured_media":612644,"comment_status":"open","ping_status":"closed","sticky":false,"template":"","format":"standard","meta":[],"categories":[5,53,1],"tags":[],"series":[],"_links":{"self":[{"href":"https:\/\/www.diario5.com.ar\/es\/wp-json\/wp\/v2\/posts\/612643"}],"collection":[{"href":"https:\/\/www.diario5.com.ar\/es\/wp-json\/wp\/v2\/posts"}],"about":[{"href":"https:\/\/www.diario5.com.ar\/es\/wp-json\/wp\/v2\/types\/post"}],"author":[{"embeddable":true,"href":"https:\/\/www.diario5.com.ar\/es\/wp-json\/wp\/v2\/users\/2"}],"replies":[{"embeddable":true,"href":"https:\/\/www.diario5.com.ar\/es\/wp-json\/wp\/v2\/comments?post=612643"}],"version-history":[{"count":2,"href":"https:\/\/www.diario5.com.ar\/es\/wp-json\/wp\/v2\/posts\/612643\/revisions"}],"predecessor-version":[{"id":612647,"href":"https:\/\/www.diario5.com.ar\/es\/wp-json\/wp\/v2\/posts\/612643\/revisions\/612647"}],"wp:featuredmedia":[{"embeddable":true,"href":"https:\/\/www.diario5.com.ar\/es\/wp-json\/wp\/v2\/media\/612644"}],"wp:attachment":[{"href":"https:\/\/www.diario5.com.ar\/es\/wp-json\/wp\/v2\/media?parent=612643"}],"wp:term":[{"taxonomy":"category","embeddable":true,"href":"https:\/\/www.diario5.com.ar\/es\/wp-json\/wp\/v2\/categories?post=612643"},{"taxonomy":"post_tag","embeddable":true,"href":"https:\/\/www.diario5.com.ar\/es\/wp-json\/wp\/v2\/tags?post=612643"},{"taxonomy":"series","embeddable":true,"href":"https:\/\/www.diario5.com.ar\/es\/wp-json\/wp\/v2\/series?post=612643"}],"curies":[{"name":"wp","href":"https:\/\/api.w.org\/{rel}","templated":true}]}}