{"id":612369,"date":"2019-07-17T23:49:35","date_gmt":"2019-07-18T02:49:35","guid":{"rendered":"http:\/\/diario5.com.ar\/?p=612369"},"modified":"2019-07-18T00:01:54","modified_gmt":"2019-07-18T03:01:54","slug":"funciones-de-la-filarmonica-de-israel-en-el-colon","status":"publish","type":"post","link":"https:\/\/www.diario5.com.ar\/es\/funciones-de-la-filarmonica-de-israel-en-el-colon\/","title":{"rendered":"Funciones de la Filarm\u00f3nica de Israel en el Col\u00f3n"},"content":{"rendered":"<h2 class=\"sub-title-primary\"><\/h2> \n<div class=\"wp-block-image\"><figure class=\"alignright is-resized\"><img decoding=\"async\" loading=\"lazy\" src=\"http:\/\/diario5.com.ar\/img\/mehta.jpg\" alt=\"\" width=\"614\" height=\"339\"\/><figcaption>Zubin Mehta<\/figcaption><\/figure><\/div>\n\n\n\n<p>Zubin Mehta vuelve a la Argentina. Y al Col\u00f3n. Dirigir\u00e1 a la Orquesta Filarm\u00f3nica de Israel en cuatro funciones.  Y al finalizar este a\u00f1o, el talentos\u00edsimo director indio dejar\u00e1 de conducir a la agrupaci\u00f3n musical a la que estuvo ligado durante 50 a\u00f1os.<\/p>\n\n\n\n<p>El ciclo se identifica como \u00abGrandes Int\u00e9rpretes Internacionales\u00bb y una de las funciones, la tercera, el lunes 29 ser\u00e1  a total beneficio de COAS, DAIA, Fundaci\u00f3n Fern\u00e1ndez, Fundaci\u00f3n Tzedak\u00e1 y OSFA\/WISO.<\/p>\n\n\n\n<p>El s\u00e1bado 27 de julio a las 20:00, la orquesta interpretar\u00e1 el  <br \/>Concertino para orquesta de cuerdas de \u00d6d\u00f6n P\u00e1rtos, el  <br \/> Concierto para piano en La menor, Op. 54 de Robert Schumann, con<br \/>Martha Argerich, al piano y la bell\u00edsima \u00abPastoral\u00bb de Beethoven, es decir, su Sinfon\u00eda No. 6, en Fa mayor, Op. 68.<\/p>\n\n\n\n<p>El Domingo 28, la funci\u00f3n ser\u00e1 a las 17:00. Volver\u00e1 a abrir el concierto con<br \/>el Concertino para orquesta de cuerdas de \u00d6d\u00f6n P\u00e1rtos y le seguir\u00e1n la  <br \/>Sinfon\u00eda No.3, en Re mayor D. 200 de Franz Schubert y la Sinfon\u00eda fant\u00e1stica, Op. 14 de Hector Berlioz.<\/p>\n\n\n\n<div class=\"wp-block-image\"><figure class=\"alignleft is-resized\"><img decoding=\"async\" loading=\"lazy\" src=\"http:\/\/diario5.com.ar\/wp-content\/uploads\/2019\/07\/concierto_OFI_Mehta-467x700.jpg\" alt=\"\" class=\"wp-image-612370\" width=\"474\" height=\"711\" srcset=\"https:\/\/www.diario5.com.ar\/wp-content\/uploads\/2019\/07\/concierto_OFI_Mehta-467x700.jpg 467w, https:\/\/www.diario5.com.ar\/wp-content\/uploads\/2019\/07\/concierto_OFI_Mehta-200x300.jpg 200w, https:\/\/www.diario5.com.ar\/wp-content\/uploads\/2019\/07\/concierto_OFI_Mehta.jpg 640w\" sizes=\"(max-width: 474px) 100vw, 474px\" \/><\/figure><\/div>\n\n\n\n<p><strong>El lunes 29 de julio a las 20:00 ser\u00e1 la funci\u00f3n solidaria, en la que la Filarm\u00f3nica de Israel interpretar\u00e1 la Sinfon\u00eda No. 1 en Re mayor \u201cTit\u00e1n\u201d de Gustav Mahler y la Sinfon\u00eda concertante de Joseph Haydn.<\/strong><\/p>\n\n\n\n<p>En la funci\u00f3n del martes 30 de julio a las 20:00, sonar\u00e1 en el Teatro Col\u00f3n nuevamente la \u00abPastoral\u00bb de Ludwig van Beethoven. la sexta. Le seguir\u00e1<br \/>el  Concierto para flauta en Re mayor, Op. 283 de Carl Reinecke, con la actuaci\u00f3n como solista en flauta de Guy Eshed. El programa oficial cerrar\u00e1 con la Valse, de Maurice Ravel.<\/p>\n\n\n\n<p>No es raro que la Filarm\u00f3nica de Israel interprete temas populares de las tierras que visita, m\u00e1s tomando en cuenta que ya hay precedentes de sus performances de tango, g\u00e9nero que gusta mucho entre sus integrantes.<\/p>\n\n\n\n<p>Las localidades se podr\u00e1n adquirir en la boleter\u00eda del Teatro Col\u00f3n, Tucum\u00e1n 1171 (4378-7109), de lunes a s\u00e1bado de 9 a 20 y los domingos de 9 a 17. Tambi\u00e9n se pueden adquirir v\u00eda telef\u00f3nica al 5254-9100. O por Internet ingresando www.teatrocolon.org.ar<\/p>\n\n\n\n<p>Localidades desde $250.<\/p>","protected":false},"excerpt":{"rendered":"<p>Zubin Mehta vuelve a la Argentina. Y al Col\u00f3n. Dirigir\u00e1 a la Orquesta Filarm\u00f3nica de Israel en cuatro funciones. Y al finalizar este a\u00f1o, el talentos\u00edsimo director indio dejar\u00e1 de conducir a la agrupaci\u00f3n musical a la que estuvo ligado durante 50 a\u00f1os. El ciclo se identifica como \u00abGrandes Int\u00e9rpretes Internacionales\u00bb y una de las [&hellip;]<\/p>","protected":false},"author":1,"featured_media":612370,"comment_status":"open","ping_status":"closed","sticky":false,"template":"","format":"standard","meta":[],"categories":[1],"tags":[],"series":[],"_links":{"self":[{"href":"https:\/\/www.diario5.com.ar\/es\/wp-json\/wp\/v2\/posts\/612369"}],"collection":[{"href":"https:\/\/www.diario5.com.ar\/es\/wp-json\/wp\/v2\/posts"}],"about":[{"href":"https:\/\/www.diario5.com.ar\/es\/wp-json\/wp\/v2\/types\/post"}],"author":[{"embeddable":true,"href":"https:\/\/www.diario5.com.ar\/es\/wp-json\/wp\/v2\/users\/1"}],"replies":[{"embeddable":true,"href":"https:\/\/www.diario5.com.ar\/es\/wp-json\/wp\/v2\/comments?post=612369"}],"version-history":[{"count":10,"href":"https:\/\/www.diario5.com.ar\/es\/wp-json\/wp\/v2\/posts\/612369\/revisions"}],"predecessor-version":[{"id":612382,"href":"https:\/\/www.diario5.com.ar\/es\/wp-json\/wp\/v2\/posts\/612369\/revisions\/612382"}],"wp:featuredmedia":[{"embeddable":true,"href":"https:\/\/www.diario5.com.ar\/es\/wp-json\/wp\/v2\/media\/612370"}],"wp:attachment":[{"href":"https:\/\/www.diario5.com.ar\/es\/wp-json\/wp\/v2\/media?parent=612369"}],"wp:term":[{"taxonomy":"category","embeddable":true,"href":"https:\/\/www.diario5.com.ar\/es\/wp-json\/wp\/v2\/categories?post=612369"},{"taxonomy":"post_tag","embeddable":true,"href":"https:\/\/www.diario5.com.ar\/es\/wp-json\/wp\/v2\/tags?post=612369"},{"taxonomy":"series","embeddable":true,"href":"https:\/\/www.diario5.com.ar\/es\/wp-json\/wp\/v2\/series?post=612369"}],"curies":[{"name":"wp","href":"https:\/\/api.w.org\/{rel}","templated":true}]}}