{"id":612164,"date":"2019-07-03T17:39:49","date_gmt":"2019-07-03T20:39:49","guid":{"rendered":"http:\/\/diario5.com.ar\/?p=612164"},"modified":"2019-07-03T19:56:33","modified_gmt":"2019-07-03T22:56:33","slug":"se-estrena-cuarteto-de-borodin-de-marcelo-galliano","status":"publish","type":"post","link":"https:\/\/www.diario5.com.ar\/es\/se-estrena-cuarteto-de-borodin-de-marcelo-galliano\/","title":{"rendered":"Se estrena \u00abCuarteto de Borodin\u00bb, de Marcelo Galliano"},"content":{"rendered":"<h2 class=\"sub-title-primary\"><\/h2> \n<div class=\"wp-block-image\"><figure class=\"alignright is-resized\"><img decoding=\"async\" loading=\"lazy\" src=\"http:\/\/diario5.com.ar\/img\/cuartetodeborodin1.jpg\" alt=\"\" width=\"611\" height=\"344\"\/><\/figure><\/div>\n\n\n\n<p>Muere mam\u00e1, que cri\u00f3 sola a sus hijos durante 25 a\u00f1os. Toda la carga emotiva se apodera de ellos al momento de comenzar a revisar cada una las cosas para establecer el l\u00f3gico y natural nuevo orden. <\/p>\n\n\n\n<p>Como la m\u00fasica acelera estos procesos mentales, al encender un viejo aparato para reproducir una melod\u00eda altamente significativa en el dep\u00f3sito de los recuerdos de esos hermanos, no todo sigue siendo exclusivamente nostalgia, sino que, sin decir agua va, las recriminaciones mutuas comienzan a sucederse como las piezas de un juego que siempre quedaron guardadas en una caja de dif\u00edcil alcance.<\/p>\n\n\n\n<div class=\"wp-block-image\"><figure class=\"alignleft is-resized\"><img decoding=\"async\" loading=\"lazy\" src=\"http:\/\/diario5.com.ar\/wp-content\/uploads\/2019\/07\/cuartetodeborodin3.jpg\" alt=\"\" class=\"wp-image-612171\" width=\"544\" height=\"327\" srcset=\"https:\/\/www.diario5.com.ar\/wp-content\/uploads\/2019\/07\/cuartetodeborodin3.jpg 599w, https:\/\/www.diario5.com.ar\/wp-content\/uploads\/2019\/07\/cuartetodeborodin3-300x181.jpg 300w\" sizes=\"(max-width: 544px) 100vw, 544px\" \/><\/figure><\/div>\n\n\n\n<p>Pero como si se tratase de un d\u00eda en el que todo lo que ellos viviesen deber\u00eda sufrir veloces metamorfosis, ese padre tan ausente durante la casi totalidad de sus vidas, se presenta ante ellos, confirmando las iron\u00edas que ambos hab\u00edan observado en las vidas de otros. <\/p>\n\n\n\n<p>Naturalmente, las cuentas pendientes que ten\u00edan para hacerse saldar entre aquellos dos nenes hoy crecidos, pierden protagonismo frente a la oportunidad de llevar el foco de sus adrenalinas hacia la incomprensible reaparici\u00f3n.<\/p>\n\n\n\n<hr class=\"wp-block-separator\"\/>\n\n\n\n<div class=\"wp-block-image\"><figure class=\"alignright is-resized\"><img decoding=\"async\" loading=\"lazy\" src=\"http:\/\/diario5.com.ar\/img\/cuartetodeborodin2.jpg\" alt=\"\" width=\"285\" height=\"428\"\/><\/figure><\/div>\n\n\n\n<p>La obra es de Marcelo Galliano y act\u00faan Dami\u00e1n Frusciante, Ricardo Lago Oliveira y Guido Silvestein.  Daniel Cinelli es el responsable de la Puesta en escena. Dura 60 minutos y se ofrece en el Teatro Buenos Aires, de Av. Corrientes 1699, con funciones a las 21.<\/p>\n\n\n\n<p>Datos para interesados: Tel\u00e9fono 5263-8126. La entrada cuesta $ 400 y se mantendr\u00e1 en escena entre el jueves 4 de julio y el jueves 29 de agosto.<\/p>","protected":false},"excerpt":{"rendered":"<p>Muere mam\u00e1, que cri\u00f3 sola a sus hijos durante 25 a\u00f1os. Toda la carga emotiva se apodera de ellos al momento de comenzar a revisar cada una las cosas para establecer el l\u00f3gico y natural nuevo orden. Como la m\u00fasica acelera estos procesos mentales, al encender un viejo aparato para reproducir una melod\u00eda altamente significativa [&hellip;]<\/p>","protected":false},"author":1,"featured_media":612171,"comment_status":"open","ping_status":"closed","sticky":false,"template":"","format":"standard","meta":[],"categories":[1],"tags":[],"series":[],"_links":{"self":[{"href":"https:\/\/www.diario5.com.ar\/es\/wp-json\/wp\/v2\/posts\/612164"}],"collection":[{"href":"https:\/\/www.diario5.com.ar\/es\/wp-json\/wp\/v2\/posts"}],"about":[{"href":"https:\/\/www.diario5.com.ar\/es\/wp-json\/wp\/v2\/types\/post"}],"author":[{"embeddable":true,"href":"https:\/\/www.diario5.com.ar\/es\/wp-json\/wp\/v2\/users\/1"}],"replies":[{"embeddable":true,"href":"https:\/\/www.diario5.com.ar\/es\/wp-json\/wp\/v2\/comments?post=612164"}],"version-history":[{"count":11,"href":"https:\/\/www.diario5.com.ar\/es\/wp-json\/wp\/v2\/posts\/612164\/revisions"}],"predecessor-version":[{"id":612179,"href":"https:\/\/www.diario5.com.ar\/es\/wp-json\/wp\/v2\/posts\/612164\/revisions\/612179"}],"wp:featuredmedia":[{"embeddable":true,"href":"https:\/\/www.diario5.com.ar\/es\/wp-json\/wp\/v2\/media\/612171"}],"wp:attachment":[{"href":"https:\/\/www.diario5.com.ar\/es\/wp-json\/wp\/v2\/media?parent=612164"}],"wp:term":[{"taxonomy":"category","embeddable":true,"href":"https:\/\/www.diario5.com.ar\/es\/wp-json\/wp\/v2\/categories?post=612164"},{"taxonomy":"post_tag","embeddable":true,"href":"https:\/\/www.diario5.com.ar\/es\/wp-json\/wp\/v2\/tags?post=612164"},{"taxonomy":"series","embeddable":true,"href":"https:\/\/www.diario5.com.ar\/es\/wp-json\/wp\/v2\/series?post=612164"}],"curies":[{"name":"wp","href":"https:\/\/api.w.org\/{rel}","templated":true}]}}