{"id":612053,"date":"2019-06-27T20:44:29","date_gmt":"2019-06-27T23:44:29","guid":{"rendered":"http:\/\/diario5.com.ar\/?p=612053"},"modified":"2019-06-30T22:30:57","modified_gmt":"2019-07-01T01:30:57","slug":"detalles-de-cierre-de-semestre","status":"publish","type":"post","link":"https:\/\/www.diario5.com.ar\/es\/detalles-de-cierre-de-semestre\/","title":{"rendered":"Detalles de cierre de semestre"},"content":{"rendered":"<h2 class=\"sub-title-primary\"><\/h2> \n<p>Panorama Nacional y de la Ciudad de Buenos Aires a horas de ubicarnos en el meridiano central de 2019. <\/p>\n\n\n\n<div class=\"wp-block-image\"><figure class=\"alignright is-resized\"><img decoding=\"async\" loading=\"lazy\" src=\"http:\/\/diario5.com.ar\/wp-content\/uploads\/2017\/10\/panorama-768x541.jpg\" alt=\"\" width=\"613\" height=\"431\"\/><figcaption>A partir de julio entramos en el v\u00e9rtigo mayor de la pol\u00edtica: las campa\u00f1as electorales.<\/figcaption><\/figure><\/div>\n\n\n\n<p>El presidente Mauricio Macri asegur\u00f3 en Osaka que la Argentina ha estrechado los v\u00ednculos con Jap\u00f3n como nunca antes en nuestra historia.<\/p>\n\n\n\n<p>En el marco del encuentro de jefes\nde estado de los pa\u00edses del G20, Macri se reuni\u00f3 con su par japon\u00e9s y ratific\u00f3\nque ambos pa\u00edses \u00abson socios estrat\u00e9gicos\u00bb.<\/p>\n\n\n\n<p>Los candidatos del Frente de Todos, Alberto Fern\u00e1ndez y el de Consenso\nFederal, Roberto Lavagna, se reunir\u00e1n con el director del Departamento del\nHemisferio Occidental del FMI, Alejandro Werner.<\/p>\n\n\n\n<p>Werner, consultar\u00e1 a cada candidato acerca de sus criterios actualizados\ncon referencia a la deuda argentina.<\/p>\n\n\n\n<p>Tras las consecuencias generadas por el apag\u00f3n en La Plata, diputados\nbonaerenses del Frente Renovador presentan un proyecto para que caduque el\ncontrato de Edelap.<\/p>\n\n\n\n<p>Detallaron que se busca que las autoridades procedan a la \u00abinmediata\nintervenci\u00f3n judicial para salvaguardar activos, garantizar la prestaci\u00f3n del servicio\ny la continuidad de las fuentes de trabajo\u00bb.<\/p>\n\n\n\n<p>La disidencia del presidente del bloque PRO, Nicol\u00e1s Massot y otros 46\ndiputados celestes del oficialismo contra una votaci\u00f3n que impuls\u00f3 el Gobierno\neleva la presi\u00f3n en el oficialismo.<\/p>\n\n\n\n<p>Le enviaron una carta a Emilio Monz\u00f3\nrechazando la designaci\u00f3n de Marisa Graham como Defensora del Ni\u00f1o, ya que la consideraron\n\u00abapurada\u00bb e imposibilitada de consignar las disidencias.<\/p>\n\n\n\n<p>Cancilleres de los pa\u00edses del Mercosur y comisarios de la Uni\u00f3n Europea\nseguir\u00e1n evaluando hoy progresos en las negociaciones bilaterales<\/p>\n\n\n\n<p>En Bruselas, la reuni\u00f3n tiene por objeto hacer un balance de los progresos en la negociaci\u00f3n hacia un acuerdo de asociaci\u00f3n entre ambos bloques.<\/p>\n\n\n\n<p>En la Ciudad<\/p>\n\n\n\n<p>Horacio Rodr\u00edguez Larreta inaugur\u00f3 la nueva cabina de Tickets BA, que ofrece entradas a mitad de precio para espect\u00e1culos teatrales y musicales<br \/>Est\u00e1 ubicada en Diagonal Roque S\u00e1enz Pe\u00f1a y Cerrito, en el barrio de San Nicol\u00e1s. \u201cEste proyecto resume varios de los valores que queremos promover en la Ciudad\u201d, resalt\u00f3 el Jefe de Gobierno porte\u00f1o.<br \/><a rel=\"noreferrer noopener\" target=\"_blank\" href=\"https:\/\/www.buenosaires.gob.ar\/jefedegobierno\/noticias\/rodriguez-larreta-inauguro-la-nueva-cabina-de-tickets-ba-que-ofrece-entradas\">https:\/\/www.buenosaires.gob.ar\/jefedegobierno\/noticias\/rodriguez-larreta-inauguro-la-nueva-cabina-de-tickets-ba-que-ofrece-entradas<\/a><\/p>\n\n\n\n<p>El Gobierno porte\u00f1o lanz\u00f3 la cuarta edici\u00f3n de la Feria Expo Empleo<br \/>Se realizar\u00e1 el 28 y 29 de junio en La Rural. \u201cQueremos ayudar a los j\u00f3venes a conseguir su primer empleo\u201d, dijo el Jefe de Gobierno porte\u00f1o, Horacio Rodr\u00edguez Larreta. Ya se anotaron m\u00e1s de 30.000 personas y m\u00e1s de 5.000 ya retiraron las credenciales.<br \/><a rel=\"noreferrer noopener\" target=\"_blank\" href=\"https:\/\/www.buenosaires.gob.ar\/jefedegobierno\/noticias\/rodriguez-larreta-lanzo-la-cuarta-edicion-de-la-feria-expo-empleo-queremos\">https:\/\/www.buenosaires.gob.ar\/jefedegobierno\/noticias\/rodriguez-larreta-lanzo-la-cuarta-edicion-de-la-feria-expo-empleo-queremos<\/a><\/p>\n\n\n\n<p>La Ciudad celebra la tradicional Fogata de San Juan en la Boca<br \/>Habr\u00e1 m\u00e1s de diez actividades, talleres gratuitos para toda la familia, shows musicales y la popular quema de mu\u00f1ecos.<br \/><a rel=\"noreferrer noopener\" target=\"_blank\" href=\"https:\/\/www.buenosaires.gob.ar\/cultura\/distritodelasartes\/noticias\/la-ciudad-celebra-la-tradicional-fogata-de-san-juan-en-la-boca\">https:\/\/www.buenosaires.gob.ar\/cultura\/distritodelasartes\/noticias\/la-ciudad-celebra-la-tradicional-fogata-de-san-juan-en-la-boca<\/a><\/p>","protected":false},"excerpt":{"rendered":"<p>Panorama Nacional y de la Ciudad de Buenos Aires a horas de ubicarnos en el meridiano central de 2019. El presidente Mauricio Macri asegur\u00f3 en Osaka que la Argentina ha estrechado los v\u00ednculos con Jap\u00f3n como nunca antes en nuestra historia. En el marco del encuentro de jefes de estado de los pa\u00edses del G20, [&hellip;]<\/p>","protected":false},"author":1,"featured_media":0,"comment_status":"open","ping_status":"closed","sticky":false,"template":"","format":"standard","meta":[],"categories":[1],"tags":[],"series":[],"_links":{"self":[{"href":"https:\/\/www.diario5.com.ar\/es\/wp-json\/wp\/v2\/posts\/612053"}],"collection":[{"href":"https:\/\/www.diario5.com.ar\/es\/wp-json\/wp\/v2\/posts"}],"about":[{"href":"https:\/\/www.diario5.com.ar\/es\/wp-json\/wp\/v2\/types\/post"}],"author":[{"embeddable":true,"href":"https:\/\/www.diario5.com.ar\/es\/wp-json\/wp\/v2\/users\/1"}],"replies":[{"embeddable":true,"href":"https:\/\/www.diario5.com.ar\/es\/wp-json\/wp\/v2\/comments?post=612053"}],"version-history":[{"count":2,"href":"https:\/\/www.diario5.com.ar\/es\/wp-json\/wp\/v2\/posts\/612053\/revisions"}],"predecessor-version":[{"id":612055,"href":"https:\/\/www.diario5.com.ar\/es\/wp-json\/wp\/v2\/posts\/612053\/revisions\/612055"}],"wp:attachment":[{"href":"https:\/\/www.diario5.com.ar\/es\/wp-json\/wp\/v2\/media?parent=612053"}],"wp:term":[{"taxonomy":"category","embeddable":true,"href":"https:\/\/www.diario5.com.ar\/es\/wp-json\/wp\/v2\/categories?post=612053"},{"taxonomy":"post_tag","embeddable":true,"href":"https:\/\/www.diario5.com.ar\/es\/wp-json\/wp\/v2\/tags?post=612053"},{"taxonomy":"series","embeddable":true,"href":"https:\/\/www.diario5.com.ar\/es\/wp-json\/wp\/v2\/series?post=612053"}],"curies":[{"name":"wp","href":"https:\/\/api.w.org\/{rel}","templated":true}]}}