{"id":611973,"date":"2019-06-29T12:59:21","date_gmt":"2019-06-29T15:59:21","guid":{"rendered":"http:\/\/diario5.com.ar\/?p=611973"},"modified":"2019-06-30T22:44:21","modified_gmt":"2019-07-01T01:44:21","slug":"como-son-las-reformas-del-centro-cultural-recoleta-que-atrapan-cada-vez-mas-a-los-jovenes","status":"publish","type":"post","link":"https:\/\/www.diario5.com.ar\/es\/como-son-las-reformas-del-centro-cultural-recoleta-que-atrapan-cada-vez-mas-a-los-jovenes\/","title":{"rendered":"Reformas en el CCR"},"content":{"rendered":"<h2 class=\"sub-title-primary\"><\/h2> <p>Se anuncia que tras un a\u00f1o de trabajos para realizar reformas, el <a href=\"http:\/\/www.centroculturalrecoleta.org\/\">Centro Cultural Recoleta<\/a>\u00a0alcanz\u00f3 un nivel de renovaci\u00f3n de m\u00e1s del 75%\u00a0 en cuanto a su capacidad operativa. Incluso una buena porci\u00f3n de la propia estructura tambi\u00e9n particip\u00f3 de los cambios.<\/p>\n<p>En enero el Recoleta particip\u00f3 del FIBA, que, a partir de ahora, ser\u00e1 parte de los compromisos culturales propios del verano, tanto \u00e0ra el pa\u00eds, como a nivel internacional, dada la variedad de or\u00edgenes de los artistas que participan. Desde entonces, el CCR no para de sumar cada vez m\u00e1s vecinos. En su mayor\u00eda son j\u00f3venes de entre 13 y 30 a\u00f1os que hacen del espacio su casa de estudio, tiempo libre y trabajo.<\/p>\n<p>El objetivo, confirma Luciana Blasco, subsecretaria de Pol\u00edticas Culturales y Nuevas Audiencias del CCR, era \u00abrevalorizar y adaptar el edificio del Recoleta para que fuera capaz de recibir y alojar a todas las nuevas escenas culturales que est\u00e1n vivas en la ciudad\u00bb. Y se cumpli\u00f3 con creces.<\/p>\n<p>\u201cSeg\u00fan encuestas recientes que realizamos para analizar el impacto de las medidas que tomamos, a casi seis meses de su reinauguraci\u00f3n, el p\u00fablico creci\u00f3 un 60%\u201d, contin\u00faa Blasco. Mientras el a\u00f1o pasado se acercaban al centro 50 mil personas por mes, desde enero de 2019 esa cifra lleg\u00f3 a los 80 mil mensuales. Adem\u00e1s, confirma que en su mayor\u00eda son j\u00f3venes de entre 18 y 30 a\u00f1os.<\/p>\n<p>Ya su inmensa puerta de entrada de la calle Jun\u00edn al 1900, trasmite la profunda renovaci\u00f3n; colores m\u00e1s vivos, dibujos en paredes, mobiliarios con dise\u00f1os m\u00e1s cancheros y un estilo minimalista.<\/p>\n<p>La que hasta el a\u00f1o pasado fuera una casa de arte y cultura m\u00e1s bien expositiva y con criterio muse\u00edstico, se convirti\u00f3 este a\u00f1o en un espacio vivo que apuesta a la convivencia de todas las expresiones culturales y j\u00f3venes de la Ciudad de Buenos Aires.<\/p>\n<p>\u00abA casi seis meses de su reinauguraci\u00f3n, el p\u00fablico creci\u00f3 un 60%\u201d. <strong>(Luciana Blasco)<\/strong><\/p>\n<p>Vers\u00e1til, participativo y c\u00e1lido, ahora El Recoleta es un lugar con muchos lugares: en sus 17 mil metros cuadrados hay espacios dedicados de forma permanente a los adolescentes con clases y competencias de hip-hop, una sala de dibujo, una zona de estudio y un espacio de ocio y recreaci\u00f3n.<\/p>\n<p><img decoding=\"async\" loading=\"lazy\" class=\"\" title=\"Prensa GCBA\" src=\"http:\/\/diario5.com.ar\/wp-content\/uploads\/2019\/06\/captura3_3.jpg\" alt=\"Prensa GCBA\" width=\"590\" height=\"294\" \/><\/p>\n<p>En la entrada principal, una tienda de dise\u00f1o argentino y contempor\u00e1neo busca visibilizar el trabajo local. Tambi\u00e9n se puede disfrutar del Cine, el Laboratorio musical, el Centro de investigaci\u00f3n, la Residencia para artistas, la Capilla y las salas de exhibici\u00f3n dedicadas a las artes visuales.<\/p>\n<p>Otro de los atractivos del lugar, que no implica desembolso monetario, es la terraza. Ubicada al fondo del gran edifico, con vista directa a otros dos s\u00edmbolos porte\u00f1os, el Museo de Bellas Artes y la Facultad de Derecho de la Universidad de Buenos Aires, amplia y llena de plantas, es un espacio para ir a tomar mate y compartir un momento con familia o amigos.<\/p>\n<p><img decoding=\"async\" loading=\"lazy\" title=\"Prensa GCBA\" src=\"http:\/\/diario5.com.ar\/wp-content\/uploads\/2019\/06\/captura2_6.jpg\" alt=\"Prensa GCBA\" width=\"750\" height=\"352\" \/><\/p>\n<p>Est\u00e1 abierto durante todo el a\u00f1o, desde las 6 de la tarde hasta la medianoche, con una amplia programaci\u00f3n, mayormente gratuita.<\/p>\n<h3>Las reformas, en detalle<\/h3>\n<p>El conjunto de tres edificios hist\u00f3ricos que conforman El Recoleta (unos 17 mil metros cuadrados) recobr\u00f3 gran parte de su valor patrimonial y arquitect\u00f3nico.<\/p>\n<p>Ahora es un lugar m\u00e1s seguro y con mejor equipamiento t\u00e9cnico para los tres mil adolescentes y j\u00f3venes artistas, creadores y activistas culturales que encabezan la programaci\u00f3n y los 800 mil visitantes que pasan cada a\u00f1o.<\/p>\n<p>La puesta en valor de El Recoleta incorpor\u00f3 700 metros cuadrados para actividades culturales, adapt\u00f3 el edificio a la ley de accesibilidad, renov\u00f3 las instalaciones el\u00e9ctricas y de iluminaci\u00f3n, moderniz\u00f3 el equipamiento t\u00e9cnico de salas de teatro y danza, cine y artes visuales, moderniz\u00f3 los espacios de trabajo y cre\u00f3 un nuevo comedor y un \u00e1rea de servicios comunes.<\/p>\n<p>Fachadas, muros, techos, carpinter\u00edas fueron reparados o reconstruidos con la intenci\u00f3n de recuperar el sello original del edificio, redise\u00f1ado en 1980 por los prestigiosos arquitectos y artistas pl\u00e1sticos Clorindo Testa, Jacques Bedel y Luis Benedit sobre lo que hab\u00eda sido un antiguo convento del 1700.<\/p>\n<h3>Los ocho nuevos espacios pensados para la programaci\u00f3n anual<\/h3>\n<p><strong>1.<\/strong> <strong>Espacio Cultura Hip-hop<\/strong> es una zona permanente dedicada a los cinco elementos de la cultura hip hop: graffiti, MC, rap, beatbox y breaking. El lugar est\u00e1 equipado con cyphers m\u00e1s grandes y profesionales para practicar breaking, dos l\u00edneas de gradas en altura para alojar al p\u00fablico durante las competencias, grandes muros para los grafiteros y m\u00e1s comodidades t\u00e9cnicas para shows, clases, entrenamientos, batallas de baile, freestyle y fiestas vinculadas al mundo del hip-hop.<\/p>\n<p>El mural de la pared principal del patio fue pintado por Poeta y Cabaio intervino \u00edntegramente una de las salas como parte de la muestra Viral Mural curada por Rodrigo Alonso.<\/p>\n<p>En ese espacio, durante enero y febrero, cada domingo funciona Cultura Rap, una competencia para que nuevos raperos puedan mostrar su talento y forjarse un nombre dentro de la escena del freestyle, en un torneo que ser\u00e1 una plataforma entre el rap callejero y las ligas profesionales. Adem\u00e1s, todos los s\u00e1bados, FDL, la crew residente de breaking, tendr\u00e1 su torneo de verano y encabezar\u00e1 clases de baile y shows con artistas invitados.<\/p>\n<p><strong>2.<\/strong> <strong>El Espacio Clave 13\/17<\/strong> es una zona pensada para que los adolescentes puedan habitarla de martes a domingo como si fuera su casa: tiene sillones y puff para echarse, metogoles, una zona para sacarse fotos y m\u00e1quinas de comidas y bebidas. El Espacio Clave ser\u00e1 adem\u00e1s, durante toda la semana y todo el a\u00f1o, la base de operaciones del comit\u00e9 Clave 13\/17, compuesto por chicas y chicos que curan y programan el contenido del cap\u00edtulo centennial de El Recoleta y son los organizadores y anfitriones del Festival Clave.<\/p>\n<p>Fue dise\u00f1ado por Federico Varone y los murales fueron creados y realizados por la artista Fernanda Calvo para la muestra Mural viral curada por Rodrigo Alonso.<\/p>\n<p><strong>3.<\/strong> La <strong>Sala de dibujo<\/strong> es una zona de trabajo y creaci\u00f3n con mesas para ilustradores, dise\u00f1adores y todos aquellos que se animen a probar. Estar\u00e1 activado rotativamente por colectivos de ilustradores y artistas del mundo del comic. Fue planeado \u00edntegramente por el grupo El Galp\u00f3n, un grupo multidisciplinario formado por arquitectos, dise\u00f1adores y artistas.<\/p>\n<p><strong>4.<\/strong> La <strong>Sala de estudio<\/strong> es un lugar pensado especialmente para estudiar y trabajar durante el d\u00eda, en un espacio de dise\u00f1o equipado con wi-fi, enchufes, puestos para computadoras. Fue creada tambi\u00e9n por El Galp\u00f3n, grupo multidisciplinario formado por arquitectos, dise\u00f1adores y artistas.<\/p>\n<p>La sala, que tendr\u00e1 muestras permanentes dedicadas al c\u00f3mic y la ilustraci\u00f3n, propone una experiencia en la que trabajar, estudiar, reunirse o descansar resulte una actividad inspiradora, contagiada por la energ\u00eda de las muestras, la historia del patio de los Naranjos y las actividades que se desarrollan todos los d\u00edas en El Recoleta.<\/p>\n<p><strong>5.<\/strong> El <strong>Espacio de Ocio<\/strong> es una sala dedicada al relax y el ocio creativo: fue tambi\u00e9n dise\u00f1ado por el colectivo de artistas y dise\u00f1adores de El Galp\u00f3n y es un espacio c\u00f3modo, con alfombras para echarse a pensar, crear y despejarse.<\/p>\n<p><strong>6.<\/strong> Los <strong>espacios de talleres y salas de reuniones<\/strong> fueron dise\u00f1adas e \u00edntegramente realizadas por la artista In\u00e9s Raitieri y no hay ninguna igual a la otra.<\/p>\n<p><strong>7.<\/strong> <strong>La Tienda<\/strong> es un espacio de referencia para comprar dise\u00f1o argentino contempor\u00e1neo. Este proyecto busca visibilizar el trabajo de algunos de los mejores dise\u00f1adores del pa\u00eds con una colecci\u00f3n de m\u00e1s doscientos objetos. Bolsos y accesorios, joyer\u00eda, cer\u00e1mica, objetos de escritorio y bazar, juguetes, textiles, papeler\u00eda e iluminaci\u00f3n conforman un cat\u00e1logo de piezas artesanales o industrializadas de distintas gamas y precios creadas por dise\u00f1adores argentinos contempor\u00e1neos.<\/p>\n<p>La Tienda est\u00e1 ubicada a la vista y accesible desde la calle Jun\u00edn 1930, sobre la entrada principal de El Recoleta, en un local dise\u00f1ado por el reconocido artista visual y director de arte Rodolfo Pagliere.<\/p>\n<p><strong>8.<\/strong> El <strong>nuevo Hall de entrada<\/strong>, sobre la calle Jun\u00edn, tiene un mobiliario de diamante de espejo rojo, tambi\u00e9n dise\u00f1ado por el artista Rodolfo Pagliere.<\/p>","protected":false},"excerpt":{"rendered":"<p>Se anuncia que tras un a\u00f1o de trabajos para realizar reformas, el Centro Cultural Recoleta\u00a0alcanz\u00f3 un nivel de renovaci\u00f3n de m\u00e1s del 75%\u00a0 en cuanto a su capacidad operativa. Incluso una buena porci\u00f3n de la propia estructura tambi\u00e9n particip\u00f3 de los cambios. En enero el Recoleta particip\u00f3 del FIBA, que, a partir de ahora, ser\u00e1 [&hellip;]<\/p>","protected":false},"author":8,"featured_media":611974,"comment_status":"open","ping_status":"closed","sticky":false,"template":"","format":"standard","meta":[],"categories":[5],"tags":[],"series":[],"_links":{"self":[{"href":"https:\/\/www.diario5.com.ar\/es\/wp-json\/wp\/v2\/posts\/611973"}],"collection":[{"href":"https:\/\/www.diario5.com.ar\/es\/wp-json\/wp\/v2\/posts"}],"about":[{"href":"https:\/\/www.diario5.com.ar\/es\/wp-json\/wp\/v2\/types\/post"}],"author":[{"embeddable":true,"href":"https:\/\/www.diario5.com.ar\/es\/wp-json\/wp\/v2\/users\/8"}],"replies":[{"embeddable":true,"href":"https:\/\/www.diario5.com.ar\/es\/wp-json\/wp\/v2\/comments?post=611973"}],"version-history":[{"count":4,"href":"https:\/\/www.diario5.com.ar\/es\/wp-json\/wp\/v2\/posts\/611973\/revisions"}],"predecessor-version":[{"id":612060,"href":"https:\/\/www.diario5.com.ar\/es\/wp-json\/wp\/v2\/posts\/611973\/revisions\/612060"}],"wp:featuredmedia":[{"embeddable":true,"href":"https:\/\/www.diario5.com.ar\/es\/wp-json\/wp\/v2\/media\/611974"}],"wp:attachment":[{"href":"https:\/\/www.diario5.com.ar\/es\/wp-json\/wp\/v2\/media?parent=611973"}],"wp:term":[{"taxonomy":"category","embeddable":true,"href":"https:\/\/www.diario5.com.ar\/es\/wp-json\/wp\/v2\/categories?post=611973"},{"taxonomy":"post_tag","embeddable":true,"href":"https:\/\/www.diario5.com.ar\/es\/wp-json\/wp\/v2\/tags?post=611973"},{"taxonomy":"series","embeddable":true,"href":"https:\/\/www.diario5.com.ar\/es\/wp-json\/wp\/v2\/series?post=611973"}],"curies":[{"name":"wp","href":"https:\/\/api.w.org\/{rel}","templated":true}]}}