{"id":611964,"date":"2019-06-30T19:44:58","date_gmt":"2019-06-30T22:44:58","guid":{"rendered":"http:\/\/diario5.com.ar\/?p=611964"},"modified":"2019-07-01T19:38:55","modified_gmt":"2019-07-01T22:38:55","slug":"ya-esta-en-funcionamiento-la-nueva-ley-de-espacios-culturales-independientes","status":"publish","type":"post","link":"https:\/\/www.diario5.com.ar\/es\/ya-esta-en-funcionamiento-la-nueva-ley-de-espacios-culturales-independientes\/","title":{"rendered":"Acerca de la Ley de Espacios Culturales Independientes"},"content":{"rendered":"<h2 class=\"sub-title-primary\"><\/h2> \n<div class=\"wp-block-image\"><figure class=\"alignright is-resized\"><img decoding=\"async\" loading=\"lazy\" src=\"http:\/\/diario5.com.ar\/wp-content\/uploads\/2019\/06\/tangueros1-700x475.jpg\" alt=\"\" class=\"wp-image-612075\" width=\"629\" height=\"393\"\/><figcaption>Mejores condiciones legales para los centros culturales independientes.<\/figcaption><\/figure><\/div>\n\n\n<p>Desde el martes pasado, los\u00a0<a href=\"http:\/\/www.buenosaires.gob.ar\/cultura\/cultura-independiente\">espacios culturales independientes de la Ciudad<\/a> quedan enmarcados en la\u00a0<a href=\"http:\/\/www.buenosaires.gob.ar\/cultura\/nueva-ley-eci\">Ley ECI<\/a>. Se trata de una normativa para obtener las habilitaciones de espacios con propuestas culturales de todo tipo.<\/p>\n<p>Entre los m\u00e1s esperados cambios a los que se alcanza con la nueva regulaci\u00f3n, se encuentra la autorizaci\u00f3n del\u00a0<strong>baile<\/strong> como actividad cultural.<\/p>\n<p>Otra importante: <strong>poder recibir m\u00e1s personas de manera segura<\/strong> de acuerdo a las caracter\u00edsticas del lugar<\/p>\n<p>Sigue: ahora\u00a0<strong>los ba\u00f1os pueden ser unisex<\/strong><\/p>\n<p>Una especial: podr\u00e1n gestionarse permisos para actividades complementarias. La m\u00e1s esperada por el sector (y ahora es posible) es las habilitaci\u00f3n para el <strong>expendio de comida<\/strong><\/p>\n<p>Otras actividades especiales de posible habilitaci\u00f3n:\u00a0<strong>venta de productos culturales<\/strong> y la programaci\u00f3n <strong>funciones teatrales, recitales y exposiciones bajo una \u00fanica habilitaci\u00f3n<\/strong>.<\/p>\n<p>Por otra parte, con la nueva ley se suman las <strong>mejoras en la facilitaci\u00f3n y agilizaci\u00f3n de los tr\u00e1mites<\/strong>. Los espacios realizar\u00e1n el tr\u00e1mite de impacto ambiental y de control de ruidos (RAC) por sistema de declaraci\u00f3n jurada, esto quiere decir que se simplifican los pasos, ya que no deber\u00e1n ejecutar el estudio de sonido; adem\u00e1s, aquellos lugares que deseen pueden migrar a la nueva ley ECI sin costo y tendr\u00e1n la posibilidad de abrir el espacio una vez que realicen la presentaci\u00f3n del tr\u00e1mite de habilitaci\u00f3n. Otra novedad que se suma a la facilidad que ofrece el nuevo mecanismo, es que en los locales de hasta 300 m2. el tr\u00e1mite del sistema de autoprotecci\u00f3n tambi\u00e9n es por declaraci\u00f3n jurada.<\/p>\n<p><a href=\"http:\/\/www.buenosaires.gob.ar\/cultura\/como-habilitar-tu-espacio-en-la-nueva-ley-eci\">Mir\u00e1 c\u00f3mo habilitar tu espacio con la Ley ECI<\/a><\/p>\n<p>El esp\u00edritu de esta nueva ley se apoya en el hecho de que estos lugares tienen caracter\u00edsticas particulares que requieren de una reglamentaci\u00f3n a medida para que puedan seguir generando cultura de acuerdo a las posibilidades edilicias y de sus actividades planificadas.<\/p>\n<p>Aprobada el pasado 29 de noviembre, esta ley propone un marco regulatorio pensado estrictamente para espacios de peque\u00f1a y mediana escala y convive con las dem\u00e1s leyes de habilitaciones de espacios culturales que hay en la Ciudad de Buenos Aires.<\/p>\n<p>A trav\u00e9s de un trabajo en conjunto entre la Agencia Gubernamental de Control (AGC), otras \u00e1reas del Gobierno de la Ciudad como APRA, Defensa Civil, MDUYT y las asociaciones y plataformas que representan a los espacios culturales (Artei, Escena, Clumvi, Meca y Abogados Culturales), se impuls\u00f3 esta ley que comprende las particularidades de los espacios culturales independientes de hasta 500 metros cuadrados de superficie y hasta 300 personas en los que se realizan actividades y exposiciones relacionadas al arte y la cultura.<\/p>\n<p><a href=\"http:\/\/www.buenosaires.gob.ar\/cultura\/nueva-ley-eci\" target=\"_blank\" rel=\"noopener\">Conoc\u00e9 m\u00e1s sobre la Ley ECI<\/a><\/p>","protected":false},"excerpt":{"rendered":"<p>Desde el martes pasado, los\u00a0espacios culturales independientes de la Ciudad quedan enmarcados en la\u00a0Ley ECI. Se trata de una normativa para obtener las habilitaciones de espacios con propuestas culturales de todo tipo. Entre los m\u00e1s esperados cambios a los que se alcanza con la nueva regulaci\u00f3n, se encuentra la autorizaci\u00f3n del\u00a0baile como actividad cultural. Otra [&hellip;]<\/p>","protected":false},"author":8,"featured_media":612075,"comment_status":"open","ping_status":"closed","sticky":false,"template":"","format":"standard","meta":[],"categories":[5],"tags":[],"series":[],"_links":{"self":[{"href":"https:\/\/www.diario5.com.ar\/es\/wp-json\/wp\/v2\/posts\/611964"}],"collection":[{"href":"https:\/\/www.diario5.com.ar\/es\/wp-json\/wp\/v2\/posts"}],"about":[{"href":"https:\/\/www.diario5.com.ar\/es\/wp-json\/wp\/v2\/types\/post"}],"author":[{"embeddable":true,"href":"https:\/\/www.diario5.com.ar\/es\/wp-json\/wp\/v2\/users\/8"}],"replies":[{"embeddable":true,"href":"https:\/\/www.diario5.com.ar\/es\/wp-json\/wp\/v2\/comments?post=611964"}],"version-history":[{"count":6,"href":"https:\/\/www.diario5.com.ar\/es\/wp-json\/wp\/v2\/posts\/611964\/revisions"}],"predecessor-version":[{"id":612127,"href":"https:\/\/www.diario5.com.ar\/es\/wp-json\/wp\/v2\/posts\/611964\/revisions\/612127"}],"wp:featuredmedia":[{"embeddable":true,"href":"https:\/\/www.diario5.com.ar\/es\/wp-json\/wp\/v2\/media\/612075"}],"wp:attachment":[{"href":"https:\/\/www.diario5.com.ar\/es\/wp-json\/wp\/v2\/media?parent=611964"}],"wp:term":[{"taxonomy":"category","embeddable":true,"href":"https:\/\/www.diario5.com.ar\/es\/wp-json\/wp\/v2\/categories?post=611964"},{"taxonomy":"post_tag","embeddable":true,"href":"https:\/\/www.diario5.com.ar\/es\/wp-json\/wp\/v2\/tags?post=611964"},{"taxonomy":"series","embeddable":true,"href":"https:\/\/www.diario5.com.ar\/es\/wp-json\/wp\/v2\/series?post=611964"}],"curies":[{"name":"wp","href":"https:\/\/api.w.org\/{rel}","templated":true}]}}