{"id":611886,"date":"2019-06-20T17:42:43","date_gmt":"2019-06-20T20:42:43","guid":{"rendered":"http:\/\/diario5.com.ar\/?p=611886"},"modified":"2019-06-20T17:54:22","modified_gmt":"2019-06-20T20:54:22","slug":"destacadas","status":"publish","type":"post","link":"https:\/\/www.diario5.com.ar\/es\/destacadas\/","title":{"rendered":"Destacadas"},"content":{"rendered":"<h2 class=\"sub-title-primary\"><\/h2> \n<div class=\"wp-block-image\"><figure class=\"alignright is-resized\"><img decoding=\"async\" loading=\"lazy\" src=\"http:\/\/diario5.com.ar\/wp-content\/uploads\/2019\/06\/image-2-700x346.png\" alt=\"\" class=\"wp-image-611891\" width=\"612\" height=\"302\" srcset=\"https:\/\/www.diario5.com.ar\/wp-content\/uploads\/2019\/06\/image-2-700x346.png 700w, https:\/\/www.diario5.com.ar\/wp-content\/uploads\/2019\/06\/image-2-300x148.png 300w, https:\/\/www.diario5.com.ar\/wp-content\/uploads\/2019\/06\/image-2-768x379.png 768w, https:\/\/www.diario5.com.ar\/wp-content\/uploads\/2019\/06\/image-2.png 1256w\" sizes=\"(max-width: 612px) 100vw, 612px\" \/><figcaption>El inmenso Centro de Monitoreo porte\u00f1o.<\/figcaption><\/figure><\/div>\n\n\n\n<p>Inauguraron Centro de Monitoreo en Chacarita. <br \/>Controlar\u00e1 7.329 c\u00e1maras en calles y subtes para prevenir delitos e intervenir de una forma m\u00e1s r\u00e1pida. \u00abSeguimos trabajando para darles m\u00e1s seguridad a todos los vecinos\u00bb, dijo el Jefe de Gobierno. Lo hicieron Rodr\u00edguez Larreta, Bullrich y Santilli. Es el m\u00e1s grande de Am\u00e9rica Latina.<\/p>\n\n\n\n<p><a href=\"http:\/\/ https:\/\/www.buenosaires.gob.ar\/jefedegobierno\/noticias\/rodriguez-larreta-bullrich-y-santilli-inauguraron-el-centro-de-monitoreo-mas\" target=\"_blank\" rel=\"noreferrer noopener\" aria-label=\"Info (abre en una nueva pesta\u00f1a)\">Info<\/a><\/p>\n\n\n\n<p>Centro de Salud 48 en Flores. <br \/>Tambi\u00e9n fue inaugurado por Rodr\u00edguez Larreta. Se estima que beneficiar\u00e1 a 20.000 vecinos y contar\u00e1 con 12 consultorios, vacunatorio, farmacia, enfermer\u00eda, dep\u00f3sito de leche, sanitarios, vestuarios y una sala de estar para los profesionales.<\/p>\n\n\n\n<p><a href=\"http:\/\/ https:\/\/www.buenosaires.gob.ar\/jefedegobierno\/noticias\/rodriguez-larreta-inauguro-el-centro-de-salud-48-en-el-barrio-de-flores\" target=\"_blank\" rel=\"noreferrer noopener\" aria-label=\" Info  (abre en una nueva pesta\u00f1a)\"> Info <\/a>  <\/p>\n\n\n\n<p>L\u00e1mparas LED: 50 puntos para el recambio. <br \/>Mapa para ubicar d\u00f3nde hacer el tr\u00e1mite, comuna por comuna. Buenos Aires es la primera capital de Am\u00e9rica Latina con alumbrado p\u00fablico 100% LED.<\/p>\n\n\n\n<p><a href=\"https:\/\/www.buenosaires.gob.ar\/agenciaambiental\/noticias\/los-vecinos-tienen-50-lugares-para-el-recambio-de-lamparas-led\" target=\"_blank\" rel=\"noreferrer noopener\" aria-label=\"Info  (abre en una nueva pesta\u00f1a)\">Info <\/a> <\/p>\n\n\n\n<p>Ahora s\u00ed los beb\u00e9s pueden disfrutar del Teatro Col\u00f3n. <br \/>El primer coliseo abre sus puertas a una experiencia musical y corporal especialmente dise\u00f1ada para peque\u00f1os de entre 3 meses y 2 a\u00f1os acompa\u00f1ados por sus padres. El espect\u00e1culo de 50 minutos est\u00e1 basado en la obra \u00abEl Carnaval de los animales\u00bb, de Camille Saint-Sa\u00ebns.<\/p>\n\n\n\n<p><a href=\"http:\/\/ https:\/\/www.buenosaires.gob.ar\/noticias\/ahora-si-los-bebes-pueden-disfrutar-del-teatro-colon\" target=\"_blank\" rel=\"noreferrer noopener\" aria-label=\"Info (abre en una nueva pesta\u00f1a)\">Info<\/a> <\/p>\n\n\n\n<p>Ya se pueden hacer m\u00e1s de 300 tr\u00e1mites online. <br \/>Los vecinos pueden recibir por correo electr\u00f3nico una partida de nacimiento, pedir el cambio de una luminaria desde el celular y chatear con un controlador para resolver multas de tr\u00e1nsito sin pasar por las oficinas de la Ciudad.<\/p>\n\n\n\n<p><a href=\"http:\/\/www.buenosaires.gob.ar\/noticias\/basta-de-colas-y-perdida-de-tiempo-los-portenos-ya-pueden-hacer-mas-de-300-tramites-online\" target=\"_blank\" rel=\"noreferrer noopener\" aria-label=\"Info (abre en una nueva pesta\u00f1a)\">Info<\/a> <\/p>\n\n\n\n<p>Rincones para conocer caminando. <br \/>Todos los s\u00e1bados de junio y el lunes 17 (feriado) y el jueves 20, la Ciudad ofrece visitas guiadas gratuitas para descubrir a pie distintos lugares de Buenos Aires que a menudo pasan inadvertidos. Barrancas de Belgrano, Palermo, San Telmo y Chacarita son los barrios elegidos para este mes.<\/p>\n\n\n\n<p><a href=\"https:\/\/www.buenosaires.gob.ar\/noticias\/rincones-portenos-para-conocer-caminando\" target=\"_blank\" rel=\"noreferrer noopener\" aria-label=\"Info (abre en una nueva pesta\u00f1a)\">Info<\/a> <\/p>\n\n\n\n<p>La UBA y la Ciudad construir\u00e1n dos nuevos edificios en el Parque de la Innovaci\u00f3n. <br \/>Uno ser\u00e1 construido por el Gobierno porte\u00f1o, mientras que el otro lo har\u00e1 la UBA. Adem\u00e1s, ensanchar\u00e1n el Puente Labruna y habilitar\u00e1n una v\u00eda para peatones y ciclistas, para conectar Ciudad Universitaria con el Parque. Se generar\u00e1n 2.000 becas.<\/p>\n\n\n\n<p><a href=\"https:\/\/www.buenosaires.gob.ar\/jefedegobierno\/secretariageneral\/noticias\/la-uba-y-la-ciudad-construiran-dos-nuevos-edificios-en-el \" target=\"_blank\" rel=\"noreferrer noopener\" aria-label=\"Info  (abre en una nueva pesta\u00f1a)\">Info <\/a><\/p>","protected":false},"excerpt":{"rendered":"<p>Inauguraron Centro de Monitoreo en Chacarita. Controlar\u00e1 7.329 c\u00e1maras en calles y subtes para prevenir delitos e intervenir de una forma m\u00e1s r\u00e1pida. \u00abSeguimos trabajando para darles m\u00e1s seguridad a todos los vecinos\u00bb, dijo el Jefe de Gobierno. Lo hicieron Rodr\u00edguez Larreta, Bullrich y Santilli. Es el m\u00e1s grande de Am\u00e9rica Latina. Info Centro de [&hellip;]<\/p>","protected":false},"author":1,"featured_media":611891,"comment_status":"open","ping_status":"closed","sticky":false,"template":"","format":"standard","meta":[],"categories":[1],"tags":[],"series":[],"_links":{"self":[{"href":"https:\/\/www.diario5.com.ar\/es\/wp-json\/wp\/v2\/posts\/611886"}],"collection":[{"href":"https:\/\/www.diario5.com.ar\/es\/wp-json\/wp\/v2\/posts"}],"about":[{"href":"https:\/\/www.diario5.com.ar\/es\/wp-json\/wp\/v2\/types\/post"}],"author":[{"embeddable":true,"href":"https:\/\/www.diario5.com.ar\/es\/wp-json\/wp\/v2\/users\/1"}],"replies":[{"embeddable":true,"href":"https:\/\/www.diario5.com.ar\/es\/wp-json\/wp\/v2\/comments?post=611886"}],"version-history":[{"count":10,"href":"https:\/\/www.diario5.com.ar\/es\/wp-json\/wp\/v2\/posts\/611886\/revisions"}],"predecessor-version":[{"id":611900,"href":"https:\/\/www.diario5.com.ar\/es\/wp-json\/wp\/v2\/posts\/611886\/revisions\/611900"}],"wp:featuredmedia":[{"embeddable":true,"href":"https:\/\/www.diario5.com.ar\/es\/wp-json\/wp\/v2\/media\/611891"}],"wp:attachment":[{"href":"https:\/\/www.diario5.com.ar\/es\/wp-json\/wp\/v2\/media?parent=611886"}],"wp:term":[{"taxonomy":"category","embeddable":true,"href":"https:\/\/www.diario5.com.ar\/es\/wp-json\/wp\/v2\/categories?post=611886"},{"taxonomy":"post_tag","embeddable":true,"href":"https:\/\/www.diario5.com.ar\/es\/wp-json\/wp\/v2\/tags?post=611886"},{"taxonomy":"series","embeddable":true,"href":"https:\/\/www.diario5.com.ar\/es\/wp-json\/wp\/v2\/series?post=611886"}],"curies":[{"name":"wp","href":"https:\/\/api.w.org\/{rel}","templated":true}]}}