{"id":611775,"date":"2019-06-11T12:49:39","date_gmt":"2019-06-11T15:49:39","guid":{"rendered":"http:\/\/diario5.com.ar\/?p=611775"},"modified":"2019-06-11T12:49:39","modified_gmt":"2019-06-11T15:49:39","slug":"los-bebes-tambien-pueden-disfrutar-del-teatro-colon","status":"publish","type":"post","link":"https:\/\/www.diario5.com.ar\/es\/los-bebes-tambien-pueden-disfrutar-del-teatro-colon\/","title":{"rendered":"Los beb\u00e9s tambi\u00e9n pueden disfrutar del Teatro Col\u00f3n"},"content":{"rendered":"<h2 class=\"sub-title-primary\"><\/h2> <\/p>\n<p>Los beb&eacute;s cada vez tienen m&aacute;s espacio en el Teatro Col&oacute;n. Hoy en d&iacute;a no s\u00f3lo asisten a las funciones de gala sino tambi&eacute;n tienen un espect&aacute;culo dise&ntilde;ado exclusivamente para ellos.<\/p>\n<p>Se trata de una actividad sensorial sobre la ternura po&eacute;tica y l&iacute;rica de los diferentes lenguajes adaptados para los m&aacute;s peque&ntilde;os: <strong>desde los 3 meses hasta los 2 a&ntilde;os<\/strong>. Y que adem&aacute;s facilita y estimula las etapas del desarrollo temprano y favorece el v&iacute;nculo del beb&eacute; con sus adultos acompa&ntilde;antes.<\/p>\n<blockquote>\n<p>Col&oacute;n para beb&eacute;s tendr&aacute; cuatro funciones en el Sal&oacute;n Dorado<\/p>\n<\/blockquote>\n<p><img decoding=\"async\" loading=\"lazy\" src=\"http:\/\/diario5.com.ar\/wp-content\/uploads\/2019\/06\/salon_dorado_-_foto_4_2.jpg\" width=\"5616\" height=\"3744\" alt=\"Ahora s&iacute; los beb&eacute;s pueden disfrutar del Teatro Col&oacute;n\" title=\"Sal&oacute;n Dorado - Foto del Teatro Col&oacute;n\"\/><\/p>\n<p>Las fechas programadas son: <strong>s&aacute;bado 22, domingo 23, s&aacute;bado 29 y domingo 30 de junio<\/strong>. Y el ingreso es por calle Libertad 621.<\/p>\n<p>Esta experiencia sensorial, con idea y direcci&oacute;n art&iacute;stica de Eugenia Schvartzman y Mariana Cincunegui, cuenta con la adaptaci&oacute;n de la suite musical de <strong>El Carnaval de los animales<\/strong> compuesta en 1886 por el compositor franc&eacute;s Camille Saint-Sa&euml;ns, que ser&aacute; interpretada por dos pianos, cello, flauta, celesta y xilof&oacute;n acompa&ntilde;ados de una bailarina.<\/p>\n<p>La propuesta est&aacute; segmentada en <strong>3 niveles<\/strong> y cada grupo, conformado por franjas de edad, tendr&aacute; su horario espec&iacute;fico: <strong>de 3 a 9 meses<\/strong> el horario de inicio ser&aacute; <strong>a las 10<\/strong>, <strong>de 10 a 18 meses<\/strong> la actividad comenzar&aacute; <strong>a las 12<\/strong> y un tercer y &uacute;ltimo nivel que va <strong>de 19 meses a 2 a&ntilde;os<\/strong>, a partir de las <strong>14<\/strong>.<\/p>\n<p>Con un total de <strong>25 participantes por nivel<\/strong>, la actividad implica la participaci&oacute;n de beb&eacute;s y adultos acompa&ntilde;antes que <strong>durante 50 minutos<\/strong> ser&aacute;n guiados a trav&eacute;s del imaginario musical de <strong>El Carnaval de los animales<\/strong>.<\/p>\n<p><img decoding=\"async\" loading=\"lazy\" src=\"http:\/\/diario5.com.ar\/wp-content\/uploads\/2019\/06\/salon_dorado_7_0.jpg\" width=\"960\" height=\"640\" alt=\"Ahora s&iacute; los beb&eacute;s pueden disfrutar del Teatro Col&oacute;n\" title=\"Sal&oacute;n Dorado - Foto del Teatro Col&oacute;n\"\/><\/p>\n<h2>Recomendaciones<\/h2>\n<ul>\n<li>\n<p>Asistir con ropa c&oacute;moda y medias ya que se trabajar&aacute; descalzo sobre un piso especialmente dise&ntilde;ado.<\/p>\n<\/li>\n<li>\n<p>El adulto acompa&ntilde;ante ser&aacute; el responsable del beb&eacute; durante toda la actividad.<\/p>\n<\/li>\n<li>\n<p>Para facilitar el disfrute y desarrollo de la propuesta, s&oacute;lo un adulto por vez podr&aacute; acompa&ntilde;ar al beb&eacute;.<\/p>\n<\/li>\n<li>\n<p>El m&aacute;ximo de acompa&ntilde;antes permitido es de dos adultos por ni&ntilde;o.<\/p>\n<\/li>\n<li>\n<p>Podr&aacute;n dejar los coches de beb&eacute; en un lugar especialmente destinado.<\/p>\n<\/li>\n<li>\n<p>Asistir unos minutos antes de la hora de comienzo de la actividad, ingresando por la calle libertad 621.<\/p>\n<\/li>\n<\/ul>\n<p>Los tickets est&aacute;n a disposici&oacute;n de los interesados a partir de este lunes 10, en el <a href=\"http:\/\/www.teatrocolon.org.ar\/noticia\/colon-para-bebes\">Teatro Col&oacute;n<\/a> Tucum&aacute;n 1171 (4378-7109), de lunes a s&aacute;bado, de 9 a 20 y domingo de 9 a 17. O por internet ingresando a: www.teatrocolon.org.ar. Para consultas e informes llamar de 10:00 a 18:00 horas al  (11) 4378 7366. O bien escribir a: colonparabebes@teatrocolon.org.ar<\/p>","protected":false},"excerpt":{"rendered":"<p>Los beb&eacute;s cada vez tienen m&aacute;s espacio en el Teatro Col&oacute;n. Hoy en d&iacute;a no s\u00f3lo asisten a las funciones de gala sino tambi&eacute;n tienen un espect&aacute;culo dise&ntilde;ado exclusivamente para ellos. Se trata de una actividad sensorial sobre la ternura po&eacute;tica y l&iacute;rica de los diferentes lenguajes adaptados para los m&aacute;s peque&ntilde;os: desde los 3 [&hellip;]<\/p>","protected":false},"author":8,"featured_media":611776,"comment_status":"open","ping_status":"closed","sticky":false,"template":"","format":"standard","meta":[],"categories":[5],"tags":[],"series":[],"_links":{"self":[{"href":"https:\/\/www.diario5.com.ar\/es\/wp-json\/wp\/v2\/posts\/611775"}],"collection":[{"href":"https:\/\/www.diario5.com.ar\/es\/wp-json\/wp\/v2\/posts"}],"about":[{"href":"https:\/\/www.diario5.com.ar\/es\/wp-json\/wp\/v2\/types\/post"}],"author":[{"embeddable":true,"href":"https:\/\/www.diario5.com.ar\/es\/wp-json\/wp\/v2\/users\/8"}],"replies":[{"embeddable":true,"href":"https:\/\/www.diario5.com.ar\/es\/wp-json\/wp\/v2\/comments?post=611775"}],"version-history":[{"count":0,"href":"https:\/\/www.diario5.com.ar\/es\/wp-json\/wp\/v2\/posts\/611775\/revisions"}],"wp:featuredmedia":[{"embeddable":true,"href":"https:\/\/www.diario5.com.ar\/es\/wp-json\/wp\/v2\/media\/611776"}],"wp:attachment":[{"href":"https:\/\/www.diario5.com.ar\/es\/wp-json\/wp\/v2\/media?parent=611775"}],"wp:term":[{"taxonomy":"category","embeddable":true,"href":"https:\/\/www.diario5.com.ar\/es\/wp-json\/wp\/v2\/categories?post=611775"},{"taxonomy":"post_tag","embeddable":true,"href":"https:\/\/www.diario5.com.ar\/es\/wp-json\/wp\/v2\/tags?post=611775"},{"taxonomy":"series","embeddable":true,"href":"https:\/\/www.diario5.com.ar\/es\/wp-json\/wp\/v2\/series?post=611775"}],"curies":[{"name":"wp","href":"https:\/\/api.w.org\/{rel}","templated":true}]}}