{"id":611756,"date":"2019-06-10T17:44:22","date_gmt":"2019-06-10T20:44:22","guid":{"rendered":"http:\/\/diario5.com.ar\/?p=611756"},"modified":"2019-06-11T00:08:00","modified_gmt":"2019-06-11T03:08:00","slug":"la-bienal-arte-joven-buenos-aires-presento-a-sus-bienalistas-2019","status":"publish","type":"post","link":"https:\/\/www.diario5.com.ar\/es\/la-bienal-arte-joven-buenos-aires-presento-a-sus-bienalistas-2019\/","title":{"rendered":"Los artistas de la BAJBA"},"content":{"rendered":"<h2 class=\"sub-title-primary\"><\/h2> <p><img decoding=\"async\" loading=\"lazy\" class=\"alignright\" src=\"http:\/\/diario5.com.ar\/wp-content\/uploads\/2019\/06\/9_-la_bienal_2.jpg\" alt=\"\" width=\"612\" height=\"407\" \/><\/p>\n<p>La <strong>Bienal Arte Joven Buenos Aires<\/strong>, organizada por la Subsecretar\u00eda de pol\u00edticas culturales y nuevas audiencias del Ministerio de Cultura, presenta a los <strong>bienalistas 2019<\/strong>, artistas de entre 18 y 32 a\u00f1os que participar\u00e1n este a\u00f1o, en cinco disciplinas: esc\u00e9nicas, visuales, audiovisuales, m\u00fasica y literatura.<\/p>\n<p>En esta edici\u00f3n, se <strong>producir\u00e1n 18 proyectos<\/strong> de diferentes disciplinas, brindando financiamiento y acompa\u00f1amiento a 4 muestras individuales de artistas visuales, 5 obras esc\u00e9nicas, 3 pel\u00edculas, 3 discos y 3 novelas que se presentar\u00e1n en La Bienal.<\/p>\n<p><a href=\"https:\/\/bienal.buenosaires.gob.ar\/blog\/264\/estos-son-los-nuevos-bienalistas\/\" target=\"_blank\" rel=\"noopener\"><strong>Conoc\u00e9 a los bienalistas<\/strong><\/a><\/p>\n<p>Adem\u00e1s, <strong>100 j\u00f3venes artistas<\/strong> -25 artistas visuales, 15 directores audiovisuales, 15 directores de teatro y danza; 15 bandas y solistas; 30 escritores- exhibir\u00e1n sus obras en el mes de septiembre durante La Bienal y podr\u00e1n acceder a <strong>becas de formaci\u00f3n en Argentina y el exterior<\/strong>. Asimismo, en la Convocatoria Cuento y Poes\u00eda se seleccionaron 15 cuentos y 15 poes\u00edas que ser\u00e1n publicados en 2 antolog\u00edas.<\/p>\n<p>Enrique Avogadro, Ministro de Cultura de la Ciudad de Buenos Aires, sostuvo: \u201cEstamos orgullosos de dar a conocer a nuestros bienalistas. Implica para todos ellos la <strong>posibilidad de mostrar sus creaciones que hacen de esta ciudad el centro cultural de Latinoam\u00e9rica<\/strong>. Pero tambi\u00e9n de compartir sus experiencias. La cultura tiene un poder transformador en la vida de todos y en especial de las nuevas generaciones\u201d.<\/p>\n<p>Fueron seleccionadas 118 obras y proyectos entre 8.000 que se postularon para participar de esta edici\u00f3n.<\/p>\n<p>Por su parte Luciana Blasco, Subsecretar\u00eda de pol\u00edticas culturales y nuevas audiencias del Gobierno de la Ciudad de Buenos Aires, afirm\u00f3: \u00abLa Bienal es un veh\u00edculo para que los artistas j\u00f3venes encuentren maneras m\u00e1s poderosas de expresarse. <strong>Esta instancia de selecci\u00f3n es conmovedora porque es la suma del esfuerzo de miles de j\u00f3venes por estar en la Bienal<\/strong>. Sentimos que para todos los que mandaron sus proyectos fue una experiencia de crecimiento fuerte. Los artistas seleccionados tienen por delante una experiencia transformadora en contacto con pares, artistas consagrados y nuevas maneras de crear\u00bb.<\/p>\n<p><img decoding=\"async\" loading=\"lazy\" class=\"alignleft\" src=\"http:\/\/diario5.com.ar\/wp-content\/uploads\/2019\/06\/deisy_juan_felipe_villanueva.jpg\" alt=\"\" width=\"569\" height=\"377\" \/><\/p>\n<p>A partir del anuncio, la Bienal da inicio al acompa\u00f1amiento a trav\u00e9s de <strong>financiamiento y tutor\u00edas<\/strong> de la producci\u00f3n de obra de los 18 proyectos. Adem\u00e1s, del 3 al 10 de agosto los artistas integrantes de las diferentes obras y proyectos participar\u00e1n del <strong>Campus Bienal<\/strong>, un programa especial de formaci\u00f3n y creaci\u00f3n multidisciplinar con formadores destacados de cada disciplina.<\/p>\n<p>La Bienal se realizar\u00e1 entre el 25 y el 29 de septiembre.<\/p>\n<p>La Bienal se realizar\u00e1 entre el 25 y el 29 de septiembre, con sede central en el Centro Cultural Recoleta, privilegiando un espacio de exhibici\u00f3n en el que los bienalistas de las cinco disciplinas compartir\u00e1n sus creaciones con toda la ciudad.<\/p>\n<p><img decoding=\"async\" loading=\"lazy\" class=\"alignright\" src=\"http:\/\/diario5.com.ar\/wp-content\/uploads\/2019\/06\/pulso_daniel_saldarriaga_y_eugenia_m_roces.jpg\" alt=\"\" width=\"556\" height=\"371\" \/><\/p>\n<hr \/>\n<h2>M\u00e1s sobre La Bienal<\/h2>\n<p><img decoding=\"async\" loading=\"lazy\" class=\"alignleft\" src=\"http:\/\/diario5.com.ar\/wp-content\/uploads\/2019\/06\/todxs_tenemos_un_pelo_1_-_lucia_giannoni.jpg\" alt=\"\" width=\"538\" height=\"358\" \/>La convocatoria abierta concluy\u00f3 el pasado 15 de marzo con un <strong>volumen de inscripci\u00f3n que supera en un 22% el de la edici\u00f3n anterior<\/strong> en la que se hab\u00edan postulado 6600 obras y proyectos.<\/p>\n<p>En relaci\u00f3n a la inscripci\u00f3n por disciplina: visuales y literatura son las que registran mayor cantidad de postulaciones seguidas por m\u00fasica, esc\u00e9nicas y audiovisuales. En Visuales 1447 j\u00f3venes participan de la convocatoria Artistas Visuales y 560 en Muestra Individual. En Literatura, 1090 escritores participan de la Convocatoria Cuento, 1402 de Poes\u00eda y 420 de Novela. En M\u00fasica se recibieron 522 postulaciones para Producci\u00f3n de disco y 990 para Bandas y Solistas. En Esc\u00e9nicas se recibieron 336 postulaciones para Producci\u00f3n de Obra esc\u00e9nica, 428 para Creadores Esc\u00e9nicos y 125 para Teatro Musical. Por \u00faltimo, en Audiovisuales, 400 artistas participan de la convocatoria Directores Audiovisuales y 306 de Experimentaci\u00f3n Audiovisual.<\/p>\n<blockquote><p>415 artistas integran los equipos de las obras y proyectos participantes en las cinco disciplinas<\/p><\/blockquote>\n<p>Algunas de las <strong>residencias y programas<\/strong> de las que participar\u00e1n los ganadores de esta edici\u00f3n de La Bienal son: Lincoln Center (New York), Doc Lisboa (Lisboa), Hangar Lisboa (Lisboa), M\u00e1rgenes (Madrid), Talent Campus (Buenos Aires), El\u00edas Querejeta Zine Eskola (San Sebasti\u00e1n), Odin Teatret (Holstebro), Urra (Tigre), Hangar.org (Barcelona), Casa Tres Patios (Medell\u00edn), Piv\u00f3 (San Pablo), Mundo Dios (Mar del Plata) y Vila Sul &#8211; Goethe-Institut (San Salvador da Bah\u00eda).<\/p>","protected":false},"excerpt":{"rendered":"<p>La Bienal Arte Joven Buenos Aires, organizada por la Subsecretar\u00eda de pol\u00edticas culturales y nuevas audiencias del Ministerio de Cultura, presenta a los bienalistas 2019, artistas de entre 18 y 32 a\u00f1os que participar\u00e1n este a\u00f1o, en cinco disciplinas: esc\u00e9nicas, visuales, audiovisuales, m\u00fasica y literatura. En esta edici\u00f3n, se producir\u00e1n 18 proyectos de diferentes disciplinas, [&hellip;]<\/p>","protected":false},"author":8,"featured_media":611757,"comment_status":"open","ping_status":"closed","sticky":false,"template":"","format":"standard","meta":[],"categories":[5],"tags":[],"series":[],"_links":{"self":[{"href":"https:\/\/www.diario5.com.ar\/es\/wp-json\/wp\/v2\/posts\/611756"}],"collection":[{"href":"https:\/\/www.diario5.com.ar\/es\/wp-json\/wp\/v2\/posts"}],"about":[{"href":"https:\/\/www.diario5.com.ar\/es\/wp-json\/wp\/v2\/types\/post"}],"author":[{"embeddable":true,"href":"https:\/\/www.diario5.com.ar\/es\/wp-json\/wp\/v2\/users\/8"}],"replies":[{"embeddable":true,"href":"https:\/\/www.diario5.com.ar\/es\/wp-json\/wp\/v2\/comments?post=611756"}],"version-history":[{"count":1,"href":"https:\/\/www.diario5.com.ar\/es\/wp-json\/wp\/v2\/posts\/611756\/revisions"}],"predecessor-version":[{"id":611772,"href":"https:\/\/www.diario5.com.ar\/es\/wp-json\/wp\/v2\/posts\/611756\/revisions\/611772"}],"wp:featuredmedia":[{"embeddable":true,"href":"https:\/\/www.diario5.com.ar\/es\/wp-json\/wp\/v2\/media\/611757"}],"wp:attachment":[{"href":"https:\/\/www.diario5.com.ar\/es\/wp-json\/wp\/v2\/media?parent=611756"}],"wp:term":[{"taxonomy":"category","embeddable":true,"href":"https:\/\/www.diario5.com.ar\/es\/wp-json\/wp\/v2\/categories?post=611756"},{"taxonomy":"post_tag","embeddable":true,"href":"https:\/\/www.diario5.com.ar\/es\/wp-json\/wp\/v2\/tags?post=611756"},{"taxonomy":"series","embeddable":true,"href":"https:\/\/www.diario5.com.ar\/es\/wp-json\/wp\/v2\/series?post=611756"}],"curies":[{"name":"wp","href":"https:\/\/api.w.org\/{rel}","templated":true}]}}