{"id":611713,"date":"2019-06-06T12:30:41","date_gmt":"2019-06-06T15:30:41","guid":{"rendered":"http:\/\/diario5.com.ar\/?p=611713"},"modified":"2019-06-11T00:01:39","modified_gmt":"2019-06-11T03:01:39","slug":"segundo-llamado-a-convocatoria-de-proyectos-de-proteatro-2019","status":"publish","type":"post","link":"https:\/\/www.diario5.com.ar\/es\/segundo-llamado-a-convocatoria-de-proyectos-de-proteatro-2019\/","title":{"rendered":"Convocatoria a Proteatro 2019"},"content":{"rendered":"<h2 class=\"sub-title-primary\"><\/h2> <p><strong><img decoding=\"async\" loading=\"lazy\" class=\"alignright\" src=\"https:\/\/encrypted-tbn0.gstatic.com\/images?q=tbn:ANd9GcSQjGNIjlRew8KmJ374PrWpKNm77ppjcFZcbyk2b7Ipznw87inH\" width=\"610\" height=\"610\" \/><\/strong>Cada a\u00f1o resurge el concepto firme y claro de que<a href=\"http:\/\/www.buenosaires.gob.ar\/cultura\/impulso-cultural\/proteatro\">\u00a0<\/a><strong><a href=\"http:\/\/www.buenosaires.gob.ar\/cultura\/impulso-cultural\/proteatro\">Proteatro<\/a><\/strong>\u00a0trabaja por el desarrollo de la actividad teatral no oficial en la Ciudad,\u00a0desde el Ministerio de Cultura del Gobierno de la Ciudad de Buenos Aires,<\/p>\n<p><em>\u201cProteatro es un espacio vital para los teatristas de la ciudad de Buenos Aires, es un espacio de acompa\u00f1amiento, de fomento al trabajo del teatrista dentro de la ciudad. Lo es desde la esencia y desde la acci\u00f3n, porque es un espacio que siempre ha fomentado el desarrollo del teatro independiente, o sea del teatro no oficial\u201d<\/em>, explica Marcelo Mangone, Director teatral y miembro del directorio de Proteatro.<\/p>\n<p>Ya se encuentra abierto el segundo llamado a convocatoria del a\u00f1o y ten\u00e9s tiempo hasta las 17h del 4 de julio 2019.<\/p>\n<p>Esta segunda convocatoria est\u00e1 dirigida a grupos teatrales que deseen producir una obra o espect\u00e1culo y a proyectos especiales que sean de inter\u00e9s para la comunidad teatral.<\/p>\n<p><em>\u201cLa creaci\u00f3n es esa maravilla del espacio vac\u00edo que uno va llenando con su propio impulso creador. Lo que te pasa como artista es una mezcla de excitaci\u00f3n, de concreci\u00f3n del deseo y de concretar la pasi\u00f3n. Ahora, eso tal vez desde cierta l\u00f3gica po\u00e9tica, desde lo pr\u00e1ctico nos encontramos con muchas complejidades, que justamente son esas que intentamos resolver desde Proteatro<\/em>, agrega Mangone. Y concluye: <em>\u201cProteatro es vital para lo que ha sido el crecimiento de la teatralidad en la ciudad.\u201d<\/em><\/p>\n<p><a href=\"http:\/\/www.buenosaires.gob.ar\/node\/como-participo\" target=\"_blank\" rel=\"noopener\">Conoc\u00e9 acerca de Proteatro y los requisitos de la convocatoria<\/a><\/p>","protected":false},"excerpt":{"rendered":"<p>Cada a\u00f1o resurge el concepto firme y claro de que\u00a0Proteatro\u00a0trabaja por el desarrollo de la actividad teatral no oficial en la Ciudad,\u00a0desde el Ministerio de Cultura del Gobierno de la Ciudad de Buenos Aires, \u201cProteatro es un espacio vital para los teatristas de la ciudad de Buenos Aires, es un espacio de acompa\u00f1amiento, de fomento [&hellip;]<\/p>","protected":false},"author":5,"featured_media":0,"comment_status":"open","ping_status":"closed","sticky":false,"template":"","format":"standard","meta":[],"categories":[5],"tags":[],"series":[],"_links":{"self":[{"href":"https:\/\/www.diario5.com.ar\/es\/wp-json\/wp\/v2\/posts\/611713"}],"collection":[{"href":"https:\/\/www.diario5.com.ar\/es\/wp-json\/wp\/v2\/posts"}],"about":[{"href":"https:\/\/www.diario5.com.ar\/es\/wp-json\/wp\/v2\/types\/post"}],"author":[{"embeddable":true,"href":"https:\/\/www.diario5.com.ar\/es\/wp-json\/wp\/v2\/users\/5"}],"replies":[{"embeddable":true,"href":"https:\/\/www.diario5.com.ar\/es\/wp-json\/wp\/v2\/comments?post=611713"}],"version-history":[{"count":2,"href":"https:\/\/www.diario5.com.ar\/es\/wp-json\/wp\/v2\/posts\/611713\/revisions"}],"predecessor-version":[{"id":611770,"href":"https:\/\/www.diario5.com.ar\/es\/wp-json\/wp\/v2\/posts\/611713\/revisions\/611770"}],"wp:attachment":[{"href":"https:\/\/www.diario5.com.ar\/es\/wp-json\/wp\/v2\/media?parent=611713"}],"wp:term":[{"taxonomy":"category","embeddable":true,"href":"https:\/\/www.diario5.com.ar\/es\/wp-json\/wp\/v2\/categories?post=611713"},{"taxonomy":"post_tag","embeddable":true,"href":"https:\/\/www.diario5.com.ar\/es\/wp-json\/wp\/v2\/tags?post=611713"},{"taxonomy":"series","embeddable":true,"href":"https:\/\/www.diario5.com.ar\/es\/wp-json\/wp\/v2\/series?post=611713"}],"curies":[{"name":"wp","href":"https:\/\/api.w.org\/{rel}","templated":true}]}}