{"id":611688,"date":"2019-06-05T13:05:28","date_gmt":"2019-06-05T16:05:28","guid":{"rendered":"http:\/\/diario5.com.ar\/?p=611688"},"modified":"2019-06-06T01:10:03","modified_gmt":"2019-06-06T04:10:03","slug":"ultima-semana-para-inscribirse-al-festival-clave-del-centro-cultural-recoleta","status":"publish","type":"post","link":"https:\/\/www.diario5.com.ar\/es\/ultima-semana-para-inscribirse-al-festival-clave-del-centro-cultural-recoleta\/","title":{"rendered":"Inscripci\u00f3n en el Festival Clave"},"content":{"rendered":"<h2 class=\"sub-title-primary\"><\/h2> <p>Hasta el <strong>lunes 10 de junio<\/strong> se extendi\u00f3 la inscripci\u00f3n para todos aquellos <strong>chicos y chicas de entre 13 y 17 a\u00f1os<\/strong> que quieran participar de la edici\u00f3n 2019 del <strong>Festival Clave<\/strong> en las categor\u00edas de solistas y bandas, rap, trap, escritura, fotograf\u00eda, visuales, teatro, danza, poes\u00eda, escritura y cortos.<\/p>\n<p>El Festival Clave es una fiesta cultural pensada por un comit\u00e9 de diez adolescentes que, trabajando junto al equipo del <strong>Centro Cultural Recoleta<\/strong>, armaron la convocatoria y van a seleccionar a los artistas de su edad que participar\u00e1n del festival.<\/p>\n<blockquote><p><a href=\"http:\/\/centroculturalrecoleta.org\/convocatorias\/festival-clave-1317?utm_source=El+Recoleta&amp;utm_campaign=825d56e2cd-EMAIL_CAMPAIGN_2019_05_07_03_21_COPY_02&amp;utm_medium=email&amp;utm_term=0_7d2cdc3783-825d56e2cd-439892265\/\" target=\"_blank\">Inscribite en el Festival Clave 2019<\/a><\/p><\/blockquote>\n<p>Los <strong>300 seleccionados<\/strong> que se dar\u00e1n a conocer a fin de junio y transitar\u00e1n juntos varios meses de experiencia compartida antes de llegar al festival. En esos meses tendr\u00e1n talleres, workshops y campamentos art\u00edsticos de la mano de referentes del campo art\u00edstico y cultural como <strong>Camila Fabbri, Mariano Godoy, Laura Paredes y Denise Labraga<\/strong>.<\/p>\n<p><img decoding=\"async\" loading=\"lazy\" src=\"http:\/\/diario5.com.ar\/wp-content\/uploads\/2019\/06\/img_2479.jpg\" width=\"960\" height=\"640\" alt=\"\"\/><\/p>\n<hr \/>\n<h2>Cronograma general<\/h2>\n<ul>\n<li><strong>Inscripciones<\/strong>: 5 de mayo al 10 de junio de 2019.<\/li>\n<li><strong>Anuncio de los postulantes seleccionados<\/strong>: 23 de junio de 2019.<\/li>\n<li><strong>Campamento Clave<\/strong>: S\u00e1bado 6 y domingo 7 de julio de 2019.<\/li>\n<li><strong>Programa Sala de Ensayo<\/strong>: viernes 23, s\u00e1bado 24 y domingo 25 de agosto.<\/li>\n<li><strong>Creaci\u00f3n colectiva de Teatro\/Danza<\/strong>: Diez encuentros que se hacen los d\u00edas s\u00e1bados o domingos entre el 13 de julio y el 8 de septiembre.<\/li>\n<\/ul>\n<blockquote><p>Festival Clave: s\u00e1bado 14 y domingo 15 de septiembre de 2019 en el Centro Cultural Recoleta.<\/p><\/blockquote>\n<p><img decoding=\"async\" loading=\"lazy\" src=\"http:\/\/diario5.com.ar\/wp-content\/uploads\/2019\/06\/copy_of_919_dsc8110.jpg\" width=\"960\" height=\"640\" alt=\"\"\/><\/p>","protected":false},"excerpt":{"rendered":"<p>Hasta el lunes 10 de junio se extendi\u00f3 la inscripci\u00f3n para todos aquellos chicos y chicas de entre 13 y 17 a\u00f1os que quieran participar de la edici\u00f3n 2019 del Festival Clave en las categor\u00edas de solistas y bandas, rap, trap, escritura, fotograf\u00eda, visuales, teatro, danza, poes\u00eda, escritura y cortos. El Festival Clave es una [&hellip;]<\/p>","protected":false},"author":8,"featured_media":611689,"comment_status":"open","ping_status":"closed","sticky":false,"template":"","format":"standard","meta":[],"categories":[5],"tags":[],"series":[],"_links":{"self":[{"href":"https:\/\/www.diario5.com.ar\/es\/wp-json\/wp\/v2\/posts\/611688"}],"collection":[{"href":"https:\/\/www.diario5.com.ar\/es\/wp-json\/wp\/v2\/posts"}],"about":[{"href":"https:\/\/www.diario5.com.ar\/es\/wp-json\/wp\/v2\/types\/post"}],"author":[{"embeddable":true,"href":"https:\/\/www.diario5.com.ar\/es\/wp-json\/wp\/v2\/users\/8"}],"replies":[{"embeddable":true,"href":"https:\/\/www.diario5.com.ar\/es\/wp-json\/wp\/v2\/comments?post=611688"}],"version-history":[{"count":2,"href":"https:\/\/www.diario5.com.ar\/es\/wp-json\/wp\/v2\/posts\/611688\/revisions"}],"predecessor-version":[{"id":611709,"href":"https:\/\/www.diario5.com.ar\/es\/wp-json\/wp\/v2\/posts\/611688\/revisions\/611709"}],"wp:featuredmedia":[{"embeddable":true,"href":"https:\/\/www.diario5.com.ar\/es\/wp-json\/wp\/v2\/media\/611689"}],"wp:attachment":[{"href":"https:\/\/www.diario5.com.ar\/es\/wp-json\/wp\/v2\/media?parent=611688"}],"wp:term":[{"taxonomy":"category","embeddable":true,"href":"https:\/\/www.diario5.com.ar\/es\/wp-json\/wp\/v2\/categories?post=611688"},{"taxonomy":"post_tag","embeddable":true,"href":"https:\/\/www.diario5.com.ar\/es\/wp-json\/wp\/v2\/tags?post=611688"},{"taxonomy":"series","embeddable":true,"href":"https:\/\/www.diario5.com.ar\/es\/wp-json\/wp\/v2\/series?post=611688"}],"curies":[{"name":"wp","href":"https:\/\/api.w.org\/{rel}","templated":true}]}}