{"id":611533,"date":"2019-05-27T15:08:54","date_gmt":"2019-05-27T18:08:54","guid":{"rendered":"http:\/\/diario5.com.ar\/?p=611533"},"modified":"2019-05-28T00:03:12","modified_gmt":"2019-05-28T03:03:12","slug":"mapas-y-audioguias-para-seguir-descubriendo-la-cultura-en-los-barrios-de-la-ciudad","status":"publish","type":"post","link":"https:\/\/www.diario5.com.ar\/es\/mapas-y-audioguias-para-seguir-descubriendo-la-cultura-en-los-barrios-de-la-ciudad\/","title":{"rendered":"Mapas y Audiogu\u00edas Barrios Creativos"},"content":{"rendered":"<h2 class=\"sub-title-primary\"><\/h2> <p>\u00a0<\/p>\n<p>Ya circulan los\u00a0Mapas y Audiogu\u00edas<strong>\u00a0\u00abBarrios Creativos\u201d<\/strong>, una propuesta digital concebida por porte\u00f1os did\u00e1cticos.\u00a0 Un grupo de persinalidade notables y expertas en cuestiones barriales ayudan a descubrir la Buenos aires profunda.\u00a0<strong>Villa Crespo,\u00a0<\/strong><strong>Chacarita, Abasto<\/strong>, San Telmo y tantos otros barrios, pueden ser protagonistas de un sistema divertido y pr\u00e1ctico.<\/p>\n<p>A partir de estos programas, cualquiera puede descubrir la inmensa oferta art\u00edstica, gourmet e hist\u00f3rica y todos los secretos de estos barrios emblem\u00e1ticos de la Ciudad de Buenos Aires.<\/p>\n<p>D\u00edas atr\u00e1s se realiz\u00f3 el lanzamiento de todo el programa. El evento de presentaci\u00f3n inici\u00f3 con el circuito de Chacarita, en el cual estuvo presente el Ministro de Cultura, Enrique Avogadro, junto con los representantes del programa y la figura especial de Mike Amigorena, la voz que da vida a las audiogu\u00edas. Comenz\u00f3 en \u201cEl Imperio de la Pizza\u201d, pasaron luego por el Teatro Roseti, La Nube, el Galp\u00f3n de Guevara, Dulce y terminaron en el Complejo Los Andes, patrimonio hist\u00f3rico del barrio.<\/p>\n<p>Mike Amigorena, Laura Azcurra y Humberto Tortonese pusieron sus voces para los circuitos.<\/p>\n<p>Este lunes 27 de mayo es el recorrido por Villa Crespo con la voz invitada de Laura Azcurra y el jueves 30 de mayo por Abasto con Humberto Tortonese.<\/p>\n<p>\u00a0<\/p>\n<p><img decoding=\"async\" loading=\"lazy\" src=\"http:\/\/diario5.com.ar\/wp-content\/uploads\/2019\/05\/recorrido_chacarita.jpg\" alt=\"\" width=\"960\" height=\"640\" \/><\/p>\n<p>Esta nueva iniciativa de recorridos barriales presenta en esta primera edici\u00f3n 15 caminatas, divididos en los mencionados tres barrios, que se podr\u00e1n realizar gracias al dise\u00f1o de un formato <strong>podcast<\/strong> que se podr\u00e1 descargar desde <strong>Spotify y en mapas de papel<\/strong>, que se podr\u00e1n obtener en los espacios culturales oficiales del Ministerio que haya en cada barrio.<\/p>\n<p>Para el itinerario del barrio de Chacarita se proponen las siguientes caminatas:<\/p>\n<ul>\n<li><strong>Caminata 1 &#8211; \u201cCuna y tradici\u00f3n\u201d<\/strong><\/li>\n<\/ul>\n<p>Chacarita era hist\u00f3ricamente una zona de chacras que se fue con los a\u00f1os transformando en el barrio que conocemos hoy. Uno que encierra una larga historia con una arquitectura interesante en sus calles y que cada d\u00eda nos sorprende con nuevas cosas llenas de energ\u00eda. Es un barrio porte\u00f1o que convoca a muchos visitantes de otros lados esperanzados de encontrar en sus calles lugares que quedar\u00e1n en sus recuerdos.<\/p>\n<ul>\n<li><strong>Caminata 2 &#8211; \u201cChacarita creativa\u201d<\/strong><\/li>\n<\/ul>\n<p>Las callecitas de Chacarita tienen ese qu\u00e9 s\u00e9 yo&#8230; el arte creativo que circula por el barrio es el disparador de una movida que est\u00e1 en constante evoluci\u00f3n: galer\u00edas experimentales, talentos emergentes, artistas visuales que experimentan con una apertura global aplicada al barrio. Se mezcla el compromiso comunitario con las casas, galpones, talleres art\u00edsticos, dep\u00f3sitos, locales, artistas y lugares para estimular los sentidos y la creaci\u00f3n.<\/p>\n<ul>\n<li><strong>Caminata 3 &#8211; \u201cChacarita de noche\u201d<\/strong><\/li>\n<\/ul>\n<p>Popularmente conocida por sus mitos urbanos entre tumbas, leyendas y la luna llena. Hay un barrio que renace\u2026 Chacarita de noche es casi una concentraci\u00f3n. Las esquinas son rom\u00e1nticas y amigables, al aire libre la entrada al teatro se disfruta m\u00e1s y en el camino pod\u00e9s hacer la parada obligada, tomar un rico verm\u00fa o refrescarte con la cerveza de la esquina.<\/p>\n<ul>\n<li><strong>Caminata 4 &#8211; \u201cSalgamos a comer por Chacarita\u201d<\/strong><\/li>\n<\/ul>\n<p>Cuando visitamos por primera vez una ciudad sabemos que una de las mejores formas de explorarla es a trav\u00e9s de su comida. Lo mismo ocurre de un barrio a otro ya que la propuesta en cada sitio es diversa. Te invito a esta aventura culinaria donde los sentidos y el buen gusto ser\u00e1n parte del recorrido \u00a1Eso s\u00ed, siempre con mucha hambre y calzado c\u00f3modo!<\/p>\n<ul>\n<li><strong>Caminata 5 &#8211; \u201cChacarita mix\u201d<\/strong><\/li>\n<\/ul>\n<p>Chacarita no deja de crearse y recrearse a s\u00ed misma, sus expresiones son parte del patrimonio cultural argentino y el arte emerge de las paredes. Chacarita es un MIX que se apoya sobre ejes firmes y total inspiraci\u00f3n, se transform\u00f3 sin dejar en el olvido su esencia. Sumergirse en el mundo de la literatura con un cafecito atemporal con aires aporte\u00f1ados son la mezcla perfecta para disfrutar ahora mismo.<\/p>\n<p><a href=\"https:\/\/www.buenosaires.gob.ar\/sites\/gcaba\/files\/mapas_barrios_creativos_-_chacarita_web.pdf\">Descargate el mapa de Chacarita &gt;&gt;<\/a><\/p>\n<p>\u00a0<\/p>\n<p><img decoding=\"async\" loading=\"lazy\" src=\"http:\/\/diario5.com.ar\/wp-content\/uploads\/2019\/05\/mike_con_mapa.jpg\" alt=\"\" width=\"960\" height=\"640\" \/><\/p>\n<p>El barrio de Villa Crespo propone descubrir sus 146 espacios culturales a trav\u00e9s de:<\/p>\n<ul>\n<li><strong>Caminata 1 &#8211; \u201cIdentidad Villa Crespo\u201d<\/strong><\/li>\n<\/ul>\n<p>Cuando recorremos Villa Crespo nos encontramos con la propia identidad cultural de la Ciudad de Buenos Aires, que pasa por la Avenida Corrientes, el tango de Pugliese, por Paquita Bernardo, la primera dama del bandone\u00f3n. Esta identidad cultural est\u00e1 presente en las diversas expresiones art\u00edsticas del barrio, en librer\u00edas, espacios culturales y en sus calles que nos interpelan.<\/p>\n<ul>\n<li><strong>Caminata 2 &#8211; \u201cVilla Crespo Nocturno\u201d<\/strong><\/li>\n<\/ul>\n<p>Un recorrido por la noche de Villa Crespo, nuevo circuito cultural de la Ciudad. Espacios cl\u00e1sicos y nuevos conviven en el barrio ofreciendo propuestas con identidad propia. M\u00fasica, milongas, bares, teatros y gastronom\u00eda a la vuelta de la esquina.<\/p>\n<ul>\n<li><strong>Caminata 3 &#8211; \u201cLa Cuna del Barrio\u201d<\/strong><\/li>\n<\/ul>\n<p>Buenos Aires, ciudad de inmigrantes; Villa Crespo, barrio de comunidades. En estas calles nace la historia de un barrio que se enriqueci\u00f3 con tradiciones, valores y saberes llegados desde otras partes del mundo. Un recorrido por su pasado y su legado patrimonial.<\/p>\n<ul>\n<li>Caminata 4 &#8211; \u201cAlgo viejo, algo nuevo: espacios reconvertidos\u201d**<\/li>\n<\/ul>\n<p>En Villa Crespo lo tradicional y lo moderno son dos fuerzas complementarias, que crean un estilo que combina el lustre del pasado y la vivacidad del presente. Un barrio en el que tiendas antiguas y vecinos centenarios conviven junto a nuevos proyectos art\u00edsticos y emprendedores culturales que redefinieron los espacios de la tradici\u00f3n sin borrar sus huellas.<\/p>\n<ul>\n<li><strong>Caminata 5 &#8211; \u201cMitos de Villa Crespo\u201d<\/strong><\/li>\n<\/ul>\n<p>El barrio de Villa Crespo tiene f\u00e1bulas para todos los gustos: hay leyendas que pasan entubadas bajo las avenidas, en forma de arroyos subterr\u00e1neos. Hay mitos que todav\u00eda circulan por casas antiguas, caf\u00e9s y librer\u00edas.<\/p>\n<p><a href=\"https:\/\/www.buenosaires.gob.ar\/sites\/gcaba\/files\/mapas_barrios_creativos_-_villa_crespo_web.pdf\">Descargate el mapa de Villa Crespo &gt;&gt;<\/a><\/p>\n<p>\u00a0<\/p>\n<p><img decoding=\"async\" loading=\"lazy\" src=\"http:\/\/diario5.com.ar\/wp-content\/uploads\/2019\/05\/lanzamiento_de_audioguias_en_imperio_2.jpg\" alt=\"\" width=\"960\" height=\"640\" \/><\/p>\n<p>Y para la propuesta del Abasto, 105 teatros, locales y actores culturales son los protagonistas de los siguientes recorridos:<\/p>\n<ul>\n<li><strong>Caminata 1 &#8211; \u201cAbasto Humahuaca\u201d<\/strong><\/li>\n<\/ul>\n<p>Desde el cierre del mercado y durante 15 a\u00f1os, Humahuaca fue una zona de marginaci\u00f3n y cultura, desentendimiento social y libertades art\u00edsticas, dejando las semillas para que con el correr del tiempo se fuera poblando de so\u00f1adores que vieron en el Abasto un potencial cultural, una nueva forma de afrontar la cultura en la Ciudad. Estos han apostado a que el Abasto siga latiendo.<\/p>\n<ul>\n<li><strong>Caminata 2 &#8211; \u201cAbasto Tango\u201d<\/strong><\/li>\n<\/ul>\n<p>Abasto se identifica como aut\u00e9ntico barrio de tango. Aqu\u00ed han nacido, trabajado y vivido una cantidad llamativa de artistas tangueros. Carlos Gardel pas\u00f3 su primera juventud ac\u00e1, es por esto que popularmente se lo llama \u201cEl Morocho del Abasto\u201d. Pero no fue el \u00fanico, Osvaldo Pugliese, An\u00edbal Troilo, Roberto Rufino, Tita Merello y muchos de ellos tienen sus homenajes en el barrio. Este circuito propone recorrer una mirada del tango de ayer y de hoy a trav\u00e9s de su m\u00fasica, personalidades, rincones y murales.<\/p>\n<ul>\n<li><strong>Caminata 3 &#8211; \u201cAbasto Joven\u201d<\/strong><\/li>\n<\/ul>\n<p>El Abasto se ha convertido en estos \u00faltimos a\u00f1os en un circuito cultural donde espacios, bares y teatros dan lugar al encuentro entre los j\u00f3venes de la Ciudad. En cada rinc\u00f3n de este circuito se pueden encontrar con una diversidad de lugares, que se ubican entre el color de las calles Guardiavieja, Zelaya y sus alrededores. Una decenas de teatros y bares en un entramado con identidad propia.<\/p>\n<ul>\n<li><strong>Caminata 4 &#8211; \u201cAbasto Patrimonial\u201d<\/strong><\/li>\n<\/ul>\n<p>Este circuito habla de las tradiciones, la cultura, su arquitectura y sobro todo de la lucha a caballo entre las parroquias de Balvanera y San Carlos (Almagro). Entre 1870 y 1900 el barrio del Abasto adquiri\u00f3 su fisonom\u00eda propia, porque en este periodo se estableci\u00f3 all\u00ed el Mercado Devoto, luego el Central de Buenos Aires y finalmente el Mercado de Abasto Proveedor y si bien \u201cel Abasto\u201d no figura en el listado de barrios oficiales de la Ciudad, es reconocido como tal por la fortaleza de su impronta que le otorg\u00f3 el emplazamiento del Mercado y consecuentemente los usos, h\u00e1bitos y tradiciones que moldearon su identidad.<\/p>\n<ul>\n<li><strong>Caminata 5 &#8211; \u201cAbasto Creativo\u201d<\/strong><\/li>\n<\/ul>\n<p>El gran barrio del Abasto tambi\u00e9n tiene su fama por contener grandes espacios de creaci\u00f3n, experimentaci\u00f3n, diversidad y esparcimiento en donde vecinos y turistas disfrutan todos los d\u00edas de la semana de una oferta cultural ecl\u00e9ctica y de gran calidad.<\/p>\n<p><a href=\"https:\/\/www.buenosaires.gob.ar\/sites\/gcaba\/files\/mapas_barrios_creativos_-_abasto_web.pdf\">Descargate el mapa de Abasto &gt;&gt;<\/a><\/p>\n<p>\u00a0<\/p>\n<p><img decoding=\"async\" loading=\"lazy\" src=\"http:\/\/diario5.com.ar\/wp-content\/uploads\/2019\/05\/abasto_122_0.jpg\" alt=\"\" width=\"3008\" height=\"2000\" \/><\/p>\n<h2>Qu\u00e9 es Barrios Creativos<\/h2>\n<p>Barrios Creativos es un programa que <strong>busca promover los actores y equipos culturales barriales<\/strong>, fortaleciendo su identidad con propuestas creativas y sobre todo promoviendo el trabajo en red. El objetivo principal es potenciar la identidad de cada barrio y que el resto de los vecinos y quienes visitan Buenos aires puedan descubrir nuevos circuitos culturales.<\/p>\n<blockquote>\n<p><a href=\"http:\/\/www.buenosaires.gob.ar\/cultura\/promocion-cultural\/barrios-creativos\/\" target=\"_blank\" rel=\"noopener\">M\u00e1s informaci\u00f3n sobre Barrios Creativos<\/a><\/p>\n<\/blockquote>\n<p>Durante 2018 se realiz\u00f3 la convocatoria abierta para que gestores culturales y referentes de cada uno de los barrios participaran de una serie de foros de trabajo con el objetivo de dise\u00f1ar la agenda cultural de su barrio. En este proceso participaron referentes de todos los barrios porte\u00f1os. Fue seleccionado un barrio ganador (Villa Crespo), tres menciones especiales (Villa Santa Rita y Villa Gral. Mitre; Villa Luro, Versalles y Villa Real; Recoleta\/Sald\u00edas) y otros 11 barrios recibieron reconocimiento. El premio: subsidios para llevar adelante sus proyectos culturales durante 2019.<\/p>\n<p>\u00a0<\/p>\n<p><img decoding=\"async\" loading=\"lazy\" src=\"http:\/\/diario5.com.ar\/wp-content\/uploads\/2019\/05\/grupal_en_la_nube.jpg\" alt=\"\" width=\"960\" height=\"640\" \/><\/p>\n\n\n<p><a rel=\"noreferrer noopener\" href=\"http:\/\/www.buenosaires.gob.ar\/cultura\/promocion-cultural\/barrios-creativos\/\" target=\"_blank\">Descargar aqu\u00ed los mapas y audiogu\u00edas<\/a><\/p>","protected":false},"excerpt":{"rendered":"<p>\u00a0 Ya circulan los\u00a0Mapas y Audiogu\u00edas\u00a0\u00abBarrios Creativos\u201d, una propuesta digital concebida por porte\u00f1os did\u00e1cticos.\u00a0 Un grupo de persinalidade notables y expertas en cuestiones barriales ayudan a descubrir la Buenos aires profunda.\u00a0Villa Crespo,\u00a0Chacarita, Abasto, San Telmo y tantos otros barrios, pueden ser protagonistas de un sistema divertido y pr\u00e1ctico. A partir de estos programas, cualquiera puede [&hellip;]<\/p>","protected":false},"author":8,"featured_media":611534,"comment_status":"open","ping_status":"closed","sticky":false,"template":"","format":"standard","meta":[],"categories":[5],"tags":[],"series":[],"_links":{"self":[{"href":"https:\/\/www.diario5.com.ar\/es\/wp-json\/wp\/v2\/posts\/611533"}],"collection":[{"href":"https:\/\/www.diario5.com.ar\/es\/wp-json\/wp\/v2\/posts"}],"about":[{"href":"https:\/\/www.diario5.com.ar\/es\/wp-json\/wp\/v2\/types\/post"}],"author":[{"embeddable":true,"href":"https:\/\/www.diario5.com.ar\/es\/wp-json\/wp\/v2\/users\/8"}],"replies":[{"embeddable":true,"href":"https:\/\/www.diario5.com.ar\/es\/wp-json\/wp\/v2\/comments?post=611533"}],"version-history":[{"count":1,"href":"https:\/\/www.diario5.com.ar\/es\/wp-json\/wp\/v2\/posts\/611533\/revisions"}],"predecessor-version":[{"id":611545,"href":"https:\/\/www.diario5.com.ar\/es\/wp-json\/wp\/v2\/posts\/611533\/revisions\/611545"}],"wp:featuredmedia":[{"embeddable":true,"href":"https:\/\/www.diario5.com.ar\/es\/wp-json\/wp\/v2\/media\/611534"}],"wp:attachment":[{"href":"https:\/\/www.diario5.com.ar\/es\/wp-json\/wp\/v2\/media?parent=611533"}],"wp:term":[{"taxonomy":"category","embeddable":true,"href":"https:\/\/www.diario5.com.ar\/es\/wp-json\/wp\/v2\/categories?post=611533"},{"taxonomy":"post_tag","embeddable":true,"href":"https:\/\/www.diario5.com.ar\/es\/wp-json\/wp\/v2\/tags?post=611533"},{"taxonomy":"series","embeddable":true,"href":"https:\/\/www.diario5.com.ar\/es\/wp-json\/wp\/v2\/series?post=611533"}],"curies":[{"name":"wp","href":"https:\/\/api.w.org\/{rel}","templated":true}]}}