{"id":611530,"date":"2019-05-27T12:41:02","date_gmt":"2019-05-27T15:41:02","guid":{"rendered":"http:\/\/diario5.com.ar\/?p=611530"},"modified":"2019-05-27T23:55:18","modified_gmt":"2019-05-28T02:55:18","slug":"conferencia-de-ludovica-squirru-en-el-centro-cultural-recoleta","status":"publish","type":"post","link":"https:\/\/www.diario5.com.ar\/es\/conferencia-de-ludovica-squirru-en-el-centro-cultural-recoleta\/","title":{"rendered":"Contin\u00faa \u00abYo Creo\u00bb en el Recoleta"},"content":{"rendered":"<h2 class=\"sub-title-primary\"><\/h2> <p>Durante mayo y junio, el Yo Creo, programaci\u00f3n de actividades orienytadas a m\u00faltiples, incluye una conferencia gratuita con la astr\u00f3loga Ludovica Squirru. Es gratis pero no libre. Se realiza en el\u00a0\u00a0Recoleta (Jun\u00edn 1930) ofrece\u00a0\u00a0el martes 28 de mayo a las 19 en la Terraza del Centro Cultural.<\/p>\n<p>Ludovica apunta a la idea de refundar una Argentina en el marco de lo que ella denomina <em>bien aspectada astrol\u00f3gicamente<\/em> desde <em>cosmovisiones chinas, mayas, mapuches y asirio caldeas<\/em>. Lo c\u00f3smico y lo tel\u00farico se cruzan para ensayar el renacer de la rep\u00fablica.<\/p>\n<p>La conferencia de Ludovica Squirru ser\u00e1 este martes 28 de mayo a las 19 en la Terraza del Centro Cultural Recoleta<\/p>\n<p><img decoding=\"async\" loading=\"lazy\" src=\"http:\/\/diario5.com.ar\/wp-content\/uploads\/2019\/05\/ludovica_squirru_sentadaclaudio_herdener_1.jpg\" alt=\"\" width=\"960\" height=\"640\" \/><\/p>\n<p>La reconocida astr\u00f3loga argentina tiene una larga trayectoria en el campo que incluye un gran n\u00famero de libros sobre predicciones (todos best sellers) publicados anualmente desde el a\u00f1o 1984, con continuidad y gran difusi\u00f3n en Argentina, Am\u00e9rica y Espa\u00f1a, hasta el actual \u201cHor\u00f3scopo chino 2019, A\u00f1o del Chancho de Tierra\u201d (editado por Ediciones Urano bajo el sello Kepler).<\/p>\n<p>Desde 2003 integra junto a Miguel Grinberg, Juna Namuncur\u00e1 y Ana Tarantola la nueva cosmovisi\u00f3n bien aspectada de la Argentina con bases s\u00f3lidas y cient\u00edficas en la especialidad de cada uno: Eco-espiritualidad Mapuche, Maya y Caldea Asirio, Tarot transpersonal y oriental, basados en el I-ching, la intuici\u00f3n y el bazi.<\/p>\n<p>La conferencia sobre la fundaci\u00f3n espiritual de la Argentina, ser\u00e1 gratuita y con capacidad limitada. En caso de lluvia se realizar\u00e1 en la Sala Cronopios.<\/p>\n<p><a href=\"http:\/\/www.centroculturalrecoleta.org\/\" target=\"_blank\" rel=\"noopener\">M\u00e1s informaci\u00f3n<\/a><\/p>\n<p><img decoding=\"async\" loading=\"lazy\" src=\"http:\/\/diario5.com.ar\/wp-content\/uploads\/2019\/05\/reco960_1.jpg\" alt=\"\" width=\"1123\" height=\"640\" \/><\/p>","protected":false},"excerpt":{"rendered":"<p>Durante mayo y junio, el Yo Creo, programaci\u00f3n de actividades orienytadas a m\u00faltiples, incluye una conferencia gratuita con la astr\u00f3loga Ludovica Squirru. Es gratis pero no libre. Se realiza en el\u00a0\u00a0Recoleta (Jun\u00edn 1930) ofrece\u00a0\u00a0el martes 28 de mayo a las 19 en la Terraza del Centro Cultural. Ludovica apunta a la idea de refundar una [&hellip;]<\/p>","protected":false},"author":8,"featured_media":611531,"comment_status":"open","ping_status":"closed","sticky":false,"template":"","format":"standard","meta":[],"categories":[5],"tags":[],"series":[],"_links":{"self":[{"href":"https:\/\/www.diario5.com.ar\/es\/wp-json\/wp\/v2\/posts\/611530"}],"collection":[{"href":"https:\/\/www.diario5.com.ar\/es\/wp-json\/wp\/v2\/posts"}],"about":[{"href":"https:\/\/www.diario5.com.ar\/es\/wp-json\/wp\/v2\/types\/post"}],"author":[{"embeddable":true,"href":"https:\/\/www.diario5.com.ar\/es\/wp-json\/wp\/v2\/users\/8"}],"replies":[{"embeddable":true,"href":"https:\/\/www.diario5.com.ar\/es\/wp-json\/wp\/v2\/comments?post=611530"}],"version-history":[{"count":1,"href":"https:\/\/www.diario5.com.ar\/es\/wp-json\/wp\/v2\/posts\/611530\/revisions"}],"predecessor-version":[{"id":611543,"href":"https:\/\/www.diario5.com.ar\/es\/wp-json\/wp\/v2\/posts\/611530\/revisions\/611543"}],"wp:featuredmedia":[{"embeddable":true,"href":"https:\/\/www.diario5.com.ar\/es\/wp-json\/wp\/v2\/media\/611531"}],"wp:attachment":[{"href":"https:\/\/www.diario5.com.ar\/es\/wp-json\/wp\/v2\/media?parent=611530"}],"wp:term":[{"taxonomy":"category","embeddable":true,"href":"https:\/\/www.diario5.com.ar\/es\/wp-json\/wp\/v2\/categories?post=611530"},{"taxonomy":"post_tag","embeddable":true,"href":"https:\/\/www.diario5.com.ar\/es\/wp-json\/wp\/v2\/tags?post=611530"},{"taxonomy":"series","embeddable":true,"href":"https:\/\/www.diario5.com.ar\/es\/wp-json\/wp\/v2\/series?post=611530"}],"curies":[{"name":"wp","href":"https:\/\/api.w.org\/{rel}","templated":true}]}}