{"id":611116,"date":"2019-05-03T14:21:02","date_gmt":"2019-05-03T17:21:02","guid":{"rendered":"http:\/\/diario5.com.ar\/?p=611116"},"modified":"2019-05-03T20:47:14","modified_gmt":"2019-05-03T23:47:14","slug":"el-principito-un-estreno-sudamericano-para-toda-la-familia-en-el-teatro-colon","status":"publish","type":"post","link":"https:\/\/www.diario5.com.ar\/es\/el-principito-un-estreno-sudamericano-para-toda-la-familia-en-el-teatro-colon\/","title":{"rendered":"El Principito, en el Col\u00f3n"},"content":{"rendered":"<h2 class=\"sub-title-primary\"><\/h2> <p>El s\u00e1bado 11 de mayo a las 11, en la Sala Principal de nuestro primer coliseo, se realizar\u00e1 el estreno sudamericano de <strong>El Principito<\/strong>, una \u00f3pera de c\u00e1mara en dos actos con m\u00fasica de Rachel Portman y libreto de Nicholas Wright. En esta nueva producci\u00f3n del Teatro Col\u00f3n, la Direcci\u00f3n Musical estar\u00e1 a cargo del maestro Ezequiel Silberstein, la Direcci\u00f3n de Escena a cargo de Mariana Ciolfi y la Direcci\u00f3n del Coro de Ni\u00f1os del Teatro Col\u00f3n a cargo de C\u00e9sar Bustamante.<\/p>\n<p>Esta producci\u00f3n se realiza en el marco del ciclo \u00d3pera de C\u00e1mara, en su 50 aniversario, bajo la direcci\u00f3n de Marcelo Lombardero y a su vez integra el ciclo <strong>Col\u00f3n para Chicos<\/strong> que abarca propuestas pensadas para toda la familia. Asimismo, el d\u00eda martes 14 de mayo se llevar\u00e1n a cabo dos funciones destinadas a ni\u00f1os y ni\u00f1as de escuelas p\u00fablicas de la Ciudad de Buenos Aires.<\/p>\n<blockquote><p>Este programa es llevado adelante por el \u00c1rea Educativa y de Formaci\u00f3n de Nuevos P\u00fablicos del Teatro Col\u00f3n<\/p><\/blockquote>\n<p><img decoding=\"async\" loading=\"lazy\" src=\"http:\/\/diario5.com.ar\/wp-content\/uploads\/2019\/05\/foto_-_mariana_ciolfi.jpg\" width=\"4134\" height=\"3216\" alt=\"El Principito, un estreno sudamericano para toda la familia en el Teatro Col\u00f3n\" title=\"Mariana Ciolfi\"\/><\/p>\n<p>El primer elenco cuenta con la participaci\u00f3n de la soprano Maria Virginia Savastano en el papel de \u201cel Principito\u201d, de Alejandro Spies como \u201cel Piloto\u201d y de Trinidad Goyeneche en el papel de \u201cel Zorro\u201d y \u201cla Rosa\u201d.<\/p>\n<p>La historia del peque\u00f1o pr\u00edncipe proveniente de un asteroide lejano que descubre lo esencial de la vida tuvo una difusi\u00f3n planetaria y fue adaptada a todos los formatos, desde el teatro, el cine, la televisi\u00f3n y el ballet.<\/p>\n<p>En 2003 Rachel Portman compuso m\u00fasica para la versi\u00f3n l\u00edrica de <strong>El Principito<\/strong>, estrenada ese mismo a\u00f1o en la Houston Grand Opera. La obra de Portman, dedicada tanto a ni\u00f1os como a adultos, cosech\u00f3 elogiosas cr\u00edticas despu\u00e9s de su estreno y se present\u00f3 con gran \u00e9xito en distintas ciudades del mundo como Washington, San Francisco, Lisboa, Estambul y Nueva York.<\/p>\n<p>Las localidades ya se encuentran a la venta en la boleter\u00eda del Teatro Col\u00f3n, Tucum\u00e1n 1171 (4378-7109), de lunes a s\u00e1bado de 9 a 20 y los domingos de 9 a 17. Tambi\u00e9n se pueden adquirir v\u00eda telef\u00f3nica al 5254-9100, o por Internet ingresando en www.teatrocolon.org.ar. Localidades desde: $200.<\/p>\n<p><img decoding=\"async\" loading=\"lazy\" src=\"http:\/\/diario5.com.ar\/wp-content\/uploads\/2019\/05\/foto_-_ezequiel_silberstein.jpg\" width=\"2362\" height=\"1846\" alt=\"El Principito, un estreno sudamericano para toda la familia en el Teatro Col\u00f3n\" title=\"Ezequiel Silberstein\"\/><\/p>\n<h2>Programa<\/h2>\n<p>\u00d3pera de c\u00e1mara en dos actos (2003) con m\u00fasica de Rachel Portman y libreto de Nicholas Wright basada en la novela hom\u00f3nima de Antoine de Saint-Exup\u00e9ry.<\/p>\n<p><strong>Director Musical<\/strong>: Ezequiel Silberstein.<\/p>\n<p><strong>Directora de Escena<\/strong>: Mariana Ciolfi.<\/p>\n<p><strong>Escenograf\u00eda<\/strong>: Mat\u00edas Otalora.<\/p>\n<p><strong>Dise\u00f1o de Vestuario<\/strong>: Stella Maris M\u00fcller.<\/p>\n<p><strong>Iluminaci\u00f3n<\/strong>: Fabricio Ballatari.<\/p>\n<p><strong>Asistente de direcci\u00f3n<\/strong>: Gabriel Hu\u00e1roc Mu\u00f1oz.<\/p>\n<p><strong>Director del Coro de Ni\u00f1os Del Teatro Col\u00f3n<\/strong>: Cesar Bustamante.<\/p>\n<p><strong>Reparto<\/strong><\/p>\n<p><strong>El Principito<\/strong>: Mar\u00eda Virginia Savastano (11, 14), Roc\u00edo Fern\u00e1ndez (14).<\/p>\n<p><strong>El Piloto<\/strong>: Alejandro Spies (11, 14), Mariano Fern\u00e1ndez Bustinza (14).<\/p>\n<p><strong>Serpiente \/ Hombre vanidoso \/ Cazador<\/strong>: Iv\u00e1n Maier (11, 14), Pablo Urban (14).<\/p>\n<p><strong>Agua \/ Rosa<\/strong>: Roc\u00edo Fern\u00e1ndez (11, 14), Ana Sampedro (14).<\/p>\n<p><strong>El Zorro \/ Rosa<\/strong>: Trinidad Goyeneche (11, 14), Daniela Prado (14).<\/p>\n<p><strong>La Rosa<\/strong>: Elizabeth Guerrero.<\/p>\n<p><strong>Farolero \/ Baobabs \/ Cazador \/ Borracho<\/strong>: Josu\u00e9 Miranda (11, 14), Iv\u00e1n Maier (14).<\/p>\n<p><strong>Hombre de negocios \/ Baobabs \/ Cazador<\/strong>: Juan Pablo Labourdette, Luis Loaiza Isler.<\/p>\n<p><strong>Rey \/ Baobabs \/ Cazador<\/strong>: Iv\u00e1n Garc\u00eda, Felipe Cudina Begovic.<\/p>","protected":false},"excerpt":{"rendered":"<p>El s\u00e1bado 11 de mayo a las 11, en la Sala Principal de nuestro primer coliseo, se realizar\u00e1 el estreno sudamericano de El Principito, una \u00f3pera de c\u00e1mara en dos actos con m\u00fasica de Rachel Portman y libreto de Nicholas Wright. En esta nueva producci\u00f3n del Teatro Col\u00f3n, la Direcci\u00f3n Musical estar\u00e1 a cargo del [&hellip;]<\/p>","protected":false},"author":8,"featured_media":611117,"comment_status":"open","ping_status":"closed","sticky":false,"template":"","format":"standard","meta":[],"categories":[5],"tags":[],"series":[],"_links":{"self":[{"href":"https:\/\/www.diario5.com.ar\/es\/wp-json\/wp\/v2\/posts\/611116"}],"collection":[{"href":"https:\/\/www.diario5.com.ar\/es\/wp-json\/wp\/v2\/posts"}],"about":[{"href":"https:\/\/www.diario5.com.ar\/es\/wp-json\/wp\/v2\/types\/post"}],"author":[{"embeddable":true,"href":"https:\/\/www.diario5.com.ar\/es\/wp-json\/wp\/v2\/users\/8"}],"replies":[{"embeddable":true,"href":"https:\/\/www.diario5.com.ar\/es\/wp-json\/wp\/v2\/comments?post=611116"}],"version-history":[{"count":0,"href":"https:\/\/www.diario5.com.ar\/es\/wp-json\/wp\/v2\/posts\/611116\/revisions"}],"wp:featuredmedia":[{"embeddable":true,"href":"https:\/\/www.diario5.com.ar\/es\/wp-json\/"}],"wp:attachment":[{"href":"https:\/\/www.diario5.com.ar\/es\/wp-json\/wp\/v2\/media?parent=611116"}],"wp:term":[{"taxonomy":"category","embeddable":true,"href":"https:\/\/www.diario5.com.ar\/es\/wp-json\/wp\/v2\/categories?post=611116"},{"taxonomy":"post_tag","embeddable":true,"href":"https:\/\/www.diario5.com.ar\/es\/wp-json\/wp\/v2\/tags?post=611116"},{"taxonomy":"series","embeddable":true,"href":"https:\/\/www.diario5.com.ar\/es\/wp-json\/wp\/v2\/series?post=611116"}],"curies":[{"name":"wp","href":"https:\/\/api.w.org\/{rel}","templated":true}]}}