{"id":611087,"date":"2019-05-02T10:43:35","date_gmt":"2019-05-02T13:43:35","guid":{"rendered":"http:\/\/diario5.com.ar\/?p=611087"},"modified":"2019-05-02T10:43:35","modified_gmt":"2019-05-02T13:43:35","slug":"se-presenta-la-compania-de-danzas-israelies-masmeret-en-el-teatro-de-la-ribera","status":"publish","type":"post","link":"https:\/\/www.diario5.com.ar\/es\/se-presenta-la-compania-de-danzas-israelies-masmeret-en-el-teatro-de-la-ribera\/","title":{"rendered":"Se presenta la compa\u00f1\u00eda de danzas israel\u00edes Masmeret en el Teatro de la Ribera"},"content":{"rendered":"<h2 class=\"sub-title-primary\"><\/h2> <p>El Ministerio de Cultura, a trav&eacute;s del Complejo Teatral de Buenos Aires, ofrecer&aacute;  el s&aacute;bado 4 de mayo a las 17 y el domingo 5 de mayo a las 16 en el Teatro de la Ribera (Avda. Pedro de Mendoza 1821, La Boca), la presentaci&oacute;n de la compa&ntilde;&iacute;a <strong>Masmeret<\/strong> en el marco del ciclo <strong>Danzas en Compa&ntilde;&iacute;a<\/strong>.<\/p>\n<blockquote>\n<p>La entrada es gratuita.<\/p>\n<\/blockquote>\n<p>Las localidades podr&aacute;n retirarse desde dos horas antes de la funci&oacute;n en la boleter&iacute;a del teatro.<\/p>\n<p><\/p>\n<p><img decoding=\"async\" loading=\"lazy\" src=\"http:\/\/diario5.com.ar\/wp-content\/uploads\/2019\/05\/masmeret_30_anos_2.jpg\" width=\"960\" height=\"640\" alt=\"\"\/><\/p>\n<p>Masmeret es una compa&ntilde;&iacute;a de danzas de Israel que representa a la Sociedad Hebraica Argentina. Es <strong>uno de los elencos m&aacute;s reconocidos de la comunidad jud&iacute;a<\/strong>, naci&oacute; hace 35 a&ntilde;os y desde entonces se ha presentado en destacados escenarios y festivales realizando sus propios espect&aacute;culos.<\/p>\n<p>Dirigida por Flor Yadid e integrada por adultos mayores de 50 a&ntilde;os que trabajan de forma amateur, esta compa&ntilde;&iacute;a llev&oacute; su danza a M&eacute;xico, Paraguay, Israel, Brasil, Per&uacute; y Uruguay, entre otros tantos lugares. Su repertorio incluye danzas folkl&oacute;ricas tradicionales como la danza Hora y la Jas&iacute;dica y tambi&eacute;n fusiones con danzas de Grecia, Europa del Este, los pa&iacute;ses &aacute;rabes e incluso de Argentina.<\/p>\n<blockquote>\n<p>El folklore israel&iacute; se caracteriza por su esp&iacute;ritu alegre y divertido.<\/p>\n<\/blockquote>\n<p>Su diversidad molde&oacute; la identidad del Estado de Israel al momento de su creaci&oacute;n, buscando la uni&oacute;n entre personas que llegaron de lugares muy diferentes, sin que hubieran logrado hasta ese entonces comunicarse de manera oral a trav&eacute;s de una misma lengua. <\/p>\n<p><img decoding=\"async\" loading=\"lazy\" src=\"http:\/\/diario5.com.ar\/wp-content\/uploads\/2019\/05\/masmeret_30_anos_7.jpg\" width=\"960\" height=\"640\" alt=\"\"\/><\/p>\n<hr \/>\n<h2>C&oacute;mo seguir&aacute; el ciclo<\/h2>\n<p>Con <strong>curadur&iacute;a de Diana Theocharidis<\/strong>, Danzas en Compa&ntilde;&iacute;a pone el foco en las compa&ntilde;&iacute;as de danza argentinas y en el esp&iacute;ritu de grupo, que trasciende a los artistas individuales y da impulso a la realizaci&oacute;n de obras creadas para y por estas compa&ntilde;&iacute;as.<\/p>\n<p>Las obras presentadas en el marco del ciclo tienen la particularidad de haber sido especialmente pensadas &#8211; y en otros casos adaptadas o modificadas &#8211;  para el escenario del Teatro de la Ribera, donde el espectador tiene la oportunidad de <strong>disfrutar de los m&aacute;s destacados elencos de danza de la Argentina<\/strong>, mostrando obras de core&oacute;grafos consagrados en el pa&iacute;s y en el extranjero. <\/p>\n<p><img decoding=\"async\" loading=\"lazy\" src=\"http:\/\/diario5.com.ar\/wp-content\/uploads\/2019\/05\/social_tango_project_-_nora_lezano_1.jpg\" width=\"960\" height=\"640\" alt=\"Social Tango Project. Foto de Nora Lezano.\" title=\"Social Tango Project. Foto de Nora Lezano.\"\/><\/p>\n<p>Danzas en Compa&ntilde;&iacute;a tuvo su debut durante 2018 y en esta segunda edici&oacute;n ofrece una programaci&oacute;n mucho m&aacute;s ambiciosa, integrada por las compa&ntilde;&iacute;as <strong>Social Tango<\/strong> (que se present&oacute; el s&aacute;bado 27 y domingo 28 de abril), <strong>Masmeret<\/strong> (s&aacute;bado 4 y domingo 5 de mayo), <strong>Ballet Folkl&oacute;rico Nacional<\/strong> (viernes 10 de mayo a las 19, s&aacute;bado 11 y domingo 12 de mayo a las 17), <strong>Compa&ntilde;&iacute;a Nacional de Danza Contempor&aacute;nea<\/strong> (s&aacute;bado 18 y domingo 19 de mayo a las 17), <strong>Compa&ntilde;&iacute;a de Danza de la UNA<\/strong> (s&aacute;bado 1&deg; y domingo 2 de junio a las 17), <strong>Ballet Contempor&aacute;neo del Teatro San Mart&iacute;n<\/strong> (s&aacute;bado 8 y domingo 9 de junio a las 17), <strong>Ballet Estable del Teatro Col&oacute;n<\/strong> (viernes 14 y s&aacute;bado 15 de junio a las 20, domingo 16 de junio a las 17) y <strong>Taller de Danza Contempor&aacute;nea del Teatro San Mart&iacute;n<\/strong> (s&aacute;bado 22 y domingo 23 de junio a las 17).<\/p>\n<p><img decoding=\"async\" loading=\"lazy\" src=\"http:\/\/diario5.com.ar\/wp-content\/uploads\/2019\/05\/social_tango_project_-_nora_lezano_2.jpg\" width=\"960\" height=\"640\" alt=\"Social Tango Project. Foto de Nora Lezano.\" title=\"Social Tango Project. Foto de Nora Lezano.\"\/><\/p>","protected":false},"excerpt":{"rendered":"<p>El Ministerio de Cultura, a trav&eacute;s del Complejo Teatral de Buenos Aires, ofrecer&aacute; el s&aacute;bado 4 de mayo a las 17 y el domingo 5 de mayo a las 16 en el Teatro de la Ribera (Avda. Pedro de Mendoza 1821, La Boca), la presentaci&oacute;n de la compa&ntilde;&iacute;a Masmeret en el marco del ciclo Danzas [&hellip;]<\/p>","protected":false},"author":8,"featured_media":611088,"comment_status":"open","ping_status":"closed","sticky":false,"template":"","format":"standard","meta":[],"categories":[5],"tags":[],"series":[],"_links":{"self":[{"href":"https:\/\/www.diario5.com.ar\/es\/wp-json\/wp\/v2\/posts\/611087"}],"collection":[{"href":"https:\/\/www.diario5.com.ar\/es\/wp-json\/wp\/v2\/posts"}],"about":[{"href":"https:\/\/www.diario5.com.ar\/es\/wp-json\/wp\/v2\/types\/post"}],"author":[{"embeddable":true,"href":"https:\/\/www.diario5.com.ar\/es\/wp-json\/wp\/v2\/users\/8"}],"replies":[{"embeddable":true,"href":"https:\/\/www.diario5.com.ar\/es\/wp-json\/wp\/v2\/comments?post=611087"}],"version-history":[{"count":0,"href":"https:\/\/www.diario5.com.ar\/es\/wp-json\/wp\/v2\/posts\/611087\/revisions"}],"wp:featuredmedia":[{"embeddable":true,"href":"https:\/\/www.diario5.com.ar\/es\/wp-json\/"}],"wp:attachment":[{"href":"https:\/\/www.diario5.com.ar\/es\/wp-json\/wp\/v2\/media?parent=611087"}],"wp:term":[{"taxonomy":"category","embeddable":true,"href":"https:\/\/www.diario5.com.ar\/es\/wp-json\/wp\/v2\/categories?post=611087"},{"taxonomy":"post_tag","embeddable":true,"href":"https:\/\/www.diario5.com.ar\/es\/wp-json\/wp\/v2\/tags?post=611087"},{"taxonomy":"series","embeddable":true,"href":"https:\/\/www.diario5.com.ar\/es\/wp-json\/wp\/v2\/series?post=611087"}],"curies":[{"name":"wp","href":"https:\/\/api.w.org\/{rel}","templated":true}]}}