{"id":610617,"date":"2019-04-11T11:23:35","date_gmt":"2019-04-11T14:23:35","guid":{"rendered":"http:\/\/diario5.com.ar\/?p=610617"},"modified":"2019-04-11T15:28:45","modified_gmt":"2019-04-11T18:28:45","slug":"la-buenos-aires-de-cada-jueves","status":"publish","type":"post","link":"https:\/\/www.diario5.com.ar\/es\/la-buenos-aires-de-cada-jueves\/","title":{"rendered":"La Buenos Aires de cada jueves"},"content":{"rendered":"<h2 class=\"sub-title-primary\"><\/h2> \n<p>Como casi todos los jueves, el tr\u00e1nsito en el centro porte\u00f1o se ve afectado por movilizaciones en distintos puntos. Organizaciones sociales, piqueteras, gremios estatales y sindicatos de taxistas marchan para llevar adelante distintos reclamos que se distribuyen en los puntos habituales.<\/p>\n\n\n\n<p>Diputados retoma el debate del r\u00e9gimen penal juvenil, en una iniciativa que propone bajar la edad de imputabilidad de 16 a 15 a\u00f1os para los menores que cometen delitos con penas superiores a los 15 a\u00f1os.<br \/> El plenario debate en el edificio anexo de la c\u00e1mara baja la propuesta del Gobiernode  un abordaje interdisciplinario de los menores que cometen delitos, para lograr su resocializaci\u00f3n.<\/p>\n\n\n\n<p> El Jefe de Gabinete, Marcos Pe\u00f1a y el Ministro del Interior, Rogelio Frigerio se re\u00fanen con gobernadores de Cambiemos para intentar adoptar medidas de incentivo al consumo.<br \/> El objetivo es analizar un \u00abpaquete de medidas\u00bb que apuntar\u00e1n a \u00abreactivar el consumo\u00bb y \u00abamortiguar el impacto de la inflaci\u00f3n\u00bb que ser\u00e1n anunciadas por el presidente Mauricio Macri en los pr\u00f3ximos d\u00edas. <\/p>\n\n\n\n<p>La detenci\u00f3n de Julian Assange abri\u00f3 una nueva grieta entre los medios de comunicaci\u00f3n que celebran la decisi\u00f3n del gobierno ecuatoriano de quitarle el asilo en Londres y los que esperaban que Ecuador apelara a ayudas externas para solucionar el conflicto.<\/p>\n\n\n\n<p>La mitad de las manifestaciones se inclinan a que se trat\u00f3 de un final l\u00f3gico para un delito de alto espionaje, mientras que el resto remarca que Ecuador no apel\u00f3 con la convicci\u00f3n suficiente a obtener un salvoconducto para trasladar a Assange a Quito.<\/p>","protected":false},"excerpt":{"rendered":"<p>Como casi todos los jueves, el tr\u00e1nsito en el centro porte\u00f1o se ve afectado por movilizaciones en distintos puntos. Organizaciones sociales, piqueteras, gremios estatales y sindicatos de taxistas marchan para llevar adelante distintos reclamos que se distribuyen en los puntos habituales. Diputados retoma el debate del r\u00e9gimen penal juvenil, en una iniciativa que propone bajar [&hellip;]<\/p>","protected":false},"author":1,"featured_media":0,"comment_status":"open","ping_status":"closed","sticky":false,"template":"","format":"standard","meta":[],"categories":[1],"tags":[],"series":[],"_links":{"self":[{"href":"https:\/\/www.diario5.com.ar\/es\/wp-json\/wp\/v2\/posts\/610617"}],"collection":[{"href":"https:\/\/www.diario5.com.ar\/es\/wp-json\/wp\/v2\/posts"}],"about":[{"href":"https:\/\/www.diario5.com.ar\/es\/wp-json\/wp\/v2\/types\/post"}],"author":[{"embeddable":true,"href":"https:\/\/www.diario5.com.ar\/es\/wp-json\/wp\/v2\/users\/1"}],"replies":[{"embeddable":true,"href":"https:\/\/www.diario5.com.ar\/es\/wp-json\/wp\/v2\/comments?post=610617"}],"version-history":[{"count":2,"href":"https:\/\/www.diario5.com.ar\/es\/wp-json\/wp\/v2\/posts\/610617\/revisions"}],"predecessor-version":[{"id":610620,"href":"https:\/\/www.diario5.com.ar\/es\/wp-json\/wp\/v2\/posts\/610617\/revisions\/610620"}],"wp:attachment":[{"href":"https:\/\/www.diario5.com.ar\/es\/wp-json\/wp\/v2\/media?parent=610617"}],"wp:term":[{"taxonomy":"category","embeddable":true,"href":"https:\/\/www.diario5.com.ar\/es\/wp-json\/wp\/v2\/categories?post=610617"},{"taxonomy":"post_tag","embeddable":true,"href":"https:\/\/www.diario5.com.ar\/es\/wp-json\/wp\/v2\/tags?post=610617"},{"taxonomy":"series","embeddable":true,"href":"https:\/\/www.diario5.com.ar\/es\/wp-json\/wp\/v2\/series?post=610617"}],"curies":[{"name":"wp","href":"https:\/\/api.w.org\/{rel}","templated":true}]}}