{"id":610364,"date":"2019-03-28T11:53:20","date_gmt":"2019-03-28T14:53:20","guid":{"rendered":"http:\/\/diario5.com.ar\/?p=610364"},"modified":"2019-03-28T20:09:46","modified_gmt":"2019-03-28T23:09:46","slug":"panorama-energetico-en-buenos-aires","status":"publish","type":"post","link":"https:\/\/www.diario5.com.ar\/es\/panorama-energetico-en-buenos-aires\/","title":{"rendered":"El gas en Buenos Aires"},"content":{"rendered":"<h2 class=\"sub-title-primary\"><\/h2> \n<p><\/p>\n\n\n<p><img decoding=\"async\" class=\"alignright\" src=\"http:\/\/diario5.com.ar\/img\/gas.jpg\" alt=\"Esta imagen tiene un atributo ALT vac\u00c3\u00ado; su nombre de archivo es gas.jpg\" \/>La Ciudad de Buenos Aires ser\u00e1 epicentro de una muestra muy clara de la baja de consumo de servicios el pr\u00f3ximo invierno. Los estudios indican que los porte\u00f1os deber\u00e1n generar una reducci\u00f3n de 27% en el gas y 22% en electricidad, si pretenden mantener en equilibrio el rendimiento promedio de los ingresos familiares cuando de uso de energ\u00eda se trata.\u00a0<br \/><!--StartFragment--><\/p>\n\n\n<p>En busca\nde atenuar el nuevo impacto inflacionario por los Aumentos de tarifas, el\nGobierno divide en tres la suba del gas.<\/p>\n\n\n\n<p>En lugar de aplicar el 29% ya, (desde abril) se partir\u00e1 el alza entre abril, mayo y junio en proporciones de 10, 10 y 9 % respectivamente.<\/p>\n\n\n\n<p><\/p>\n\n\n\n<p><strong>Otras informaciones<\/strong><\/p>\n\n\n\n<p>El abogado defensor de Carlos Stornelli presenta una apelaci\u00f3n a la declaraci\u00f3n de rebeld\u00eda del fiscal al no presentrarse a declarar frente al juez Ramos Padilla<\/p>\n\n\n\n<p>El\nabogado Ribas insisti\u00f3 en que la decisi\u00f3n de Stornelli fue correcta\n\u00abporque no estaban dadas las garant\u00edas\u00bb ya que el juez de Dolores\n\u00absigue insistiendo en quedarse con una causa que corresponde a Buenos\nAires\u00bb.<\/p>\n\n\n\n<p>La\nFiscal\u00eda solicit\u00f3 unificar las causas \u00abHotesur\u00bb y \u00abLos\nSauces\u00bb y que Cristina Kirchner sea juzgada en un solo juicio oral<\/p>\n\n\n\n<p>Se trata\nde los expedientes en los que la ex presidenta y sus hijos, M\u00e1ximo y Florencia\nKirchner (internada en Cuba), est\u00e1n acusados por lavado de dinero y asociaci\u00f3n\nil\u00edcita.<\/p>\n\n\n\n<p>Un juez\nneoyorquino declar\u00f3 a la sider\u00fargica Ternium, del Grupo Techint en \u00abdefault\nlegal\u00bb por no responder una demanda de accionistas en los Estados Unidos y\nen relaci\u00f3n con los \u00abcuadernos de las coimas\u00bb, donde Paolo Rocca,\npresidente del grupo, fue procesado.<\/p>\n\n\n\n<p>En la\ndecisi\u00f3n judicial, que corresponde a la Corte del Distrito Este de Nueva York,\nse dispone que los accionistas tienen derecho a cobrar reclamo si se presentan\nun pedido formal. &nbsp;Se espera que la\nempresa Ternium responda tras conocerse el fallo.<\/p>\n\n\n\n<p>En el\nsegundo d\u00eda m\u00e1s importante para la historia del b\u00e1squet argentino, a las 20.30\nde se podr\u00e1n repasar\u00e1n las 16 temporadas de Gin\u00f3bili en la NBA y se anticipar\u00e1n\nalgunos detalles de la fiesta de despedida del deportista arentino<\/p>\n\n\n\n<p>El evento\nse podr\u00e1 seguir por NBA League Pass, ESPN y DirecTV (canal 612 y 1612). No\nparticipar\u00e1 la TV P\u00fablica, como se especul\u00f3 durante todo este mes.<\/p>","protected":false},"excerpt":{"rendered":"<p>La Ciudad de Buenos Aires ser\u00e1 epicentro de una muestra muy clara de la baja de consumo de servicios el pr\u00f3ximo invierno. Los estudios indican que los porte\u00f1os deber\u00e1n generar una reducci\u00f3n de 27% en el gas y 22% en electricidad, si pretenden mantener en equilibrio el rendimiento promedio de los ingresos familiares cuando de [&hellip;]<\/p>","protected":false},"author":1,"featured_media":0,"comment_status":"open","ping_status":"closed","sticky":false,"template":"","format":"standard","meta":[],"categories":[1],"tags":[],"series":[],"_links":{"self":[{"href":"https:\/\/www.diario5.com.ar\/es\/wp-json\/wp\/v2\/posts\/610364"}],"collection":[{"href":"https:\/\/www.diario5.com.ar\/es\/wp-json\/wp\/v2\/posts"}],"about":[{"href":"https:\/\/www.diario5.com.ar\/es\/wp-json\/wp\/v2\/types\/post"}],"author":[{"embeddable":true,"href":"https:\/\/www.diario5.com.ar\/es\/wp-json\/wp\/v2\/users\/1"}],"replies":[{"embeddable":true,"href":"https:\/\/www.diario5.com.ar\/es\/wp-json\/wp\/v2\/comments?post=610364"}],"version-history":[{"count":4,"href":"https:\/\/www.diario5.com.ar\/es\/wp-json\/wp\/v2\/posts\/610364\/revisions"}],"predecessor-version":[{"id":610372,"href":"https:\/\/www.diario5.com.ar\/es\/wp-json\/wp\/v2\/posts\/610364\/revisions\/610372"}],"wp:attachment":[{"href":"https:\/\/www.diario5.com.ar\/es\/wp-json\/wp\/v2\/media?parent=610364"}],"wp:term":[{"taxonomy":"category","embeddable":true,"href":"https:\/\/www.diario5.com.ar\/es\/wp-json\/wp\/v2\/categories?post=610364"},{"taxonomy":"post_tag","embeddable":true,"href":"https:\/\/www.diario5.com.ar\/es\/wp-json\/wp\/v2\/tags?post=610364"},{"taxonomy":"series","embeddable":true,"href":"https:\/\/www.diario5.com.ar\/es\/wp-json\/wp\/v2\/series?post=610364"}],"curies":[{"name":"wp","href":"https:\/\/api.w.org\/{rel}","templated":true}]}}