{"id":610148,"date":"2019-03-16T18:18:40","date_gmt":"2019-03-16T21:18:40","guid":{"rendered":"http:\/\/diario5.com.ar\/?p=610148"},"modified":"2019-03-19T13:30:32","modified_gmt":"2019-03-19T16:30:32","slug":"marzo-diversidad-y-genero-protagonizan-la-programacion-cultural-portena","status":"publish","type":"post","link":"https:\/\/www.diario5.com.ar\/es\/marzo-diversidad-y-genero-protagonizan-la-programacion-cultural-portena\/","title":{"rendered":"Resumen del marzo cultural"},"content":{"rendered":"<h2 class=\"sub-title-primary\"><\/h2> <p>Convivir cada d\u00eda m\u00e1s con las diferencias es un valor central en la vida social y cultural para lograr una sociedad madura. En este marco, el <strong>Ministerio de Cultura de la Ciudad<\/strong> propone una completa agenda para su abordaje.<\/p>\n<p>La programaci\u00f3n incluye desde <strong>charlas, conversatorios, recitales, performances, hasta activaciones, teatro, muestras, cine<\/strong> y mucho m\u00e1s.<\/p>\n<p><img decoding=\"async\" loading=\"lazy\" class=\"\" src=\"http:\/\/diario5.com.ar\/wp-content\/uploads\/2019\/03\/usina_-_la_colmena__g0a2090_1-1.jpg\" alt=\"\" width=\"612\" height=\"407\" \/><\/p>\n<h3>Centro Cultural General San Mart\u00edn<\/h3>\n<p><a href=\"http:\/\/mapa.buenosaires.gov.ar\/comollego\/?lat=-34.605368&amp;lng=-58.388585&amp;zl=15&amp;modo=transporte&amp;hasta=Sarmiento+1551%2C+&amp;dir=Sarmiento+1551\">Sarmiento 1551<\/a><\/p>\n<p>En el <strong>CC San Mart\u00edn<\/strong> se estrenaron dos obras teatrales con perspectiva de g\u00e9nero. Una es\u00a0<em>Blanca<\/em> de Natalia Villamil y dirigida por Cintia Miraglia estren\u00f3 ayer y tendr\u00e1 funciones viernes y s\u00e1bados a las 21 h. La otra obra que se estren\u00f3 es\u00a0<em>La Dama de las Rosas<\/em> de Pepe Cibri\u00e1n. Tendr\u00e1 funciones de mi\u00e9rcoles a domingos. Tambi\u00e9n se llevar\u00e1 a cabo un ciclo de cine trans llamado <em>El cultural trans<\/em> con siete pel\u00edculas dirigidas por Pedro Almod\u00f3var, John Cameron Mitchell, C\u00e9line Sciamma, Duncan Tucker, Sean Baker, Neil Jordan y Naoko Ogigami.<\/p>\n<p><a href=\"http:\/\/www.elculturalsanmartin.org\/\" target=\"_blank\" rel=\"noopener\">Conoc\u00e9 m\u00e1s<\/a><\/p>\n<hr \/>\n<h3>Ense\u00f1anza Art\u00edstica<\/h3>\n<p>En conmemoraci\u00f3n del D\u00eda Internacional de la Mujer, la Direcci\u00f3n General de Ense\u00f1anza Art\u00edstica \u2013DGEART\u2013 presenta en su espacio La Vidriera (<a href=\"http:\/\/mapa.buenosaires.gov.ar\/comollego\/?lat=-34.612250&amp;lng=-58.374711&amp;zl=15&amp;modo=transporte&amp;hasta=Peru+374%2C+&amp;dir=Peru+374\">Per\u00fa 374<\/a>) durante el mes de marzo, una agenda de actividades con el foco puesto en la igualdad, el reconocimiento y ejercicio de sus derechos. Estas son las propuestas, <strong>con entrada libre y gratuita<\/strong>, sujeta a la capacidad del lugar:<\/p>\n<p><strong>Mina Loy, invitaci\u00f3n a la deconstrucci\u00f3n. Primer Manifiesto Feminista (1914)<\/strong><br \/>\n<strong>Performance &#8211; Instalaci\u00f3n po\u00e9tica-musical<\/strong><br \/>\n<strong>Lunes 11, 18 y 25, 19 h.<\/strong><\/p>\n<p>Mina Loy (1882-1966), poeta, dramaturga, actriz y artista visual brit\u00e1nica enrolada en el Dada\u00edsmo, escribi\u00f3 el Primer Manifiesto Feminista en 1914 -en verso libre y sin puntuaci\u00f3n-, en respuesta al \u201cManifiesto futurista\u201d de Filippo Tommaso Marinetti (1876\u20131944), poeta, escritor e ide\u00f3logo fascista, que conten\u00eda una innegable provocaci\u00f3n: \u201cQueremos glorificar la guerra \u2013\u00fanica higiene del mundo\u2013 el militarismo, el patriotismo, el gesto destructor de los libertarios, las bellas ideas por las cuales se muere y el desprecio de la mujer\u201d. (\u2026) \u201cqueremos destruir los museos, las bibliotecas, las academias de todo tipo y combatir contra el moralismo, el feminismo y contra toda vileza oportunista y utilitaria.\u201d<\/p>\n<p>Apertura: video introductorio.<br \/>\nInstalaci\u00f3n fotogr\u00e1fica: construcci\u00f3n del retrato\/mural de Mina Loy.<br \/>\nLectura de fragmentos del Manifiesto con la participaci\u00f3n de invitados especiales:<br \/>\nLunes 11: Ana Padilla \u2022 Patricia Su\u00e1rez \u2022 Ant\u00ed Matus \u2022 Maiamar Abrodos \u2022 Gisela Rebichini \u2022 Luis Ziembrowski \u2022 Sergio Bertagni.<br \/>\nLunes 18: Ana Padilla \u2022 Mosquito Sancinetto \u2022 Ant\u00ed Matus \u2022 Maiamar Abrodos \u2022 Gisela Rebichini \u2022 Ana Alvarado \u2022 Mar\u00eda Sol Falcone.<br \/>\nLunes 25: Mar\u00eda Onetto \u2022 Ana Padilla \u2022 Ant\u00ed Matus \u2022 Gabriela Ramos \u2022 Cecilia Ocantos.<br \/>\nCierre: Tangos de los a\u00f1os 20 y 30, con perspectiva de g\u00e9nero. Noelia Jos\u00e9 (voz) \u2022 Mar\u00eda D&#8217;Adamo (guitarra).<\/p>\n<p><strong>Foros de debates abiertos<\/strong><br \/>\n<strong>Discusiones para descolonizar el pensamiento<\/strong><br \/>\n<strong>Viernes 15 y 22, 19 h.<\/strong><\/p>\n<p>Temario:<br \/>\nCuadro de situaci\u00f3n de la profesi\u00f3n, inclusi\u00f3n en los sistemas culturales, discriminaci\u00f3n por g\u00e9nero, proyecto de ley de cupo femenino en las artes.<\/p>\n<p>Viernes 15:<br \/>\nModeradora: Silvia Fern\u00e1ndez, integrante del programa web radial Mujer Arte Radio, dedicado a la difusi\u00f3n de la labor de las mujeres m\u00fasicas con perspectiva de g\u00e9nero.<br \/>\nParticipa: Foro Argentino de Compositoras.<br \/>\nPanelistas: Nelly G\u00f3mez, Eva Lopszyc, Cecilia Fiorentino, Laura Otero, Ara Mamani.<br \/>\nViernes 22:<br \/>\nModeradora: Alejandra Herren. Periodista. Integra las \u00e1reas de Comunicaci\u00f3n y Contenidos Art\u00edsticos en la DGEART.<br \/>\nParticipa: La Colectiva Autoras.<br \/>\nPanelistas: Araceli Mariel Arreche, Daniela Horovitz, Patricia Palmer, Pilar Ruiz.<\/p>\n<p><strong>Femimundo &#8211; Mujeres en concierto<\/strong><br \/>\n<strong>Piano \u2022 Danza \u2022 Canto<\/strong><br \/>\n<strong>Viernes 29, 19 h.<\/strong><\/p>\n<p>Canto: Daniela Groizard.<br \/>\nDanza: Sheila Loy \u2022 Andrea Calabria \u2022 Cintia G\u00f3mez \u2022 Blanca Vega.<br \/>\nPiano y Direcci\u00f3n musical: Diego Hartzstein.<br \/>\nPuesta en escena: Diego Cosin.<br \/>\nObras de: de Carlos Guastavino \u2022 Giacomo Puccini \u2022 Gaetano Donizzetti \u2022 Claude Debussy \u2022 Lucio Demare \u2022 Mar\u00eda Elena Walsh \u2022 Ariel Ram\u00edrez \u2022 Harold Arlen \u2022 Andrew Lloyd Webber.<\/p>\n<p><a href=\"http:\/\/www.buenosaires.gob.ar\/cultura\/ensenanzaartistica\" target=\"_blank\" rel=\"noopener\">Conoc\u00e9 m\u00e1s<\/a><\/p>\n<hr \/>\n<h3>Centro Cultural Recoleta<\/h3>\n<p><a href=\"http:\/\/mapa.buenosaires.gov.ar\/comollego\/?lat=-34.586496&amp;lng=-58.391540&amp;zl=15&amp;modo=transporte&amp;hasta=Junin+1930%2C+&amp;dir=Junin+1930\">Jun\u00edn 1930<\/a><\/p>\n<p>El <strong>CC Recoleta<\/strong> se convierte a partir del 8 de marzo en un espacio para informarse, reflexionar, discutir, participar, expresarse, aprender y compartir miradas sobre el <strong>nuevo rol de la mujer en el mundo<\/strong>. Habr\u00e1 recitales, performances, activaciones, charlas, conversatorios, muestras que reunir\u00e1n a m\u00e1s de 500 mujeres curadoras, directoras, dramaturgas, cineastas, m\u00fasicas, productoras, artistas visuales, dise\u00f1adoras, escritoras, poetas, activistas por los derechos humanos. En este orden el <strong>jueves 14 de marzo<\/strong> se iniciar\u00e1 el ciclo de cine <strong>\u201cOjos de mujer\u201d<\/strong> Curado por <em>El club de las cinco<\/em>, se proyectar\u00e1 \u201cLady bird\u201d de Greta Gerwig a las 20h en Plaza Francia. El <strong>mi\u00e9rcoles 20 de marzo<\/strong> a las 18.30 h en la terraza, la Subsecretar\u00eda de Promoci\u00f3n Social, Fundaci\u00f3n para Estudio e Investigaci\u00f3n de la Mujer, Fundaci\u00f3n Microjusticia Argentina y Rita Segato realizar\u00e1n la primera charla abierta gratuita.<\/p>\n<p><strong>\u201cNos van a escuchar\u201d<\/strong> ser\u00e1 el ciclo recitales que iniciar\u00e1 el <strong>s\u00e1bado 16 de marzo<\/strong> con el show de Loli Molina desde las 20 h en la Terraza. El S\u00e1bado 30 de marzo con misma hora y lugar ser\u00e1 el turno Las Taradas. El <strong>domingo 31 de marzo<\/strong> Daniela Herrero musicalizar\u00e1 desde las 19 h la Terraza del Recoleta. El <strong>domingo 24 de marzo<\/strong> Clave 13\/17 presentar\u00e1 <strong>Libro Clave Especial Chicas<\/strong>, una charla abierta con las booktubers, bookstagrammers, youtubers, escritoras y lectoras m\u00e1s reconocidas de la escena de 18 a 20 h en la Terraza.<\/p>\n<p><a href=\"http:\/\/centroculturalrecoleta.org\/agenda\" target=\"_blank\" rel=\"noopener\">Conoc\u00e9 m\u00e1s<\/a><\/p>\n<hr \/>\n<h3>Centro Cultural 25 de Mayo<\/h3>\n<p><a href=\"http:\/\/mapa.buenosaires.gov.ar\/comollego\/?lat=-34.576174&amp;lng=-58.483568&amp;zl=15&amp;modo=transporte&amp;hasta=Triunvirato+Av.+4444%2C+&amp;dir=Triunvirato+Av.+4444\">Av. Triunvirato 4444<\/a><\/p>\n<p>En el <strong>CC 25 de Mayo<\/strong> la terraza ser\u00e1 sede del ciclo \u201c25 Terrazas\u201d en la que se ofrecer\u00e1 una programaci\u00f3n cultural dedicada a la mujer. Este mes el lema ser\u00e1 <strong>\u00abBellas y fuertes\u00bb<\/strong> e incluir\u00e1 en su programaci\u00f3n actividades como lecturas a cielo abierto, cine mudo musicalizado, ac\u00fasticos en la terraza, noches violetas (cine + m\u00fasica + debate por mujeres, en coproducci\u00f3n con \u00abGafas Violetas\u00bb del INCAA) y lecturas perform\u00e1ticas. Algunos artistas destacados son Julieta Venegas, Leo Garc\u00eda y Rosario Bl\u00e9fari.<\/p>\n<p><a href=\"http:\/\/www.cc25.org\/programacion\" target=\"_blank\" rel=\"noopener\">Conoc\u00e9 m\u00e1s<\/a><\/p>\n<hr \/>\n<h3>Usina del Arte<\/h3>\n<p><a href=\"http:\/\/mapa.buenosaires.gov.ar\/comollego\/?lat=-34.628689&amp;lng=-58.356100&amp;zl=15&amp;modo=transporte&amp;hasta=Caffarena%2C+Agustin+R.+1%2C+&amp;dir=Caffarena%2C+Agustin+R.+1\">Agust\u00edn Caffarena 1<\/a><\/p>\n<p>En la <strong>Usina<\/strong> se celebrar\u00e1 el <strong>Dia Internacional de la Mujer<\/strong> el <strong>s\u00e1bado 9 de marzo<\/strong> de 15 a 22 h, con una programaci\u00f3n variada y gratuita protagonizada exclusivamente por artistas mujeres, en las que habr\u00e1 propuestas de talleres, clases de cocina, charlas, espect\u00e1culos, entrevistas y un gran patio gastron\u00f3mico. El cierre ser\u00e1 con un show a cargo de las cantantes Rosario Bl\u00e9fari, Javiera Parra, Dakillah, Mery Granados, Mariana Baraj, Valeria Gastaldi, Emme, Noelia Moncada, Sandra Baylac y Barbie Mart\u00ednez que acompa\u00f1adas por un ensamble de m\u00fasicas, homenajear\u00e1n con versiones especialmente preparadas para este d\u00eda a grandes compositoras mujeres de la historia.<\/p>\n<p><a href=\"http:\/\/www.buenosaires.gob.ar\/usinadelarte\/agenda\" target=\"_blank\" rel=\"noopener\">Conoc\u00e9 m\u00e1s<\/a><\/p>\n<hr \/>\n<h3>Museos<\/h3>\n<p>La Direcci\u00f3n General de Museos presentar\u00e1 en el <strong>Museo Casa Carlos Gardel<\/strong> (<a href=\"http:\/\/mapa.buenosaires.gov.ar\/comollego\/?lat=-34.601651&amp;lng=-58.407891&amp;zl=15&amp;modo=transporte&amp;hasta=Jaures%2C+Jean+735%2C+&amp;dir=Jaures%2C+Jean+735\">Jean Jaur\u00e9s 735<\/a>) el <strong>8 de marzo<\/strong> a las 17 h, <strong>Cancionistas olvidadas del tango<\/strong> una celebraci\u00f3n de las grandes cancionistas argentinas, mujeres argentinas que entre 1920 y 1940 desarrollaron una exitosa carrera art\u00edstica, pero que hoy nadie recuerda. En el D\u00eda de la Mujer, Museos invita a celebrar a aquellas voces y miradas de mujeres del tango argentino. Olvidadas por la historia oficial, fueron estrellas de cine, protagonistas en discos y la industria cultural. Inquietas y creativas, incursionaron en todos los g\u00e9neros de moda en la \u00e9poca, con una presencia activa y preponderante. Ser\u00e1 un interesante encuentro con las investigadoras Guada Aballe y Mar\u00eda Aimaretti, complementado por la presencia de la \u201cVitrolera\u201d Nayla Beltr\u00e1n. Las vitroleras eran mujeres que amenizaban las veladas nocturnas en los a\u00f1os\u00b430, llenando el aire de las noches con el maravilloso perfume de valses rom\u00e1nticos, tangos y milongas en discos de pasta, tocados en una vitrola port\u00e1til.<\/p>\n<p>El <strong>Museo del Cine Pablo C. Ducr\u00f3s Hicken<\/strong> (<a href=\"http:\/\/mapa.buenosaires.gov.ar\/comollego\/?lat=-34.628670&amp;lng=-58.356135&amp;zl=15&amp;modo=transporte&amp;hasta=Caffarena%2C+Agustin+R.+1%2C+&amp;dir=Caffarena%2C+Agustin+R.+1\">Agust\u00edn Caffarena 1<\/a>) llevar\u00e1 a cabo el ciclo <strong>Mujer y trabajo<\/strong> que tendr\u00e1 lugar los viernes de Marzo a las 19 h. Esta actividad se realizar\u00e1 en conjunto con \u00abAcci\u00f3n, mujeres del cine\u00bb.<\/p>\n<p><a href=\"http:\/\/www.buenosaires.gob.ar\/museos\" target=\"_blank\" rel=\"noopener\">Conoc\u00e9 m\u00e1s<\/a><\/p>\n<hr \/>\n<h3>Bibliotecas<\/h3>\n<p>Durante la semana de la mujer, la <strong>Direcci\u00f3n General de Libros, Bibliotecas y Promoci\u00f3n de la Lectura<\/strong> reunir\u00e1 propuestas en la Casa de la Lectura (<a href=\"http:\/\/mapa.buenosaires.gov.ar\/comollego\/?lat=-34.597884&amp;lng=-58.429803&amp;zl=15&amp;modo=transporte&amp;hasta=Lavalleja+924%2C+&amp;dir=Lavalleja+924\">Lavalleja 924<\/a>) como <strong>Tomar la palabra literaria<\/strong>, un ciclo de lecturas sobre literatura argentina escrita por mujeres que propone descubrir y recuperar autoras argentinas relegadas del canon. Una vez por mes, una escritora selecciona una obra para trabajar en grupo. Fernanda Garc\u00eda Lao dialogar\u00e1 con el p\u00fablico sobre Eisejuaz, de Sara Gallardo. El ciclo comienza el mi\u00e9rcoles 6 de marzo, a las 19 h. Adem\u00e1s, el <strong>jueves 7<\/strong> a las 19 h, se llevar\u00e1 a cabo <strong>M\u00fasica para leer<\/strong>. Encuentro para descubrir cruces <em>(im) posibles<\/em> entre g\u00e9neros literarios y musicales, entre escritoras, la palabra y la m\u00fasica, a cargo de Ana Ojeda y Mar\u00eda Pien. El <strong>viernes 8<\/strong> a las 19 h, se propone la proyecci\u00f3n de \u201cLas maestras de la Rep\u00fablica\u201d (2013), de Pilar P\u00e9rez Solano. Esta propuesta se realiza junto al Centro Cultural de Espa\u00f1a en Buenos Aires. Tambi\u00e9n se suma la Marat\u00f3n de lectura de escritoras, organizada por el Centro PEN Argentina. Especial Semana de la Mujer, el s\u00e1bado 9 a las 18 h.<\/p>\n<p>Adem\u00e1s la Direcci\u00f3n General del Libro ofrecer\u00e1 el <strong>Taller de escritura y an\u00e1lisis de gui\u00f3n televisivo con perspectiva de g\u00e9nero<\/strong>, por Gabriela Elena. Los jueves de marzo, 17 h a 18:30 h. Inscripci\u00f3n previa en <a href=\"mailto:casadelalectura@gmail.com\">casadelalectura@gmail.com<\/a>; y el <strong>Taller de lectura Encuentros para analizar la obra de dos escritoras fundamentales<\/strong>: Silvina Ocampo y Clarice Lispector.<\/p>\n<p>En <strong>Biblioteca Mart\u00edn del Barco Centenera<\/strong> (<a href=\"http:\/\/mapa.buenosaires.gov.ar\/comollego\/?lat=-34.614685&amp;lng=-58.388150&amp;zl=15&amp;modo=transporte&amp;hasta=Republica+Bolivariana+De+Venezuela+1538%2C+&amp;dir=Republica+Bolivariana+De+Venezuela+1538\">Venezuela 1538<\/a>) se realizar\u00e1n cuatro encuentros por Mariana Docampo, desde el <strong>lunes 11 de marzo de 15 a 16 h<\/strong>. Cupo limitado con Inscripci\u00f3n previa a <a href=\"mailto:biblioteca_centenera@buenosaires.gob.ar\">biblioteca_centenera@buenosaires.gob.ar<\/a><\/p>\n<p><a href=\"http:\/\/www.buenosaires.gob.ar\/cultura\/bibliotecas\" target=\"_blank\" rel=\"noopener\">Conoc\u00e9 m\u00e1s<\/a><\/p>","protected":false},"excerpt":{"rendered":"<p>Convivir cada d\u00eda m\u00e1s con las diferencias es un valor central en la vida social y cultural para lograr una sociedad madura. En este marco, el Ministerio de Cultura de la Ciudad propone una completa agenda para su abordaje. La programaci\u00f3n incluye desde charlas, conversatorios, recitales, performances, hasta activaciones, teatro, muestras, cine y mucho m\u00e1s. [&hellip;]<\/p>","protected":false},"author":8,"featured_media":610149,"comment_status":"open","ping_status":"closed","sticky":false,"template":"","format":"standard","meta":[],"categories":[5],"tags":[],"series":[],"_links":{"self":[{"href":"https:\/\/www.diario5.com.ar\/es\/wp-json\/wp\/v2\/posts\/610148"}],"collection":[{"href":"https:\/\/www.diario5.com.ar\/es\/wp-json\/wp\/v2\/posts"}],"about":[{"href":"https:\/\/www.diario5.com.ar\/es\/wp-json\/wp\/v2\/types\/post"}],"author":[{"embeddable":true,"href":"https:\/\/www.diario5.com.ar\/es\/wp-json\/wp\/v2\/users\/8"}],"replies":[{"embeddable":true,"href":"https:\/\/www.diario5.com.ar\/es\/wp-json\/wp\/v2\/comments?post=610148"}],"version-history":[{"count":5,"href":"https:\/\/www.diario5.com.ar\/es\/wp-json\/wp\/v2\/posts\/610148\/revisions"}],"predecessor-version":[{"id":610231,"href":"https:\/\/www.diario5.com.ar\/es\/wp-json\/wp\/v2\/posts\/610148\/revisions\/610231"}],"wp:featuredmedia":[{"embeddable":true,"href":"https:\/\/www.diario5.com.ar\/es\/wp-json\/wp\/v2\/media\/610149"}],"wp:attachment":[{"href":"https:\/\/www.diario5.com.ar\/es\/wp-json\/wp\/v2\/media?parent=610148"}],"wp:term":[{"taxonomy":"category","embeddable":true,"href":"https:\/\/www.diario5.com.ar\/es\/wp-json\/wp\/v2\/categories?post=610148"},{"taxonomy":"post_tag","embeddable":true,"href":"https:\/\/www.diario5.com.ar\/es\/wp-json\/wp\/v2\/tags?post=610148"},{"taxonomy":"series","embeddable":true,"href":"https:\/\/www.diario5.com.ar\/es\/wp-json\/wp\/v2\/series?post=610148"}],"curies":[{"name":"wp","href":"https:\/\/api.w.org\/{rel}","templated":true}]}}