{"id":610131,"date":"2019-03-13T07:13:29","date_gmt":"2019-03-13T10:13:29","guid":{"rendered":"http:\/\/diario5.com.ar\/?p=610131"},"modified":"2019-03-14T19:27:14","modified_gmt":"2019-03-14T22:27:14","slug":"la-agenda-cultural-para-disfrutar-en-la-ciudad","status":"publish","type":"post","link":"https:\/\/www.diario5.com.ar\/es\/la-agenda-cultural-para-disfrutar-en-la-ciudad\/","title":{"rendered":"Usina, Col\u00f3n, 25, SanMa, Planet y Mataderos"},"content":{"rendered":"<h2 class=\"sub-title-primary\"><\/h2> <p>El fin de semana la Ciudad ofrece m\u00faltiples <a href=\"http:\/\/disfrutemosba.buenosaires.gob.ar\/\" target=\"_blank\" rel=\"noopener\">actividades culturales<\/a> para disfrutar en familia y con amigos. \u00c9stas son algunas de las propuestas m\u00e1s destacadas.<\/p>\n<blockquote><p><a href=\"http:\/\/www.buenosaires.gob.ar\/sites\/gcaba\/files\/disfrutemos_ba_377.pdf\/\" target=\"_blank\" rel=\"noopener\">Descarg\u00e1 el suplemento Disfrutemos BA<\/a><\/p><\/blockquote>\n<h2>Fin de semana en la Usina del Arte<\/h2>\n<p>El fin de semana la Usina del Arte (Agust\u00edn Caffarena 1, La Boca) ofrece m\u00faltiples conciertos y actividades para toda la familia, con entrada gratuita (se reservan <a href=\"http:\/\/www.buenosaires.gob.ar\/usinadelarte\/entradas\/\" target=\"_blank\" rel=\"noopener\">online<\/a>).<\/p>\n<blockquote><p>Viernes<\/p><\/blockquote>\n<ul>\n<li>21 hs. <strong>Banda Sinf\u00f3nica de la Ciudad<\/strong>. Auditorio. Presenta el concierto \u201cGala L\u00edrica\u201d, con obras cl\u00e1sicas de Mozart, Puccini, Verdi, entre otros y la direcci\u00f3n de Lito Valle.<\/li>\n<li>21 hs. <strong>Nicol\u00e1s\u00a0<\/strong><strong>Ledesma<\/strong>\u00a0y\u00a0<strong>Franco\u00a0<\/strong><strong>Luciani<\/strong>\u00a0Sala de C\u00e1mara. Dos grandes solistas de extensa trayectoria se unen en esta oportunidad para brindar un concierto que presenta un repertorio popular centrado en el tango.<\/li>\n<\/ul>\n<blockquote><p>S\u00e1bado<\/p><\/blockquote>\n<ul>\n<li>15 hs. <strong>Agua de Sol<\/strong>. Espect\u00e1culo musical para chicos.<\/li>\n<li>20 hs. <strong>Mishka Adams &amp; Beto Caletti<\/strong>. M\u00fasica brasilera. Presentan su disco \u201cPuentes invisibles\u201d.<\/li>\n<li>21 hs. <strong>Mariana Baraj<\/strong>. La multipremiada artista hace un recorrido por su extensa carrera y presenta canciones de su pr\u00f3ximo disco \u201cEl clavel del aire\u201d.<\/li>\n<\/ul>\n<blockquote><p>Domingo<\/p><\/blockquote>\n<ul>\n<li>11.30 hs. <strong>Dora de Marinis &amp; Ana\u00efs Crestin<\/strong>. Recital de piano a cuatro manos, con obras de Poulenc, Debussy, Faur\u00e9 y Guastavino.<\/li>\n<li>12 hs. <strong>C\u00e1mara XXI<\/strong>. Ensamble coral con la direcci\u00f3n de Miguel \u00c1ngel Pesce.<\/li>\n<li>17 hs. <strong>Foxley<\/strong>. Con Juan Rosasco en Banda como artista invitado.<\/li>\n<li>19 hs. <strong>Ignacia &#8211; Mariana Bianchini<\/strong>. <em>Chicas Superpoderosas<\/em>. Ignacia toca sus canciones m\u00e1s bailables y Mariana Bianchini adelanta su nuevo disco.<\/li>\n<li>20 hs. <strong>Nano Stern Cuarteto &amp; amigas<\/strong>. Un show a pura m\u00fasica popular latinoamericana.<\/li>\n<\/ul>\n<p><img decoding=\"async\" loading=\"lazy\" src=\"http:\/\/diario5.com.ar\/wp-content\/uploads\/2019\/03\/usina_16.jpg\" alt=\"\" width=\"900\" height=\"600\" \/><\/p>\n<hr \/>\n<h2>Gabriel Rocca<\/h2>\n<p>Retrospectiva de m\u00e1s de 130 retratos del gran fot\u00f3grafo argentino, que incluye a personajes como Charly Garc\u00eda, Luis Alberto Spinetta, Diego Armando Maradona, Ricardo Dar\u00edn y muchos m\u00e1s, algunas de ellas in\u00e9ditas hasta esta muestra. En la Sala Laberinto de la Usina del Arte y Museo del Cine (Agust\u00edn Caffarena 1, La Boca). Hasta el 24 de marzo, los viernes, s\u00e1bados, domingos y feriados, de 10 a 21. Entrada gratuita. <a href=\"https:\/\/disfrutemosba.buenosaires.gob.ar\/evento\/retrospectiva-gabriel-rocca\/3374\/\" target=\"_blank\" rel=\"noopener\">M\u00e1s informaci\u00f3n<\/a>.<\/p>\n<p><img decoding=\"async\" loading=\"lazy\" src=\"http:\/\/diario5.com.ar\/wp-content\/uploads\/2019\/03\/52258704_2921225451235842_5634946003716014080_n-2.jpg\" alt=\"\" width=\"960\" height=\"640\" \/><\/p>\n<hr \/>\n<h2>\u00a1No va m\u00e1s! en El Recoleta<\/h2>\n<p>En marzo y abril, el feminismo se instala en el Recoleta (Jun\u00edn 1930) con una programaci\u00f3n protagonizada 100% por mujeres y una campa\u00f1a que captura el grito de la \u00e9poca: \u201c\u00a1No va m\u00e1s!\u201d. El centro cultural se convierte en un espacio para informarse, reflexionar, discutir, participar, expresarse, aprender y compartir miradas sobre el nuevo rol de la mujer en el mundo. Todas las actividades son gratuitas. <a href=\"http:\/\/centroculturalrecoleta.org\/agenda\/\" target=\"_blank\" rel=\"noopener\">M\u00e1s informaci\u00f3n<\/a>.<\/p>\n<p><img decoding=\"async\" loading=\"lazy\" src=\"http:\/\/diario5.com.ar\/wp-content\/uploads\/2019\/03\/2._gral_programacion_no_va_mas_1-2.jpg\" alt=\"\" width=\"3604\" height=\"2874\" \/><\/p>\n<hr \/>\n<h2>Jard\u00edn Sonoro<\/h2>\n<p>Durante todo el mes, en el Jard\u00edn Bot\u00e1nico Carlos Thays (Av. Santa Fe 3951) se puede vivir la experiencia site specific: Jard\u00edn Sonoro, una aplicaci\u00f3n m\u00f3vil que conecta el espacio p\u00fablico con el teatro, permitiendo recorrer un jard\u00edn y escuchar seis obras breves de teatro vinculadas con la naturaleza. En esta primera edici\u00f3n, el foco est\u00e1 centralizado en obras escritas, dirigidas e interpretadas por artistas mujeres de las artes esc\u00e9nicas. <strong>Horarios<\/strong>: de martes a viernes de 8 a 18.45; s\u00e1bados, domingos y feriados de 9.30 a 18.45. La actividad es libre y gratuita. <a href=\"https:\/\/disfrutemosba.buenosaires.gob.ar\/evento\/jardin-sonoro\/3468\/\" target=\"_blank\" rel=\"noopener\">M\u00e1s informaci\u00f3n<\/a>.<\/p>\n<p><img decoding=\"async\" loading=\"lazy\" src=\"http:\/\/diario5.com.ar\/wp-content\/uploads\/2019\/03\/1_dramaturgas_jardin_sonoro_ph_luis_sens-2.jpg\" alt=\"\" width=\"960\" height=\"640\" \/><\/p>\n<hr \/>\n<h2>Teatro en la Ciudad<\/h2>\n<p><strong>El cart\u00f3grafo<\/strong>. El elenco est\u00e1 integrado por Gustavo Pardi, Elena Roger, Luis Campos, Mario Alarc\u00f3n, Jazm\u00edn Diz y Ana Yovino. En la Sala Cunill Cabanellas del Teatro San Mart\u00edn (Av. Corrientes 1530). <strong>Estreno<\/strong>: viernes 15 de marzo. Funciones: de mi\u00e9rcoles a domingos a las 20.30. Platea: $210. D\u00edas populares (mi\u00e9rcoles y jueves): $105. <a href=\"https:\/\/disfrutemosba.buenosaires.gob.ar\/evento\/el-cartografo\/3399\/\" target=\"_blank\" rel=\"noopener\">M\u00e1s informaci\u00f3n<\/a>.<\/p>\n<p><strong>La dama de las rosas<\/strong>, un musical protagonizado por Pepe Cibri\u00e1n Campoy. Un cuento musical que no s\u00f3lo habla del amor, sino tambi\u00e9n, de la realizaci\u00f3n personal, el descubrimiento propio, el goce de la libertad y la elecci\u00f3n de ser quien uno quiere ser. En El Cultural San Mart\u00edn (Sarmiento 1551). <strong>Estreno<\/strong>: viernes 15 de marzo. Funciones: mi\u00e9rcoles a viernes a las 20.30; s\u00e1bados a las 19 y 21.30; domingos a las 19. Entradas: $350. D\u00eda popular (mi\u00e9rcoles): $150. <a href=\"https:\/\/disfrutemosba.buenosaires.gob.ar\/evento\/la-dama-de-las-rosas\/3479\/\" target=\"_blank\" rel=\"noopener\">M\u00e1s informaci\u00f3n<\/a>.<\/p>\n<p><strong>Blanca<\/strong>, de Natalia Villamil. Dirigida por Cintia Miraglia. En El Cultural San Mart\u00edn (Sarmiento 1551). <strong>Estreno<\/strong>: viernes 15 de marzo. Funciones: viernes y s\u00e1bados a las 21. Entrada: $250. <a href=\"http:\/\/www.elculturalsanmartin.org\/programacion\/evento\/3093-blanca\/\" target=\"_blank\" rel=\"noopener\">M\u00e1s informaci\u00f3n<\/a>.<\/p>\n<p><strong>Petr\u00f3leo,<\/strong> la \u00faltima producci\u00f3n del colectivo teatral <em>Piel de Lava,<\/em> integrado por Laura Paredes, Pilar Gamboa, Elisa Carricajo y Valeria Correa. En la Sala Casacuberta del Teatro San Mart\u00edn (Av. Corrientes 1530). Funciones: de mi\u00e9rcoles a domingos a las 20.30. Platea: $280. D\u00eda popular (mi\u00e9rcoles y jueves): $140. <a href=\"https:\/\/disfrutemosba.buenosaires.gob.ar\/evento\/petroleo\/3352\/\" target=\"_blank\" rel=\"noopener\">M\u00e1s informaci\u00f3n<\/a>.<\/p>\n<p><strong>P\u00e1jaro de barro<\/strong>. El elenco est\u00e1 integrado por Daniel Hendler, Marita Ballesteros, Luc\u00eda Tomas, Ernesto Claudio, Mariano Mazzei, Celeste Gerez, Jes\u00fas Catalino y Valentina Veronese. En el Teatro Regio (Av. C\u00f3rdoba 6056). Funciones: de jueves a s\u00e1bados a las 20.30 y los domingos a las 20. Platea: $250. Pullman y palcos: $180. D\u00eda popular (jueves): $125.<br \/>\n<a href=\"https:\/\/disfrutemosba.buenosaires.gob.ar\/evento\/pajaro-de-barro\/3428\/\" target=\"_blank\" rel=\"noopener\">M\u00e1s informaci\u00f3n<\/a>.<\/p>\n<p><strong>El baile<\/strong>. Nuevas funciones de la obra de Mathilde Monnier y Alan Pauls, que recorre la historia reciente de Argentina a trav\u00e9s de la danza. Funciones: los s\u00e1bados 16, 23 y 30 a las 17, los domingos 17 y 31 a las 17 y el viernes 22 a las 19. En el Teatro de la Ribera (Pedro de Mendoza 1821). Platea: $150. Pullman: $110. <a href=\"https:\/\/disfrutemosba.buenosaires.gob.ar\/evento\/el-baile\/683\/\" target=\"_blank\" rel=\"noopener\">M\u00e1s informaci\u00f3n<\/a>.<\/p>\n<p><img decoding=\"async\" loading=\"lazy\" src=\"http:\/\/diario5.com.ar\/wp-content\/uploads\/2019\/03\/la_dama_de_las_rosas_3_0.jpg\" alt=\"\" width=\"960\" height=\"864\" \/><\/p>\n<hr \/>\n<h2>Formaci\u00f3n en Teatro Musical: audici\u00f3n para j\u00f3venes<\/h2>\n<p>Audici\u00f3n para j\u00f3venes entre 9 y 17 a\u00f1os, que tengan formaci\u00f3n previa en canto, danza, acrobacia y actuaci\u00f3n. La Compa\u00f1\u00eda de Teatro Musical del destacado director teatral <strong>Ricky Pashkus<\/strong> cuenta ahora con el impulso de Mecenazgo para su espacio de formaci\u00f3n, entrenamiento y contenci\u00f3n de j\u00f3venes de entre 9 y 17 a\u00f1os que buscan crecer profesionalmente. Hay que inscribirse previamente. <a href=\"https:\/\/disfrutemosba.buenosaires.gob.ar\/evento\/formacion-en-teatro-musical\/3499\/\" target=\"_blank\" rel=\"noopener\">M\u00e1s informaci\u00f3n<\/a>.<\/p>\n<p><img decoding=\"async\" loading=\"lazy\" src=\"http:\/\/diario5.com.ar\/wp-content\/uploads\/2019\/03\/sin_titulo-1_14.jpg\" alt=\"\" width=\"750\" height=\"500\" \/><\/p>\n<hr \/>\n<h2>Rigoletto de Giuseppe Verdi<\/h2>\n<p>Rigoletto, \u00f3pera en tres actos de Giuseppe Verdi, abre la temporada l\u00edrica 2019 del Teatro Col\u00f3n. Esta versi\u00f3n es una nueva producci\u00f3n del Teatro Col\u00f3n, con direcci\u00f3n musical del maestro Maurizio Benini, al frente de la Orquesta Estable del Teatro Col\u00f3n y direcci\u00f3n de escena de Jorge Takla. Funciones: martes 12, mi\u00e9rcoles 13, viernes 15, s\u00e1bado 16, martes 19, mi\u00e9rcoles 20 y viernes 22 de marzo a las 20 y domingo 17 de marzo a las 17. Entradas desde $250. <a href=\"https:\/\/disfrutemosba.buenosaires.gob.ar\/evento\/rigoletto-en-el-teatro-colon\/3450\/\" target=\"_blank\" rel=\"noopener\">M\u00e1s informaci\u00f3n<\/a>.<\/p>\n<p><img decoding=\"async\" loading=\"lazy\" title=\"Rigoletto. Foto de Arnaldo Colombaroli\/Teatro Col\u00f3n.\" src=\"http:\/\/diario5.com.ar\/wp-content\/uploads\/2019\/03\/rigoletto_2019_-_ensayo_pregeneral__-_foto_4_c_arnaldo_colombaroli_0.jpg\" alt=\"Rigoletto. Foto de Arnaldo Colombaroli\/Teatro Col\u00f3n.\" width=\"960\" height=\"640\" \/><\/p>\n<hr \/>\n<h2>Instituto Superior de Arte<\/h2>\n<p>El s\u00e1bado 16 de marzo a las 17, el Instituto Superior de Arte del Teatro Col\u00f3n realizar\u00e1 el primero de los ocho recitales l\u00edricos y conciertos de m\u00fasica de c\u00e1mara programados a lo largo de la Temporada 2019 en el Sal\u00f3n Dorado, con el fin de enriquecer los conocimientos y experiencias de los alumnos del Instituto, que celebra y renueva su tradici\u00f3n y sigue apostando a la excelencia. Entrada gratuita con previo retiro de localidades. <a href=\"http:\/\/www.buenosaires.gob.ar\/cultura\/noticias\/dos-propuestas-gratuitas-del-teatro-colon-para-el-fin-de-semana\/\" target=\"_blank\" rel=\"noopener\">M\u00e1s informaci\u00f3n<\/a>.<\/p>\n<p><img decoding=\"async\" loading=\"lazy\" src=\"http:\/\/diario5.com.ar\/wp-content\/uploads\/2019\/03\/salon_dorado_7_0.jpg\" alt=\"\" width=\"960\" height=\"640\" \/><\/p>\n<hr \/>\n<h2>Int\u00e9rpretes Argentinos en el Teatro Col\u00f3n<\/h2>\n<p><em>Bayres Horns<\/em>, un ensamble conformado por cuatro de los m\u00e1s destacados cornistas de Argentina (Fernando Chiappero, Luis Ariel Martino, Gustavo Ibacache y Christian Morabito) presentar\u00e1 su disco <em>Concertango<\/em>, en el marco del ciclo Int\u00e9rpretes Argentinos, el domingo 17 de marzo a las 11, de manera gratuita con previo retiro de localidades. <a href=\"http:\/\/www.buenosaires.gob.ar\/cultura\/noticias\/dos-propuestas-gratuitas-del-teatro-colon-para-el-fin-de-semana\/\" target=\"_blank\" rel=\"noopener\">M\u00e1s informaci\u00f3n<\/a>.<\/p>\n<p><img decoding=\"async\" loading=\"lazy\" src=\"http:\/\/diario5.com.ar\/wp-content\/uploads\/2019\/03\/foto_-_bayres_horns-1.jpg\" alt=\"\" width=\"960\" height=\"721\" \/><\/p>\n<hr \/>\n<h2>25 Terrazas<\/h2>\n<p>De mi\u00e9rcoles a domingos, desde las 19, el Centro Cultural 25 de Mayo (Av. Triunvirato 4444) abre un espacio de encuentro y esparcimiento a cielo abierto con m\u00faltiples actividades culturales, barra y gastronom\u00eda, dirigido al p\u00fablico joven. La programaci\u00f3n incluye ciclos de m\u00fasica, cine y literatura. Entrada libre y gratuita. <a href=\"https:\/\/disfrutemosba.buenosaires.gob.ar\/evento\/25-terrazas\/3340\/\" target=\"_blank\" rel=\"noopener\">M\u00e1s informaci\u00f3n<\/a><\/p>\n<p><img decoding=\"async\" loading=\"lazy\" title=\"\" src=\"http:\/\/diario5.com.ar\/wp-content\/uploads\/2019\/03\/salivayritmoweb_laucastrofoto_06-2.jpg\" alt=\"\" width=\"1890\" height=\"1260\" \/><\/p>\n<hr \/>\n<h2>Los Amados<\/h2>\n<p>Festejan 30 a\u00f1os presentando sus grandes y rutilantes \u00e9xitos en el Centro Cultural 25 de Mayo (Av. Triunvirato 4444). Al ritmo de Boleros, Congas, Sones, Cha-Cha-Cha, Valsecitos Peruanos, Merengues y su delicado humor recorren, no s\u00f3lo  el vasto repertorio de su divertida y rom\u00e1ntica trayectoria, sino que deleitar\u00e1n a los vecinos como de costumbre con encendidas sorpresas. Funciones: s\u00e1bados y domingos a las 20, hasta el 17 de marzo. Entrada $300 (Platea) y $250 (Pullman). <a href=\"https:\/\/disfrutemosba.buenosaires.gob.ar\/evento\/los-amados\/3339\/\" target=\"_blank\" rel=\"noopener\">M\u00e1s informaci\u00f3n<\/a>.<\/p>\n<p><img decoding=\"async\" loading=\"lazy\" src=\"http:\/\/diario5.com.ar\/wp-content\/uploads\/2019\/03\/los_amados_-_estreno_14.02.2019.jpg\" alt=\"\" width=\"960\" height=\"640\" \/><\/p>\n<hr \/>\n<h2>El Cultural Trans<\/h2>\n<p>El Cultural San Mart\u00edn (Sarmiento 1551) ofrece el ciclo \u00abEl Cultural Trans\u00bb, con tem\u00e1tica transg\u00e9nero. Entrada $70. <a href=\"http:\/\/elculturalsanmartin.org\/programacion\/2-cine\/\" target=\"_blank\" rel=\"noopener\">M\u00e1s informaci\u00f3n<\/a>.<\/p>\n<p><img decoding=\"async\" loading=\"lazy\" src=\"http:\/\/diario5.com.ar\/wp-content\/uploads\/2019\/03\/todo_sobre_mi_madre-2.jpg\" alt=\"\" width=\"960\" height=\"640\" \/><\/p>\n<hr \/>\n<h2>Una cita con Henri-Georges Clouzot<\/h2>\n<p>El Complejo Teatral de Buenos Aires ofrece en la Sala Leopoldo Lugones del Teatro San Mart\u00edn (Av. Corrientes 1530) el ciclo <em>Una cita con Henri-Georges Clouzot<\/em>, integrado por cuatro cl\u00e1sicos del <em>\u00abHitchcock franc\u00e9s\u00bb<\/em> en versiones restauradas. Entradas $60. <a href=\"https:\/\/complejoteatral.gob.ar\/ver\/UNA-CITA-CON-HENRI-GEORGES-CLOUZOT%20\/\" target=\"_blank\" rel=\"noopener\">M\u00e1s informaci\u00f3n<\/a>.<\/p>\n<p><img decoding=\"async\" loading=\"lazy\" src=\"http:\/\/diario5.com.ar\/wp-content\/uploads\/2019\/03\/el_infierno_de_henri-georges_clouzot-2.jpg\" alt=\"\" width=\"960\" height=\"543\" \/><\/p>\n<hr \/>\n<h2>Espect\u00e1culos en el Planetario<\/h2>\n<p>El Planetario (Avenida Sarmiento y Avenida Belisario Rold\u00e1n) ofrece una variada oferta de espect\u00e1culos. De martes a viernes, <em>De la Tierra al Universo<\/em> (13 y 17 hs.); s\u00e1bados, domingos y feriados, <em>Asteroides<\/em> (13:30 hs.), <em>Somos estrellas<\/em> (14:30 y 18:30 hs.), <em>Una de piratas<\/em> (15:30 y 17:30 hs.), <em>De la Tierra al Universo<\/em> (16:30 y 19:30 hs.). Entrada $120. <a href=\"https:\/\/planetario.buenosaires.gob.ar\/\" target=\"_blank\" rel=\"noopener\">M\u00e1s informaci\u00f3n<\/a>.<\/p>\n<p><img decoding=\"async\" loading=\"lazy\" title=\"\" src=\"http:\/\/diario5.com.ar\/wp-content\/uploads\/2019\/03\/planet_disfrutemos-2.jpg\" alt=\"\" width=\"960\" height=\"640\" \/><\/p>\n<hr \/>\n<h2>Feria de Mataderos<\/h2>\n<p>El domingo de 11 a 17 horas la Feria de Mataderos reaviva la tradici\u00f3n de la mano de la m\u00fasica, la danza y la comida. En Av. Lisandro de la Torre y Av. de los Corrales. Gratis. Se suspende en caso de lluvia. <a href=\"https:\/\/disfrutemosba.buenosaires.gob.ar\/evento\/vuelve-la-feria-de-mataderos\/222\/\" target=\"_blank\" rel=\"noopener\">M\u00e1s informaci\u00f3n<\/a>.<\/p>\n<p><img decoding=\"async\" loading=\"lazy\" src=\"http:\/\/diario5.com.ar\/wp-content\/uploads\/2019\/03\/feria-mataderos-df.png\" alt=\"\" width=\"900\" height=\"600\" \/><\/p>\n<blockquote><p><strong>MUESTRAS<\/strong><\/p><\/blockquote>\n<ul>\n<li>El Cultural San Mart\u00edn (Sarmiento 1551) junto a la Embajada de Eslovenia presentan <strong>\u00abCruising for a Bruising\u00bb<\/strong>, del artista eslovaco Du\u0161an Kochol, una serie de serigraf\u00edas monocrom\u00e1ticas de alto contraste y tinta azul violeta, en su mayor\u00eda retratos de hombres, impresos sobre el reverso de pieles vacunas. <a href=\"https:\/\/disfrutemosba.buenosaires.gob.ar\/evento\/cruising-for-a-bruising\/3480\/\" target=\"_blank\" rel=\"noopener\">M\u00e1s informaci\u00f3n<\/a>.<\/li>\n<li><strong>So\u00f1ar so\u00f1ar<\/strong>. La nueva muestra permanente del Museo del Cine Pablo Ducr\u00f3s Hicken (Agust\u00edn R. Caffarena 51, La Boca) ofrece un recorrido singular y distintivo por la historia del cine argentino. <a href=\"https:\/\/disfrutemosba.buenosaires.gob.ar\/evento\/sonar-sonar-museo-del-cine\/1442\" target=\"_blank\" rel=\"noopener\">M\u00e1s informaci\u00f3n<\/a>.<\/li>\n<li>El Museo de Arte Moderno (Avenida San Juan 350) ofrece varias muestras: <strong>Max G\u00f3mez Canle. El sal\u00f3n de los caprichos<\/strong>, <strong>Mercedes Azpilicueta, Cuerpos P\u00e1jaros<\/strong>; <strong>Una llamarada pertinaz. La intr\u00e9pida marcha de la colecci\u00f3n del Moderno<\/strong> y <strong>Nicol\u00e1s Mastracchio &#8211; Pulso<\/strong>. <a href=\"http:\/\/www.buenosaires.gob.ar\/museos\/museo-de-arte-moderno\/\" target=\"_blank\" rel=\"noopener\">M\u00e1s informaci\u00f3n<\/a>.<\/li>\n<li><strong>Gardel y los deportes<\/strong>. Una muestra que pone en valor otra dimensi\u00f3n de la leyenda del tango. Organizada en tres n\u00facleos tem\u00e1ticos (f\u00fatbol, turf y otros deportes), la muestra re\u00fane fotograf\u00edas, documentos personales, discos, partituras, pel\u00edculas y objetos de \u00e9poca. Hasta el 31 de marzo, en el en el Museo Casa Carlos Gardel, Jean Jaur\u00e9s 735. <a href=\"https:\/\/disfrutemosba.buenosaires.gob.ar\/evento\/gardel-y-los-deportes\/2452\/\" target=\"_blank\" rel=\"noopener\">M\u00e1s informaci\u00f3n<\/a>.<\/li>\n<li>El Museo de la Ciudad (Defensa 223) cumple 50 a\u00f1os y lo celebra con la exposici\u00f3n <strong>\u00abMostramos todo, no nos quedamos con nada\u00bb<\/strong> (hasta el 17 de marzo). <a href=\"https:\/\/disfrutemosba.buenosaires.gob.ar\/evento\/50-anos-del-museo-de-la-ciudad\/2937\/\" target=\"_blank\" rel=\"noopener\">M\u00e1s informaci\u00f3n<\/a>. Tambi\u00e9n se ofrece la exposici\u00f3n <strong>Doce sillas<\/strong>, ejercicio final de los alumnos de la Escuela Nacional de Museolog\u00eda. <a href=\"https:\/\/disfrutemosba.buenosaires.gob.ar\/evento\/12-sillas\/3143\/\" target=\"_blank\" rel=\"noopener\">M\u00e1s informaci\u00f3n<\/a>.<\/li>\n<li><strong>Mutaciones Urbanas<\/strong>. Partiendo de la historieta, la animaci\u00f3n, la ilustraci\u00f3n, el papercraft, el collage, la pintura y otras disciplinas afines, 17 artistas contempor\u00e1neos proponen lecturas personales y versiones alternativas de un conjunto de elementos patrimoniales de la Ciudad de Buenos Aires y de La Plata. Hasta el 31 de marzo en el Museo del Humor (Ex Cervecer\u00eda Munich, Av. de los Italianos 851, Costanera Sur). <a href=\"https:\/\/disfrutemosba.buenosaires.gob.ar\/evento\/mutaciones-urbanas\/2939\/\" target=\"_blank\" rel=\"noopener\">M\u00e1s informaci\u00f3n<\/a>.<\/li>\n<\/ul>\n<p><a href=\"http:\/\/www.buenosaires.gob.ar\/noticias\">M\u00e1s noticias de la Ciudad &gt;&gt;<\/a><\/p>\n<p><img decoding=\"async\" loading=\"lazy\" title=\"\" src=\"http:\/\/diario5.com.ar\/wp-content\/uploads\/2019\/03\/libby_pratt_0-2.jpg\" alt=\"\" width=\"740\" height=\"495\" \/><\/p>","protected":false},"excerpt":{"rendered":"<p>El fin de semana la Ciudad ofrece m\u00faltiples actividades culturales para disfrutar en familia y con amigos. \u00c9stas son algunas de las propuestas m\u00e1s destacadas. Descarg\u00e1 el suplemento Disfrutemos BA Fin de semana en la Usina del Arte El fin de semana la Usina del Arte (Agust\u00edn Caffarena 1, La Boca) ofrece m\u00faltiples conciertos y [&hellip;]<\/p>","protected":false},"author":8,"featured_media":610132,"comment_status":"open","ping_status":"closed","sticky":false,"template":"","format":"standard","meta":[],"categories":[5],"tags":[],"series":[],"_links":{"self":[{"href":"https:\/\/www.diario5.com.ar\/es\/wp-json\/wp\/v2\/posts\/610131"}],"collection":[{"href":"https:\/\/www.diario5.com.ar\/es\/wp-json\/wp\/v2\/posts"}],"about":[{"href":"https:\/\/www.diario5.com.ar\/es\/wp-json\/wp\/v2\/types\/post"}],"author":[{"embeddable":true,"href":"https:\/\/www.diario5.com.ar\/es\/wp-json\/wp\/v2\/users\/8"}],"replies":[{"embeddable":true,"href":"https:\/\/www.diario5.com.ar\/es\/wp-json\/wp\/v2\/comments?post=610131"}],"version-history":[{"count":2,"href":"https:\/\/www.diario5.com.ar\/es\/wp-json\/wp\/v2\/posts\/610131\/revisions"}],"predecessor-version":[{"id":610181,"href":"https:\/\/www.diario5.com.ar\/es\/wp-json\/wp\/v2\/posts\/610131\/revisions\/610181"}],"wp:featuredmedia":[{"embeddable":true,"href":"https:\/\/www.diario5.com.ar\/es\/wp-json\/wp\/v2\/media\/610132"}],"wp:attachment":[{"href":"https:\/\/www.diario5.com.ar\/es\/wp-json\/wp\/v2\/media?parent=610131"}],"wp:term":[{"taxonomy":"category","embeddable":true,"href":"https:\/\/www.diario5.com.ar\/es\/wp-json\/wp\/v2\/categories?post=610131"},{"taxonomy":"post_tag","embeddable":true,"href":"https:\/\/www.diario5.com.ar\/es\/wp-json\/wp\/v2\/tags?post=610131"},{"taxonomy":"series","embeddable":true,"href":"https:\/\/www.diario5.com.ar\/es\/wp-json\/wp\/v2\/series?post=610131"}],"curies":[{"name":"wp","href":"https:\/\/api.w.org\/{rel}","templated":true}]}}