{"id":610112,"date":"2019-03-12T14:13:51","date_gmt":"2019-03-12T17:13:51","guid":{"rendered":"http:\/\/diario5.com.ar\/?p=610112"},"modified":"2019-03-14T20:58:58","modified_gmt":"2019-03-14T23:58:58","slug":"dos-propuestas-gratuitas-del-teatro-colon-para-el-fin-de-semana","status":"publish","type":"post","link":"https:\/\/www.diario5.com.ar\/es\/dos-propuestas-gratuitas-del-teatro-colon-para-el-fin-de-semana\/","title":{"rendered":"Col\u00f3n gratis"},"content":{"rendered":"<h2 class=\"sub-title-primary\"><\/h2> <p>El fin de semana, el Teatro Col\u00f3n ofrecer\u00e1 dos propuestas art\u00edsticas gratuitas imperdibles, con la presentaci\u00f3n de los alumnos de la carrera de canto del Instituto Superior de Arte y la agrupaci\u00f3n Bayres Horns .<\/p>\n<blockquote><p>Entrada gratuita, con previo retiro de localidades.<\/p><\/blockquote>\n<p><img decoding=\"async\" loading=\"lazy\" class=\"\" title=\"Int\u00e9rpretes Argentinos. Foto del Teatro Col\u00f3n\" src=\"http:\/\/diario5.com.ar\/wp-content\/uploads\/2019\/03\/trio_alberto_williams_2018_salon_dorado_maximo_013.jpg\" alt=\"\" width=\"597\" height=\"482\" \/><\/p>\n<hr \/>\n<h2>Instituto Superior de Arte<\/h2>\n<p>El s\u00e1bado 16 de marzo a las 17, el Instituto Superior de Arte del Teatro Col\u00f3n realizar\u00e1 el primero de los ocho <strong>recitales l\u00edricos y conciertos de m\u00fasica de c\u00e1mara<\/strong> programados a lo largo de la Temporada 2019 en el <strong>Sal\u00f3n Dorado<\/strong>, con el fin de enriquecer los conocimientos y experiencias de los alumnos del Instituto, que celebra y renueva su tradici\u00f3n y sigue apostando a la excelencia.<\/p>\n<blockquote><p>Se entregar\u00e1n 2 localidades por persona, a partir del jueves 14 de marzo.<\/p><\/blockquote>\n<p>Para esta primera presentaci\u00f3n, ser\u00e1n los alumnos de la carrera de canto quienes, bajo la direcci\u00f3n musical del maestro <strong>Marcelo Ayub<\/strong>, aborden un variado repertorio l\u00edrico.<\/p>\n<p>Las entradas se podr\u00e1n retirar a partir del jueves 14 de marzo de 9 a 20 horas en la boleter\u00eda del Teatro Col\u00f3n, Tucum\u00e1n 1171 (4378-7109). Se entregar\u00e1n 2 localidades por persona hasta completar la capacidad del sal\u00f3n.<\/p>\n<p><img decoding=\"async\" loading=\"lazy\" class=\"\" src=\"http:\/\/diario5.com.ar\/wp-content\/uploads\/2019\/03\/salon_dorado_7.jpg\" alt=\"\" width=\"600\" height=\"399\" \/><\/p>\n<hr \/>\n<h2>Int\u00e9rpretes Argentinos<\/h2>\n<p><strong>Bayres Horns<\/strong>, un ensamble conformado por <strong>cuatro de los m\u00e1s destacados cornistas de Argentina<\/strong> (Fernando Chiappero, Luis Ariel Martino, Gustavo Ibacache y Christian Morabito) presentar\u00e1 su disco Concertango, en el marco del ciclo <strong>Int\u00e9rpretes Argentinos<\/strong>, el domingo 17 de marzo a las 11, de manera gratuita con previo retiro de localidades.<\/p>\n<blockquote><p>Las entradas se podr\u00e1n retirar a partir del viernes 15 de marzo de 9 a 20 horas en la boleter\u00eda del Teatro Col\u00f3n<\/p><\/blockquote>\n<p>En 2017 Bayres Horns debut\u00f3 en Buenos Aires. Ese mismo a\u00f1o fueron artistas invitados de la edici\u00f3n n\u00famero 49 del Simposio Internacional de la International Horn Society. Al poco tiempo, comenz\u00f3 la grabaci\u00f3n de su primer \u00e1lbum, <strong>Concertango<\/strong>, que incluye 14 tangos abarcando todos los estilos y que fue presentado en mayo de 2018 con una gran repercusi\u00f3n local e internacional.<\/p>\n<p>Entre sus presentaciones se destacan el Festival y Mundial de Tango 2018 y el quinto Encontro Brasileiro de Trompistas en Porto Alegre. Durante 2019 Bayres Horns realizar\u00e1 su primera gira europea participando en el vig\u00e9simo Italian Brass Week Festival, en Florencia (Italia).<\/p>\n<p>Las entradas se podr\u00e1n retirar a partir del viernes 15 de marzo de 9 a 20 horas en la boleter\u00eda del Teatro Col\u00f3n, Tucum\u00e1n 1171 (4378-7109). Se entregar\u00e1n <strong>2 localidades por persona<\/strong> hasta completar la capacidad de la sala.<\/p>\n<p><img decoding=\"async\" loading=\"lazy\" class=\"\" src=\"http:\/\/diario5.com.ar\/wp-content\/uploads\/2019\/03\/foto_-_bayres_horns.jpg\" alt=\"\" width=\"608\" height=\"457\" \/><\/p>","protected":false},"excerpt":{"rendered":"<p>El fin de semana, el Teatro Col\u00f3n ofrecer\u00e1 dos propuestas art\u00edsticas gratuitas imperdibles, con la presentaci\u00f3n de los alumnos de la carrera de canto del Instituto Superior de Arte y la agrupaci\u00f3n Bayres Horns . Entrada gratuita, con previo retiro de localidades. Instituto Superior de Arte El s\u00e1bado 16 de marzo a las 17, el [&hellip;]<\/p>","protected":false},"author":8,"featured_media":610113,"comment_status":"open","ping_status":"closed","sticky":false,"template":"","format":"standard","meta":[],"categories":[5],"tags":[],"series":[],"_links":{"self":[{"href":"https:\/\/www.diario5.com.ar\/es\/wp-json\/wp\/v2\/posts\/610112"}],"collection":[{"href":"https:\/\/www.diario5.com.ar\/es\/wp-json\/wp\/v2\/posts"}],"about":[{"href":"https:\/\/www.diario5.com.ar\/es\/wp-json\/wp\/v2\/types\/post"}],"author":[{"embeddable":true,"href":"https:\/\/www.diario5.com.ar\/es\/wp-json\/wp\/v2\/users\/8"}],"replies":[{"embeddable":true,"href":"https:\/\/www.diario5.com.ar\/es\/wp-json\/wp\/v2\/comments?post=610112"}],"version-history":[{"count":1,"href":"https:\/\/www.diario5.com.ar\/es\/wp-json\/wp\/v2\/posts\/610112\/revisions"}],"predecessor-version":[{"id":610186,"href":"https:\/\/www.diario5.com.ar\/es\/wp-json\/wp\/v2\/posts\/610112\/revisions\/610186"}],"wp:featuredmedia":[{"embeddable":true,"href":"https:\/\/www.diario5.com.ar\/es\/wp-json\/wp\/v2\/media\/610113"}],"wp:attachment":[{"href":"https:\/\/www.diario5.com.ar\/es\/wp-json\/wp\/v2\/media?parent=610112"}],"wp:term":[{"taxonomy":"category","embeddable":true,"href":"https:\/\/www.diario5.com.ar\/es\/wp-json\/wp\/v2\/categories?post=610112"},{"taxonomy":"post_tag","embeddable":true,"href":"https:\/\/www.diario5.com.ar\/es\/wp-json\/wp\/v2\/tags?post=610112"},{"taxonomy":"series","embeddable":true,"href":"https:\/\/www.diario5.com.ar\/es\/wp-json\/wp\/v2\/series?post=610112"}],"curies":[{"name":"wp","href":"https:\/\/api.w.org\/{rel}","templated":true}]}}