{"id":608724,"date":"2019-01-30T08:04:49","date_gmt":"2019-01-30T11:04:49","guid":{"rendered":"http:\/\/diario5.com.ar\/?p=608724"},"modified":"2019-02-05T13:57:09","modified_gmt":"2019-02-05T16:57:09","slug":"se-viene-la-bienal-arte-joven-buenos-aires-2019-con-mas-de-250-artistas","status":"publish","type":"post","link":"https:\/\/www.diario5.com.ar\/es\/se-viene-la-bienal-arte-joven-buenos-aires-2019-con-mas-de-250-artistas\/","title":{"rendered":"Convocatoria a la Bienal Arte Joven Buenos Aires 2019"},"content":{"rendered":"<h2 class=\"sub-title-primary\"><\/h2> <h4>Arranca pasado Ma\u00f1ana, 1 de febrero.<\/h4>\n<p>Es la convocatoria abierta de una nueva edici\u00f3n de la <strong>Bienal Arte Joven Buenos Aires<\/strong>. Se abrir\u00e1n un total de 10 convocatorias destinadas a artistas, de entre 18 y 32 a\u00f1os de edad, que podr\u00e1n postularse con un proyecto para producir o a trav\u00e9s de una obra pre-existente en cinco disciplinas: <strong>visuales, esc\u00e9nicas, audiovisuales, m\u00fasica y literatura<\/strong>.<\/p>\n<p>Esta Bienal contar\u00e1 con m\u00e1s de 250 artistas.\u00a0La inscripci\u00f3n se realiza online hasta el 7 de marzo en <a href=\"https:\/\/bienal.buenosaires.gob.ar\/convocatorias\/\" target=\"_blank\" rel=\"noopener\"> https:\/\/bienal.buenosaires.gob.ar\/convocatorias<\/a>,<\/p>\n<p>All\u00ed se pueden consultar los materiales y condiciones generales de cada convocatoria.\u00a0La inscripci\u00f3n online ser\u00e1 del 1\u00ba de febrero al 7 de marzo.<\/p>\n<p>En esta edici\u00f3n de La Bienal <strong>se seleccionar\u00e1n m\u00e1s de 250 artistas<\/strong> que exhibir\u00e1n sus producciones y participar\u00e1n de procesos de formaci\u00f3n y creaci\u00f3n a lo largo del a\u00f1o. Se desarrollar\u00e1n 18 proyectos mediante financiamiento, apoyo t\u00e9cnico y log\u00edstico y programas de tutor\u00edas: se inaugurar\u00e1n 4 muestras individuales de artistas visuales, se estrenar\u00e1n 3 proyectos de experimentaci\u00f3n audiovisual y 5 obras esc\u00e9nicas, se editar\u00e1n 3 novelas y se producir\u00e1n 3 discos.<\/p>\n<p><img decoding=\"async\" loading=\"lazy\" class=\"\" title=\"\" src=\"http:\/\/diario5.com.ar\/wp-content\/uploads\/2019\/01\/9_-la_bienal_1-1.jpg\" alt=\"\" width=\"562\" height=\"374\" \/><\/p>\n<p>En <strong>junio se anunciar\u00e1 qui\u00e9nes ser\u00e1n los bienalistas<\/strong> de esta nueva edici\u00f3n, seleccionados por grandes referentes de cada disciplina como: Alejandra Aguado, Juliana Iriart, Pablo Siquier, Os\u00edas Yanov, Tain\u00e1 Azeredo, Pauline Fondevila, Luc\u00eda Delfino y Joaqu\u00edn Aras en visuales; Ciro Zorzoli, Valeria Kovadloff, Gonzalo Demar\u00eda, Florencia Vecino, Lorena Vega y Gonzalo C\u00f3rdova en esc\u00e9nicas; Iv\u00e1n Fund, Melanie Schapiro, Mariano Luque, Ignacio Masllorens, Macarena Albalustri, Florencia Percia, Federico Pintos y Sebasti\u00e1n Schjaer en audiovisuales; Carla Cueto, Agust\u00edn Contepomi, Luis Gurevich, Mat\u00edas Cella, Lucy Patan\u00e9, Mariela Crocci, Santi Torres, Richi Jahni, Susana Fern\u00e1ndez Iogha y Willy Bray en m\u00fasica; Selva Almada, Felix Bruzzone, Federico Falco, Vera Giaconi, Dami\u00e1n Tabarovsky, Roberta Iannamico, Alejandro Crotto, Dami\u00e1n R\u00edos y Mariano Blatt en literatura.<\/p>\n<blockquote><p><a href=\"https:\/\/bienal.buenosaires.gob.ar\/convocatorias\/\" target=\"_blank\" rel=\"noopener\">Inscribite en La Bienal<\/a><\/p><\/blockquote>\n<p>En agosto se realizar\u00e1 el <strong>Campus Bienal<\/strong>, integrado por cinco Programas intensivos de formaci\u00f3n interdisciplinaria del que participan los artistas seleccionados en La Bienal junto a artistas internacionales invitados a la Residencia Internacional Campus Bienal.<\/p>\n<p><img decoding=\"async\" loading=\"lazy\" class=\"\" title=\"\" src=\"http:\/\/diario5.com.ar\/wp-content\/uploads\/2019\/01\/2-_la_bienal-1.jpg\" alt=\"\" width=\"569\" height=\"379\" \/><\/p>\n<p>Todas las obras ser\u00e1n presentadas en septiembre, durante el gran evento de exhibici\u00f3n de La Bienal en el que los artistas seleccionados de todas las disciplinas compartir\u00e1n sus creaciones con la Ciudad. Ser\u00e1 entre el <strong>25 al 29 de septiembre con sede central en el Centro Cultural Recoleta<\/strong>, a treinta a\u00f1os de la primera Bienal de Arte Joven, que tambi\u00e9n tuvo lugar en el Recoleta, en 1989.<\/p>\n<blockquote><p>Todas las obras ser\u00e1n presentadas en septiembre en el Centro Cultural Recoleta.<\/p><\/blockquote>\n<p>Algunas de las <strong>residencias y programas<\/strong> de las que participar\u00e1n los bienalistas ganadores de esta edici\u00f3n de La Bienal son: Lincoln Center (New York), Doc Lisboa (Lisboa), Hangar Lisboa (Lisboa), M\u00e1rgenes (Madrid), Talent Campus (Buenos Aires), El\u00edas Querejeta Zine Eskola (San Sebasti\u00e1n), Odin Teatret (Holstebro), Urra (Tigre), Hangar.org (Barcelona), Casa Tres Patios (Medell\u00edn), Piv\u00f3 (San Pablo), Mundo Dios (Mar del Plata) y Vila Sul &#8211; Goethe-Institut (San Salvador de Bah\u00eda).<\/p>\n<p><img decoding=\"async\" loading=\"lazy\" class=\"\" title=\"\" src=\"http:\/\/diario5.com.ar\/wp-content\/uploads\/2019\/01\/4-la_bienal-1.jpg\" alt=\"\" width=\"569\" height=\"379\" \/><\/p>\n<p>\u201cNos entusiasma mucho esta convocatoria, porque el motor de la Bienal es la energ\u00eda que surge de los bienalistas y sus proyectos, en contacto creativo con los artistas consagrados que los ayudan a crecer y seleccionan y entre sus pares. Cada Bienal tiene un esp\u00edritu \u00fanico y nuevo. El llamado a la convocatoria tiene la euforia de lo que empieza y no para\u201d, dijo Luciana Blasco, Subsecretaria de pol\u00edticas culturales y nuevas audiencias.<\/p>\n<p><strong>Luciana Blasco<\/strong>, Subsecretaria de pol\u00edticas culturales y nuevas audiencias dijo estar entusiasmada por esta convocatoria, porque \u00abel motor de la Bienal es la energ\u00eda que surge de los bienalistas y sus proyectos\u00bb.<\/p>\n<p><img decoding=\"async\" loading=\"lazy\" class=\"\" title=\"\" src=\"http:\/\/diario5.com.ar\/wp-content\/uploads\/2019\/01\/1-_la_bienal-1.jpg\" alt=\"\" width=\"574\" height=\"382\" \/><\/p>\n<hr \/>\n<h2>Convocatorias<\/h2>\n<blockquote><p>Visuales<\/p><\/blockquote>\n<p><strong>Muestra individual<\/strong><\/p>\n<p>Un comit\u00e9 integrado por Alejandra Aguado, Juliana Iriart y Pablo Siquier seleccionar\u00e1 y acompa\u00f1ar\u00e1 el proceso de creaci\u00f3n de 4 proyectos art\u00edsticos in\u00e9ditos -de t\u00e9cnica libre y sin distinci\u00f3n de g\u00e9nero- que acceder\u00e1n a un espacio de taller, un programa de tutor\u00edas y financiamiento de $130.000 para su desarrollo y producci\u00f3n. Cada uno de los proyectos se exhibir\u00e1 durante La Bienal en una muestra individual en el Centro Cultural Recoleta.<\/p>\n<p><strong>Artistas visuales<\/strong><\/p>\n<p>Un comit\u00e9 integrado por Os\u00edas Yanov, Tain\u00e1 Azeredo, Pauline Fondevila, Luc\u00eda Delfino y Joaqu\u00edn Aras seleccionar\u00e1 25 artistas visuales con obras de t\u00e9cnica libre y sin distinci\u00f3n de g\u00e9nero -pintura, dibujo, grabado, escultura, fotograf\u00eda, video, video instalaci\u00f3n, instalaci\u00f3n, performance, etc.- que acceder\u00e1n al Campus Bienal, exhibir\u00e1n sus obras en una muestra colectiva durante La Bienal en el Centro Cultural Recoleta y competir\u00e1n por 5 becas de formaci\u00f3n nacionales e internacionales.<\/p>\n<p><img decoding=\"async\" loading=\"lazy\" class=\"\" title=\"\" src=\"http:\/\/diario5.com.ar\/wp-content\/uploads\/2019\/01\/5-_la_bienal-1.jpg\" alt=\"\" width=\"560\" height=\"373\" \/><\/p>\n<blockquote><p>Esc\u00e9nicas<\/p><\/blockquote>\n<p><strong>Producci\u00f3n de obra esc\u00e9nica<\/strong><\/p>\n<p>Un comit\u00e9 integrado por Ciro Zorzoli, Valeria Kovadloff y Gonzalo Demar\u00eda seleccionar\u00e1 y acompa\u00f1ar\u00e1 el proceso de creaci\u00f3n de 5 proyectos de obra de teatro, danza o interdisciplina que acceder\u00e1n a espacios de ensayo, participar\u00e1n de un programa de tutor\u00edas y recibir\u00e1n financiamiento de $180.000 para el desarrollo y producci\u00f3n. Estrenar\u00e1n en septiembre durante La Bienal en Teatro Beckett, Espacio Callej\u00f3n, Abasto Social Club, El Extranjero y El Picadero y realizar\u00e1n un ciclo de ocho presentaciones entre octubre y diciembre de 2019.<\/p>\n<p><strong>Creadores esc\u00e9nicos<\/strong><\/p>\n<p>Un comit\u00e9 integrado por Florencia Vecino, Lorena Vega y Gonzalo C\u00f3rdova seleccionar\u00e1 15 obras de teatro, danza o interdisciplina que se presentar\u00e1n en el Centro Cultural Recoleta en septiembre durante La Bienal. Los creadores esc\u00e9nicos de esas obras acceder\u00e1n al Campus Bienal. Directores, core\u00f3grafos, dramaturgos e int\u00e9rpretes competir\u00e1n por 5 becas de formaci\u00f3n en instituciones nacionales e internacionales.<\/p>\n<blockquote data-lang=\"es\">\n<p dir=\"ltr\" lang=\"es\">\u00a1Anotate en La Bienal! Convocatoria abierta: desde el 1 de febrero al 7 de marzo. <a href=\"https:\/\/t.co\/M2jvd8taXD\">https:\/\/t.co\/M2jvd8taXD<\/a> <a href=\"https:\/\/t.co\/koux2P18qn\">pic.twitter.com\/koux2P18qn<\/a><\/p>\n<p>@ La Bienal (@LaBienalBA) <a href=\"https:\/\/twitter.com\/LaBienalBA\/status\/1089892359565922305?ref_src=twsrc%5Etfw\">28 de enero de 2019<\/a><\/p><\/blockquote>\n<blockquote><p>Audiovisuales<\/p><\/blockquote>\n<p><strong>Experimentaci\u00f3n audiovisual<\/strong><\/p>\n<p>Un comit\u00e9 integrado por Iv\u00e1n Fund, Melanie Schapiro y Mariano Luque seleccionar\u00e1 y acompa\u00f1ar\u00e1 el proceso de creaci\u00f3n de 3 proyectos de experimentaci\u00f3n audiovisual que recibir\u00e1n un financiamiento de $330.000 para ser realizados en el marco de un programa de tutor\u00edas y se estrenar\u00e1n en el Centro Cultural Recoleta en septiembre durante La Bienal.<\/p>\n<p><strong>Directores audiovisuales<\/strong><\/p>\n<p>Un comit\u00e9 integrado por Ignacio Masllorens, Macarena Albalustri, Florencia Percia, Federico Pintos y Sebasti\u00e1n Schjaer seleccionar\u00e1 15 directores audiovisuales con un corto y un proyecto en desarrollo. Los seleccionados acceder\u00e1n al Campus Bienal -donde trabajar\u00e1n su proyecto-, presentar\u00e1n su cortometraje en el Centro Cultural Recoleta en septiembre durante La Bienal y competir\u00e1n por 3 becas de formaci\u00f3n en instituciones nacionales e internacionales.<\/p>\n<blockquote><p>M\u00fasica<\/p><\/blockquote>\n<p><strong>Producci\u00f3n de disco<\/strong><\/p>\n<p>Un comit\u00e9 integrado por Carla Cueto, Agust\u00edn Contepomi, Luis Gurevich, Mat\u00edas Cella y Lucy Patan\u00e9 elegir\u00e1 3 proyectos musicales a los que se les asignar\u00e1 un productor art\u00edstico -entre Gurevich, Cella y Patan\u00e9- que los acompa\u00f1ar\u00e1 en el proceso de grabaci\u00f3n, edici\u00f3n y difusi\u00f3n de un disco en formato digital, que se presentar\u00e1 en vivo en el Centro Cultural Recoleta en septiembre durante La Bienal.<\/p>\n<p><strong>Bandas y solistas<\/strong><\/p>\n<p>Un comit\u00e9 de selecci\u00f3n integrado por Mariela Crocci, Santi Torres, Richi Jahni, Susana Fern\u00e1ndez Iogha y Willy Bray elegir\u00e1 15 bandas y\/o solistas que acceder\u00e1n entre junio y septiembre a presentaciones en vivo en el ciclo Bienal en concierto, espacios de ensayo con el acompa\u00f1amiento profesional de un tutor -Barbarita Palacios y Gast\u00f3n Baremberg- y al Campus Bienal. Asimismo, las bandas y solistas seleccionados se presentar\u00e1n en vivo en el Centro Cultural Recoleta en septiembre durante La Bienal, donde competir\u00e1n por la presentaci\u00f3n en 3 festivales internacionales y nacionales.<\/p>\n<blockquote><p>Literatura<\/p><\/blockquote>\n<p><strong>Novela<\/strong><\/p>\n<p>Un comit\u00e9 integrado por Selva Almada, Felix Bruzzone y la editorial Entrop\u00eda seleccion\u00f3 8 escritores con proyectos de novela que ser\u00e1n desarrollados en una cl\u00ednica de obra con Hern\u00e1n Ronsino, de febrero a mayo de 2019. Entre las novelas terminadas, el comit\u00e9 elegir\u00e1 la novela Premio del jurado, que ser\u00e1 publicada por la editorial Entrop\u00eda y las editoriales Conejos y Notanpuan seleccionar\u00e1n otras dos novelas para su publicaci\u00f3n. Los tres libros tendr\u00e1n su presentaci\u00f3n oficial en septiembre de 2019 durante La Bienal.<\/p>\n<p><strong>Cuento y poes\u00eda<\/strong><\/p>\n<p>Comit\u00e9s integrados por Federico Falco, Vera Giaconi y Dami\u00e1n Tabarovsky en representaci\u00f3n de Mardulce, (para cuento) y Roberta Iannamico, Alejandro Crotto y Dami\u00e1n R\u00edos y Mariano Blatt como integrantes de Blatt &amp; R\u00edos (para poes\u00eda) seleccionar\u00e1n 15 cuentos y 15 poemas o series de poemas, que ser\u00e1n publicadas en dos antolog\u00edas, presentadas con diversas actividades en septiembre durante La Bienal. Los escritores seleccionados acceder\u00e1n adem\u00e1s al Campus Bienal.<\/p>\n<p><img decoding=\"async\" loading=\"lazy\" class=\"\" title=\"\" src=\"http:\/\/diario5.com.ar\/wp-content\/uploads\/2019\/01\/8-_la_bienal-1.jpg\" alt=\"\" width=\"575\" height=\"383\" \/><\/p>","protected":false},"excerpt":{"rendered":"<p>Arranca pasado Ma\u00f1ana, 1 de febrero. Es la convocatoria abierta de una nueva edici\u00f3n de la Bienal Arte Joven Buenos Aires. Se abrir\u00e1n un total de 10 convocatorias destinadas a artistas, de entre 18 y 32 a\u00f1os de edad, que podr\u00e1n postularse con un proyecto para producir o a trav\u00e9s de una obra pre-existente en [&hellip;]<\/p>","protected":false},"author":8,"featured_media":608725,"comment_status":"open","ping_status":"closed","sticky":false,"template":"","format":"standard","meta":[],"categories":[1],"tags":[],"series":[],"_links":{"self":[{"href":"https:\/\/www.diario5.com.ar\/es\/wp-json\/wp\/v2\/posts\/608724"}],"collection":[{"href":"https:\/\/www.diario5.com.ar\/es\/wp-json\/wp\/v2\/posts"}],"about":[{"href":"https:\/\/www.diario5.com.ar\/es\/wp-json\/wp\/v2\/types\/post"}],"author":[{"embeddable":true,"href":"https:\/\/www.diario5.com.ar\/es\/wp-json\/wp\/v2\/users\/8"}],"replies":[{"embeddable":true,"href":"https:\/\/www.diario5.com.ar\/es\/wp-json\/wp\/v2\/comments?post=608724"}],"version-history":[{"count":1,"href":"https:\/\/www.diario5.com.ar\/es\/wp-json\/wp\/v2\/posts\/608724\/revisions"}],"predecessor-version":[{"id":608901,"href":"https:\/\/www.diario5.com.ar\/es\/wp-json\/wp\/v2\/posts\/608724\/revisions\/608901"}],"wp:featuredmedia":[{"embeddable":true,"href":"https:\/\/www.diario5.com.ar\/es\/wp-json\/wp\/v2\/media\/608725"}],"wp:attachment":[{"href":"https:\/\/www.diario5.com.ar\/es\/wp-json\/wp\/v2\/media?parent=608724"}],"wp:term":[{"taxonomy":"category","embeddable":true,"href":"https:\/\/www.diario5.com.ar\/es\/wp-json\/wp\/v2\/categories?post=608724"},{"taxonomy":"post_tag","embeddable":true,"href":"https:\/\/www.diario5.com.ar\/es\/wp-json\/wp\/v2\/tags?post=608724"},{"taxonomy":"series","embeddable":true,"href":"https:\/\/www.diario5.com.ar\/es\/wp-json\/wp\/v2\/series?post=608724"}],"curies":[{"name":"wp","href":"https:\/\/api.w.org\/{rel}","templated":true}]}}