{"id":608713,"date":"2019-01-29T18:01:57","date_gmt":"2019-01-29T21:01:57","guid":{"rendered":"http:\/\/diario5.com.ar\/?p=608713"},"modified":"2019-02-05T14:07:19","modified_gmt":"2019-02-05T17:07:19","slug":"conectados-ba-un-festival-nuevo-joven-gratis-y-para-toda-la-familia","status":"publish","type":"post","link":"https:\/\/www.diario5.com.ar\/es\/conectados-ba-un-festival-nuevo-joven-gratis-y-para-toda-la-familia\/","title":{"rendered":"C\u00f3mo ser\u00e1 el festival \u00abConectados BA\u00bb"},"content":{"rendered":"<h2 class=\"sub-title-primary\"><\/h2> <p>La Ciudad ofrece un festival en el que presenta lo mejor de la escena local en cuanto a creadores de contenido se trata. Bandas que se crearon a trav\u00e9s de Instagram, youtubers y cuestiones de seguridad a la hora de navegar por la web, entre otras cosas, son las que forman parte de <strong>Conectados BA<\/strong>.<\/p>\n<p>Es un festival nuevo, joven, gratis y para toda la familia. Ya pasaron m\u00e1s de 70.000 personas por el evento. Esta ser\u00e1 su tercera edici\u00f3n y se llevar\u00e1 a cabo el <strong>2 y 3 de febrero en la Usina del Arte<\/strong> (Agust\u00edn Caffarena 1, La Boca), de 15 a 21.<\/p>\n<p>La Ciudad ofrece un festival en el que presenta lo mejor de la escena local en cuanto a creadores de contenido se trata.<\/p>\n<p><img decoding=\"async\" loading=\"lazy\" class=\"\" title=\"\" src=\"http:\/\/diario5.com.ar\/wp-content\/uploads\/2019\/01\/dlafzw1wsaa_53a_1.jpg\" alt=\"\" width=\"559\" height=\"419\" \/><\/p>\n<hr \/>\n<h2>Conoc\u00e9 la programaci\u00f3n<\/h2>\n<blockquote><p><strong>S\u00e1bado 2 de febrero<\/strong><\/p><\/blockquote>\n<p><img decoding=\"async\" loading=\"lazy\" class=\"\" title=\"\" src=\"http:\/\/diario5.com.ar\/wp-content\/uploads\/2019\/01\/conectados-grilla-fbsabado_ba.jpg\" alt=\"\" width=\"575\" height=\"575\" \/><\/p>\n<blockquote><p><strong>Domingo 3 de febrero<\/strong><\/p><\/blockquote>\n<p><img decoding=\"async\" loading=\"lazy\" class=\"\" title=\"\" src=\"http:\/\/diario5.com.ar\/wp-content\/uploads\/2019\/01\/conectados-grilla-fbdomingo_ba.jpg\" alt=\"\" width=\"561\" height=\"561\" \/><\/p>\n<hr \/>\n<h3>Actividades<\/h3>\n<p><strong>Escenario Fan.<\/strong> Es el principal. En \u00e9l habr\u00e1 shows de stand up y m\u00fasica, charlas y mini obras de teatro. Ser\u00e1 conducido por Diego Poggi y Zabo.<\/p>\n<p><strong>Escenario Stories.<\/strong> Es el destinado a las charlas. Entrevista a creadores de contenido, charlas sobre amor propio, impresi\u00f3n 3D, Chicas en Tecnolog\u00eda y bullying, ser\u00e1n algunas de las actividades que habr\u00e1 en ese escenario.<\/p>\n<p><strong>Zona Gamer.<\/strong> Habr\u00e1 un espacio dedicado a los videojuegos: playstations, PCs, tablets, Just Dance y arcades.<\/p>\n<p><strong>Guarder\u00eda de padres.<\/strong> Es un espacio pensado para que los padres de los chicos y chicas que asisten al festival tengan un lugar para descansar y entretenerse. Habr\u00e1 foodtubers y charlas pensadas especialmente para ellos.<\/p>\n<p><strong>Patio Gastron\u00f3mico.<\/strong> Una zona llena con diferentes foodtrucks para que cualquiera pueda tener un lugar donde comer sin tener que salir del predio.<\/p>\n<p><strong>Arm\u00e1 tu look.<\/strong> En uno de los locales bajo autopista estar\u00e1 Prana cortando el pelo y ti\u00f1endo de diferentes colores a todos aquellos que quieran cambiarse el look. Tambi\u00e9n contaremos con un espacio de maquillaje art\u00edstico, maquillaje de FX y tatuajes de gena.<\/p>\n<p><strong>Restricciones.<\/strong>Los menores deber\u00e1n entrar en compa\u00f1\u00eda de un adulto. No se puede ingresar con bebidas alcoh\u00f3licas ni sustancias t\u00f3xicas.<\/p>\n<p><strong>Importante:<\/strong> Todas las actividades son gratuitas.<\/p>\n<p><img decoding=\"async\" loading=\"lazy\" class=\"\" title=\"\" src=\"http:\/\/diario5.com.ar\/wp-content\/uploads\/2019\/01\/dlafzw6xoay6gha_0.jpg\" alt=\"\" width=\"549\" height=\"412\" \/><\/p>","protected":false},"excerpt":{"rendered":"<p>La Ciudad ofrece un festival en el que presenta lo mejor de la escena local en cuanto a creadores de contenido se trata. Bandas que se crearon a trav\u00e9s de Instagram, youtubers y cuestiones de seguridad a la hora de navegar por la web, entre otras cosas, son las que forman parte de Conectados BA. [&hellip;]<\/p>","protected":false},"author":8,"featured_media":608714,"comment_status":"open","ping_status":"closed","sticky":false,"template":"","format":"standard","meta":[],"categories":[1],"tags":[],"series":[],"_links":{"self":[{"href":"https:\/\/www.diario5.com.ar\/es\/wp-json\/wp\/v2\/posts\/608713"}],"collection":[{"href":"https:\/\/www.diario5.com.ar\/es\/wp-json\/wp\/v2\/posts"}],"about":[{"href":"https:\/\/www.diario5.com.ar\/es\/wp-json\/wp\/v2\/types\/post"}],"author":[{"embeddable":true,"href":"https:\/\/www.diario5.com.ar\/es\/wp-json\/wp\/v2\/users\/8"}],"replies":[{"embeddable":true,"href":"https:\/\/www.diario5.com.ar\/es\/wp-json\/wp\/v2\/comments?post=608713"}],"version-history":[{"count":1,"href":"https:\/\/www.diario5.com.ar\/es\/wp-json\/wp\/v2\/posts\/608713\/revisions"}],"predecessor-version":[{"id":608908,"href":"https:\/\/www.diario5.com.ar\/es\/wp-json\/wp\/v2\/posts\/608713\/revisions\/608908"}],"wp:featuredmedia":[{"embeddable":true,"href":"https:\/\/www.diario5.com.ar\/es\/wp-json\/wp\/v2\/media\/608714"}],"wp:attachment":[{"href":"https:\/\/www.diario5.com.ar\/es\/wp-json\/wp\/v2\/media?parent=608713"}],"wp:term":[{"taxonomy":"category","embeddable":true,"href":"https:\/\/www.diario5.com.ar\/es\/wp-json\/wp\/v2\/categories?post=608713"},{"taxonomy":"post_tag","embeddable":true,"href":"https:\/\/www.diario5.com.ar\/es\/wp-json\/wp\/v2\/tags?post=608713"},{"taxonomy":"series","embeddable":true,"href":"https:\/\/www.diario5.com.ar\/es\/wp-json\/wp\/v2\/series?post=608713"}],"curies":[{"name":"wp","href":"https:\/\/api.w.org\/{rel}","templated":true}]}}