{"id":608707,"date":"2019-01-29T12:50:58","date_gmt":"2019-01-29T15:50:58","guid":{"rendered":"http:\/\/diario5.com.ar\/?p=608707"},"modified":"2019-02-05T14:10:15","modified_gmt":"2019-02-05T17:10:15","slug":"verano-2019-actividades-en-los-parques-para-disfrutar-al-aire-libre","status":"publish","type":"post","link":"https:\/\/www.diario5.com.ar\/es\/verano-2019-actividades-en-los-parques-para-disfrutar-al-aire-libre\/","title":{"rendered":"Verano en  parques"},"content":{"rendered":"<h2 class=\"sub-title-primary\"><\/h2> <p>De lunes a jueves a las 20 en los parques Patricios, Los Andes, Chacabuco, Saavedra se realizan distintas actividades incluidas dentro del ciclo Verano en la Ciudad 2019.<\/p>\n<p>Los lunes \u201cSecretos de Cocina\u201d ofrece clases de cocina donde los mejores cocineros argentinos ense\u00f1an sus trucos y recetas, acompa\u00f1ados por buena m\u00fasica. Los martes hay \u201cMusicales de Bolsillo: Romeo y Julieta\u201d, una actividad que invita a los vecinos a recrear una de las m\u00e1s conocidas piezas del repertorio teatral musical. Los mi\u00e9rcoles, \u201cLa pista de baile\u201d ofrece m\u00fasica en vivo, clases y concursos de baile y los jueves \u201cTodo por lxs chicxs\u201d, con actividades destinadas al p\u00fablico infantil.<\/p>\n<p>Todas las actividades son gratuitas.<\/p>\n<p><img decoding=\"async\" loading=\"lazy\" class=\"\" title=\"\" src=\"http:\/\/diario5.com.ar\/wp-content\/uploads\/2019\/01\/1006_afs_vc_percusion_claseswing_dj_parque_lezama_090119img_9900_1-2.jpg\" alt=\"\" width=\"554\" height=\"369\" \/><\/p>\n<hr \/>\n<h2>Secretos de Cocina<\/h2>\n<p>Los lunes de verano, en los diferentes Parques de la Ciudad, los mejores cocineros argentinos te ense\u00f1an sus trucos, te pasan nuevas recetas y te pasan sus t\u00e9cnicas a la luz de la luna mientras escuch\u00e1s buena m\u00fasica. Semana a semana se recorre la gastronom\u00eda de distintos puntos del pa\u00eds, invitando a los vecinos a conocer secretos, tips y nuevos productos gastron\u00f3micos de las regiones argentinas. Los mejores cocineros argentinos revelan sus trucos<\/p>\n<ul>\n<li>Lunes 4 de febrero &#8211; 20 hs &#8211; Parque Saavedra: Alan Disavia (Master Chef).(Regi\u00f3n Patagonia).<\/li>\n<li>Lunes 11 de febrero &#8211; 20 hs &#8211; Parque Patricios: Felicitas Pizarro (Foodtuber. Ganadora del premio Jamie Olivier) revelar\u00e1 los secretos de todas las regiones del pa\u00eds. <a href=\"https:\/\/disfrutemosba.buenosaires.gob.ar\/evento\/secretos-de-cocina\/3268\/\" target=\"_blank\" rel=\"noopener\">M\u00e1s detalles<\/a><\/li>\n<\/ul>\n<p><img decoding=\"async\" loading=\"lazy\" class=\"\" title=\"\" src=\"http:\/\/diario5.com.ar\/wp-content\/uploads\/2019\/01\/1000_afs_vc_damianbetular_20190107_img_2837-pano-2.jpg\" alt=\"\" width=\"557\" height=\"371\" \/><\/p>\n<hr \/>\n<h2>Teatro musical: Romeo y Julieta de bolsillo<\/h2>\n<p>Una versi\u00f3n de Romeo y Julieta, cantada, bailada y para toda la familia. Una actividad al aire libre para disfrutar del mejor teatro musical independiente todos los martes de verano en los parques de la Ciudad.<\/p>\n<blockquote><p>Shakespeare para toda la familia<\/p><\/blockquote>\n<ul>\n<li><strong>Martes 29 de enero &#8211; 20 hs &#8211; Parque Chacabuco<\/strong><\/li>\n<li>Martes 05 de febrero &#8211; 20 hs &#8211; Parque Saavedra<\/li>\n<li>Martes 12 de febrero &#8211; 20 hs &#8211; Parque Patricios<\/li>\n<\/ul>\n<ul>\n<li><a href=\"https:\/\/disfrutemosba.buenosaires.gob.ar\/evento\/romeo-y-julieta-de-bolsillo\/3265\/\" target=\"_blank\" rel=\"noopener\">M\u00e1s informaci\u00f3n<\/a><\/li>\n<\/ul>\n<p><img decoding=\"async\" loading=\"lazy\" class=\"\" title=\"\" src=\"http:\/\/diario5.com.ar\/wp-content\/uploads\/2019\/01\/1011_afs_vc_romeojulieta_20190108_img_3099-2.jpg\" alt=\"\" width=\"566\" height=\"377\" \/><\/p>\n<hr \/>\n<h2>Ven\u00ed a bailar<\/h2>\n<p>Todos los mi\u00e9rcoles los parques se transforman en una gran pista de baile para disfrutar en familia. <strong>M\u00fasicos en vivo, clases, concursos de baile y Djs<\/strong>. Una noche divertida a todo ritmo.<\/p>\n<ul>\n<li><strong>Mi\u00e9rcoles 30 de enero &#8211; 20 hs &#8211; Parque Chacabuco:<\/strong> presentaci\u00f3n en vivo de GPS (liderada por Santiago V\u00e1zquez) junto a los alumnos de los talleres de percusi\u00f3n de Arte en Barrios, sets para bailar por La Romy Dj y Clases de Swing a cargo de Baila Swing.<\/li>\n<li>Mi\u00e9rcoles 6 de febrero &#8211; 20 hs &#8211; Parque Saavedra: presentaci\u00f3n en vivo de GPS (liderada por Santiago V\u00e1zquez) junto a los alumnos de los talleres de percusi\u00f3n de Arte en Barrios, sets para bailar por Dj Sneed &amp; Larsen y Clases de Swing a cargo de Baila Swing.<\/li>\n<li>Mi\u00e9rcoles 13 de febrero &#8211; 20 hs &#8211; Parque Patricios: presentaci\u00f3n en vivo de GPS (liderada por Santiago V\u00e1zquez) junto a los alumnos de los talleres de percusi\u00f3n de Arte en Barrios, sets para bailar por Dj Pato Smink y Clases de Swing a cargo de Baila Swing.<\/li>\n<li><a href=\"https:\/\/disfrutemosba.buenosaires.gob.ar\/evento\/veni-a-bailar\/3271\/\" target=\"_blank\" rel=\"noopener\">M\u00e1s informaci\u00f3n<\/a><\/li>\n<\/ul>\n<p><img decoding=\"async\" loading=\"lazy\" class=\"\" title=\"\" src=\"http:\/\/diario5.com.ar\/wp-content\/uploads\/2019\/01\/1004_afs_vc_percusion_claseswing_dj_parque_lezama_090119img_9882-2.jpg\" alt=\"\" width=\"572\" height=\"381\" \/><\/p>\n<hr \/>\n<p>Los jueves de verano, <strong>los mejores espect\u00e1culos<\/strong> para chicos est\u00e1n en los parques de la Ciudad para cantar, bailar y divertirse a la luz de la luna.<\/p>\n<ul>\n<li><strong>Jueves 31 de enero &#8211; 20 hs &#8211; Parque Chacabuco: Gertrudis y Perrovaca<\/strong><\/li>\n<li>Jueves 07 de febrero &#8211; 20 hs &#8211; Parque Saavedra: Gertrudis y Perrovaca<\/li>\n<li>Jueves 14 de febrero &#8211; 20 hs &#8211; Parque Patricios: Tito y coloso<\/li>\n<\/ul>\n<blockquote><p><a href=\"https:\/\/disfrutemosba.buenosaires.gob.ar\/evento\/infantiles-de-verano\/3254\/\" target=\"_blank\" rel=\"noopener\">M\u00e1s informaci\u00f3n<\/a><\/p><\/blockquote>\n<p><img decoding=\"async\" loading=\"lazy\" class=\"\" title=\"\" src=\"http:\/\/diario5.com.ar\/wp-content\/uploads\/2019\/01\/1006_afs_vc_duo_karma_parque_lezama_100119img_0249-pano_0-2.jpg\" alt=\"\" width=\"565\" height=\"376\" \/><\/p>","protected":false},"excerpt":{"rendered":"<p>De lunes a jueves a las 20 en los parques Patricios, Los Andes, Chacabuco, Saavedra se realizan distintas actividades incluidas dentro del ciclo Verano en la Ciudad 2019. Los lunes \u201cSecretos de Cocina\u201d ofrece clases de cocina donde los mejores cocineros argentinos ense\u00f1an sus trucos y recetas, acompa\u00f1ados por buena m\u00fasica. Los martes hay \u201cMusicales [&hellip;]<\/p>","protected":false},"author":8,"featured_media":608708,"comment_status":"open","ping_status":"closed","sticky":false,"template":"","format":"standard","meta":[],"categories":[1],"tags":[],"series":[],"_links":{"self":[{"href":"https:\/\/www.diario5.com.ar\/es\/wp-json\/wp\/v2\/posts\/608707"}],"collection":[{"href":"https:\/\/www.diario5.com.ar\/es\/wp-json\/wp\/v2\/posts"}],"about":[{"href":"https:\/\/www.diario5.com.ar\/es\/wp-json\/wp\/v2\/types\/post"}],"author":[{"embeddable":true,"href":"https:\/\/www.diario5.com.ar\/es\/wp-json\/wp\/v2\/users\/8"}],"replies":[{"embeddable":true,"href":"https:\/\/www.diario5.com.ar\/es\/wp-json\/wp\/v2\/comments?post=608707"}],"version-history":[{"count":1,"href":"https:\/\/www.diario5.com.ar\/es\/wp-json\/wp\/v2\/posts\/608707\/revisions"}],"predecessor-version":[{"id":608910,"href":"https:\/\/www.diario5.com.ar\/es\/wp-json\/wp\/v2\/posts\/608707\/revisions\/608910"}],"wp:featuredmedia":[{"embeddable":true,"href":"https:\/\/www.diario5.com.ar\/es\/wp-json\/wp\/v2\/media\/608708"}],"wp:attachment":[{"href":"https:\/\/www.diario5.com.ar\/es\/wp-json\/wp\/v2\/media?parent=608707"}],"wp:term":[{"taxonomy":"category","embeddable":true,"href":"https:\/\/www.diario5.com.ar\/es\/wp-json\/wp\/v2\/categories?post=608707"},{"taxonomy":"post_tag","embeddable":true,"href":"https:\/\/www.diario5.com.ar\/es\/wp-json\/wp\/v2\/tags?post=608707"},{"taxonomy":"series","embeddable":true,"href":"https:\/\/www.diario5.com.ar\/es\/wp-json\/wp\/v2\/series?post=608707"}],"curies":[{"name":"wp","href":"https:\/\/api.w.org\/{rel}","templated":true}]}}