{"id":608690,"date":"2019-01-28T17:11:06","date_gmt":"2019-01-28T20:11:06","guid":{"rendered":"http:\/\/diario5.com.ar\/?p=608690"},"modified":"2019-02-05T14:13:13","modified_gmt":"2019-02-05T17:13:13","slug":"grandes-musicales-de-hollywood-a-nuevo-en-la-sala-lugones","status":"publish","type":"post","link":"https:\/\/www.diario5.com.ar\/es\/grandes-musicales-de-hollywood-a-nuevo-en-la-sala-lugones\/","title":{"rendered":"Hollywood en la Lugones"},"content":{"rendered":"<h2 class=\"sub-title-primary\"><\/h2> <p>Se trata de un ciclo organizado por El Complejo Teatral de Buenos Aires y la Fundaci\u00f3n Cinemateca Argentina.Fue uno de los exitosos de la temporada 2018 de la Sala Leopoldo Lugones para iniciar la temporada 2019, All singing! All dancing! &#8211; Grandes musicales de Hollywood a nuevo, que se llevar\u00e1 a cabo del viernes 1\u00b0 al viernes 15 de febrero, siempre en la Sala Lugones del Teatro San Mart\u00edn (Avda. Corrientes 1530).<\/p>\n<p>El programa est\u00e1 integrado por quince largometraje<strong>s<\/strong> &#8211; en copias recientemente restauradas &#8211; producidos durante la era dorada del musical hollywoodense, desde comienzos de los a\u00f1os 30 a finales de los 50.<\/p>\n<blockquote><p>El ciclo est\u00e1 integrado por quince largometrajes, en copias recientemente restauradas.<\/p><\/blockquote>\n<p><img decoding=\"async\" loading=\"lazy\" class=\"\" title=\"\" src=\"http:\/\/diario5.com.ar\/wp-content\/uploads\/2019\/01\/cantando_bajo_la_lluvia_1.jpg\" alt=\"\" width=\"565\" height=\"423\" \/><\/p>\n<p>Con algunos desv\u00edos tempranos en la factor\u00eda Warner y la inclusi\u00f3n de <em>Amor sin barreras<\/em> &#8211; para muchos historiadores, el inicio de otra era, post cl\u00e1sica -, el ciclo se concentra en la producci\u00f3n de la poderosa Metro Goldwyn Mayer y, en particular, en realizadores como Vincente Minnelli (representado por cinco films) y Stanley Donen (cuatro largometrajes). Tambi\u00e9n lo integran <strong>estrellas eternas del musical como Gene Kelly, Judy Garland y Fred Astaire<\/strong>.<\/p>\n<blockquote><p><a href=\"https:\/\/complejoteatral.gob.ar\/ver\/ALL-SINGING!-ALL-DANCING!%20-GRANDES-MUSICALES-DE-HOLLYWOOD-A-NUEVO%202019\/\" target=\"_blank\" rel=\"noopener\">M\u00e1s informaci\u00f3n<\/a><\/p><\/blockquote>\n<p>Las localidades podr\u00e1n adquirirse personalmente, el d\u00eda de la funci\u00f3n, en las boleter\u00edas ubicadas en el Teatro San Mart\u00edn. El precio es de $60, estudiantes y jubilados $30 (con la acreditaci\u00f3n correspondiente).<\/p>\n<p><img decoding=\"async\" loading=\"lazy\" class=\"\" title=\"\" src=\"http:\/\/diario5.com.ar\/wp-content\/uploads\/2019\/01\/brindis_al_amor_1.jpg\" alt=\"\" width=\"573\" height=\"434\" \/><\/p>\n<blockquote><p>Toda la programaci\u00f3n:<\/p><\/blockquote>\n<ul>\n<li>Viernes 1\u00b0: <strong>La calle 42<\/strong>. A las 14, 16.30, 19 y 21.30 horas.<\/li>\n<li>S\u00e1bado 2: <strong>El mago de Oz<\/strong>. A las 14, 16.30, 19 y 21.30 horas.<\/li>\n<li>Domingo 3: <strong>La rueda de la fortuna<\/strong>. A las 14, 16.30, 19 y 21.30 horas.<\/li>\n<li>Lunes 4: <strong>Intermezzo l\u00edrico<\/strong>. A las 14, 16.30, 19 y 21.30 horas.<\/li>\n<li>Martes 5: <strong>Un d\u00eda en Nueva York<\/strong>. A las 14, 16.30, 19 y 21.30 horas.<\/li>\n<li>Mi\u00e9rcoles 6: <strong>Sinfon\u00eda de Par\u00eds<\/strong>. A las 14, 16.30, 19 y 21.30 horas.<\/li>\n<li>Jueves 7: <strong>Cantando bajo la lluvia<\/strong>. A las 14, 16.30, 19 y 21.30 horas.<\/li>\n<li>Viernes 8: <strong>Brindis al amor<\/strong>. A las 14, 16.30, 19 y 21.30 horas.<\/li>\n<li>S\u00e1bado 9: <strong>Brigadoon<\/strong>. A las 14, 16.30, 19 y 21.30 horas.<\/li>\n<li>Domingo 10: <strong>Siete novias para siete hermanos<\/strong>. A las 14, 16.30, 19 y 21.30 horas.<\/li>\n<li>Lunes 11: <strong>Carmen de fuego<\/strong>. A las 14, 16.30, 19 y 21.30 horas.<\/li>\n<li>Martes 12: <strong>La Cenicienta en Par\u00eds<\/strong>. A las 14, 16.30, 19 y 21.30 horas.<\/li>\n<li>Mi\u00e9rcoles 13: <strong>Les Girls<\/strong>. A las 14, 16.30, 19 y 21.30 horas.<\/li>\n<li>Jueves 14: <strong>Gigi<\/strong>. A las 14, 16.30, 19 y 21.30 horas.<\/li>\n<li>Viernes 15: <strong>Amor sin barreras<\/strong>. A las 14, 17 y 20 horas.<\/li>\n<\/ul>\n<p><img decoding=\"async\" loading=\"lazy\" class=\"\" title=\"\" src=\"http:\/\/diario5.com.ar\/wp-content\/uploads\/2019\/01\/sinfonia_de_paris_1.jpg\" alt=\"\" width=\"569\" height=\"354\" \/><\/p>","protected":false},"excerpt":{"rendered":"<p>Se trata de un ciclo organizado por El Complejo Teatral de Buenos Aires y la Fundaci\u00f3n Cinemateca Argentina.Fue uno de los exitosos de la temporada 2018 de la Sala Leopoldo Lugones para iniciar la temporada 2019, All singing! All dancing! &#8211; Grandes musicales de Hollywood a nuevo, que se llevar\u00e1 a cabo del viernes 1\u00b0 [&hellip;]<\/p>","protected":false},"author":8,"featured_media":608691,"comment_status":"open","ping_status":"closed","sticky":false,"template":"","format":"standard","meta":[],"categories":[1],"tags":[],"series":[],"_links":{"self":[{"href":"https:\/\/www.diario5.com.ar\/es\/wp-json\/wp\/v2\/posts\/608690"}],"collection":[{"href":"https:\/\/www.diario5.com.ar\/es\/wp-json\/wp\/v2\/posts"}],"about":[{"href":"https:\/\/www.diario5.com.ar\/es\/wp-json\/wp\/v2\/types\/post"}],"author":[{"embeddable":true,"href":"https:\/\/www.diario5.com.ar\/es\/wp-json\/wp\/v2\/users\/8"}],"replies":[{"embeddable":true,"href":"https:\/\/www.diario5.com.ar\/es\/wp-json\/wp\/v2\/comments?post=608690"}],"version-history":[{"count":1,"href":"https:\/\/www.diario5.com.ar\/es\/wp-json\/wp\/v2\/posts\/608690\/revisions"}],"predecessor-version":[{"id":608912,"href":"https:\/\/www.diario5.com.ar\/es\/wp-json\/wp\/v2\/posts\/608690\/revisions\/608912"}],"wp:featuredmedia":[{"embeddable":true,"href":"https:\/\/www.diario5.com.ar\/es\/wp-json\/wp\/v2\/media\/608691"}],"wp:attachment":[{"href":"https:\/\/www.diario5.com.ar\/es\/wp-json\/wp\/v2\/media?parent=608690"}],"wp:term":[{"taxonomy":"category","embeddable":true,"href":"https:\/\/www.diario5.com.ar\/es\/wp-json\/wp\/v2\/categories?post=608690"},{"taxonomy":"post_tag","embeddable":true,"href":"https:\/\/www.diario5.com.ar\/es\/wp-json\/wp\/v2\/tags?post=608690"},{"taxonomy":"series","embeddable":true,"href":"https:\/\/www.diario5.com.ar\/es\/wp-json\/wp\/v2\/series?post=608690"}],"curies":[{"name":"wp","href":"https:\/\/api.w.org\/{rel}","templated":true}]}}