{"id":608544,"date":"2019-01-22T12:02:43","date_gmt":"2019-01-22T15:02:43","guid":{"rendered":"http:\/\/diario5.com.ar\/?p=608544"},"modified":"2019-01-22T21:33:43","modified_gmt":"2019-01-23T00:33:43","slug":"comienza-el-festival-internacional-de-buenos-aires-con-220-espectaculos-y-mas-de-2-mil-artistas","status":"publish","type":"post","link":"https:\/\/www.diario5.com.ar\/es\/comienza-el-festival-internacional-de-buenos-aires-con-220-espectaculos-y-mas-de-2-mil-artistas\/","title":{"rendered":"Comienza el  FIBA"},"content":{"rendered":"<h2 class=\"sub-title-primary\"><\/h2> <p><img decoding=\"async\" loading=\"lazy\" class=\"alignright\" title=\"\" src=\"http:\/\/diario5.com.ar\/wp-content\/uploads\/2019\/01\/the_new_colossus_jeanette_horn_pierre_adeli_marhka_wolfe_dora_kiss_and_stephanie_lee_photo_by_ashley_randall_-_ioana_gratiela_brancusi.jpg\" alt=\"\" width=\"499\" height=\"332\" \/>El\u00a0Festival Internacional de Buenos Aires anuncia\u00a0220 espect\u00e1culos xon la participaci\u00f3n de m\u00e1s de 2 mil artistas. Es la 12a edici\u00f3n y por primera vez se realiza en verano<\/p>\n<p>La apertura ser\u00e1 ma\u00f1ana, mi\u00e9rcoles 23 de enero a las 20.30 a cielo abierto en el Anfiteatro del Parque Centenario de la mano de la producci\u00f3n internacional <strong>The New Colossus<\/strong>, creada y dirigida por el ganador del premio Oscar, Tim Robbins. La obra cuenta las historias reales de 11 personas que existen gracias a las luchas constantes de sus familias para sobrevivir, buscando la seguridad y la libertad durante m\u00e1s de 300 a\u00f1os.<\/p>\n<p><a href=\"http:\/\/festivales.buenosaires.gob.ar\/2019\/fiba\/es\/home\">Lla programaci\u00f3n<\/a><\/p>\n<p>Este a\u00f1o, el Festival presenta una selecci\u00f3n de las <strong>producciones nacionales m\u00e1s relevantes, obras internacionales, artistas invitados, talleres, cine y actividades gratis con lo mejor de la escena teatral contempor\u00e1nea<\/strong>. La Ciudad de Buenos Aires y sus barrios se ver\u00e1n invadidos por una renovada edici\u00f3n que sale a la calle, con site specifics en diferentes <strong>escenarios no convencionales<\/strong> en v\u00eda p\u00fablica, casas y locales de vecinos, terrazas y espacios verdes entre otros.<\/p>\n<p>La Ciudad y sus barrios se ver\u00e1n invadidos por una renovada edici\u00f3n que sale a la calle.<\/p>\n<p>Se destaca el barrio del Abasto que vivir\u00e1 una amplia oferta de actividades multidisciplinarias gratis durante dos d\u00edas. El jueves 24 y viernes 25 de enero, la agenda multicultural del barrio se expande en sus calles, teatros, bares y restaurantes para que todos puedan disfrutar de la <strong>Marat\u00f3n Abasto<\/strong>, con una gran variedad de artes esc\u00e9nicas y perform\u00e1ticas. Un espacio de encuentro para el teatro, la danza, instalaciones visuales y m\u00fasica. Adem\u00e1s, los vecinos podr\u00e1n participar de la producci\u00f3n internacional <em>Les falaises de V.<\/em> (Francia), una obra proveniente del Festival Avignon Off que visita Buenos Aires proponiendo un espect\u00e1culo de realidad virtual; y el <em>Bomb\u00f3n vecinal<\/em>, un ciclo del teatro independiente basado en el emblem\u00e1tico Teatro Bomb\u00f3n con piezas cortas en un sitio espec\u00edfico con diversidad est\u00e9tica y generacional. En esta oportunidad a trav\u00e9s del teatro, la m\u00fasica, el mapping y el recorrido urbano descubre espacios que solo la ficci\u00f3n puede destacar.<\/p>\n<p>Dentro de las propuestas internacionales se presentar\u00e1 <strong>Atlas des Kommunismus<\/strong> (Alemania), una producci\u00f3n del Maxim Gorki Theater Berlin escrita y dirigida por la prestigiosa argentina Lola Arias, en la que personas de entre 10 y 86 a\u00f1os suben al escenario para contar historias de individuos atravesados por la idea socialista en la Rep\u00fablica Democr\u00e1tica Alemana; <strong>La desnudez<\/strong> (Espa\u00f1a), una propuesta po\u00e9tica sobre el saber quererse, con direcci\u00f3n y coreograf\u00eda de Daniel Abreu; y <strong>Macbettu<\/strong> (Italia) de la Compagnia Teatropersona, con un Macbeth de Shakespeare actuado en lengua sarda y, en la m\u00e1s pura tradici\u00f3n isabelina, por un elenco enteramente masculino.<\/p>\n<p>Durante 11 d\u00edas habr\u00e1 220 espect\u00e1culos nacionales e internacionales con m\u00e1s de 2.000 artistas en 59 sedes<\/p>\n<p><img decoding=\"async\" loading=\"lazy\" class=\"alignleft\" title=\"\" src=\"http:\/\/diario5.com.ar\/wp-content\/uploads\/2019\/01\/atlas_des_kommunismus_2_c_ute_langkafel_maifoto-1.jpg\" alt=\"\" width=\"487\" height=\"324\" \/><\/p>\n<p>Esta edici\u00f3n cuenta con una extensa oferta de <strong>propuestas nacionales<\/strong> que reflejan al mundo el talento y diversidad del teatro independiente argentino. <strong>19 obras elegidas<\/strong> entre m\u00e1s de 400 propuestas de todo el pa\u00eds de distintos g\u00e9neros y formatos y 13 proyectos coproducidos junto al Festival que ser\u00e1n estrenados en este marco y que luego continuar\u00e1n con su recorrido tanto en los escenarios argentinos como en los extranjeros. Entre ellos se presentar\u00e1 <em>Derechos torcidos<\/em> realizada por la Compa\u00f1\u00eda de teatro 21-24, junto al programa Arte en Barrios del Gobierno de la Ciudad de Buenos Aires; tres obras producidas junto al Festival de Danza Contempor\u00e1nea; y un trabajo perform\u00e1tico de los j\u00f3venes artistas que participaron en el Foro de Artistas J\u00f3venes de la edici\u00f3n anterior; entre otros proyectos, fortaleciendo al Festival como una usina productiva y vidriera generadora de trabajo y oportunidades en los escenarios extranjeros.<\/p>\n<p>Habr\u00e1 espect\u00e1culos y actividades de teatro, danza, m\u00fasica y artes visuales.<\/p>\n<p>Adem\u00e1s, la programaci\u00f3n cuenta nuevamente con <strong>obras invitadas<\/strong> por distintas instituciones nacionales, provinciales y municipales. El Centro Cultural Recoleta, El Cultural San Mart\u00edn y el Centro Cultural Rector Ricardo Rojas ofrecer\u00e1n algunas de sus producciones en cartel; Proteatro, como organismo de fomento esc\u00e9nico de la Ciudad, se suma con dos producciones estrenadas en 2018; el Instituto Nacional del Teatro, con una selecci\u00f3n de obras de diversas provincias del pa\u00eds y como novedad, se suma la provincia de Buenos Aires a trav\u00e9s de su Ministerio de Gesti\u00f3n Cultural.<\/p>\n<p><img decoding=\"async\" loading=\"lazy\" class=\"alignright\" title=\"\" src=\"http:\/\/diario5.com.ar\/wp-content\/uploads\/2019\/01\/parque_centenario_fiba_1.jpg\" alt=\"\" width=\"511\" height=\"340\" \/><\/p>\n<p>El Festival contin\u00faa potenciando el <strong>Mercado<\/strong>, una experiencia destinada a impulsar la visibilidad y exportaci\u00f3n del teatro argentino. Este a\u00f1o participar\u00e1 un n\u00famero r\u00e9cord de curadores de artes esc\u00e9nicas de todo el mundo: m\u00e1s de 100 programadores internacionales ya confirmados, quienes asistir\u00e1n a espect\u00e1culos nacionales para fortalecer la posibilidad de comercializaci\u00f3n. Tambi\u00e9n se llevar\u00e1n a cabo las presentaciones de proyectos work in progress mediante una selecci\u00f3n de trabajos en proceso de creaci\u00f3n que podr\u00e1n conocer antes de su debut.<\/p>\n<p>Como ya es costumbre, el Festival contar\u00e1 con una nueva edici\u00f3n del <strong>Premio Germ\u00e1n Rozenmacher<\/strong> de Nueva Dramaturgia que organiza el Festival Internacional de Buenos Aires de manera conjunta con el Centro Cultural Ricardo Rojas. Tambi\u00e9n tendr\u00e1 lugar la segunda edici\u00f3n del Foro Nacional de J\u00f3venes organizado junto a la Bienal de Arte Joven y el Centro Cultural Recoleta, quienes realizaron una convocatoria nacional para que estos participen del festival y disfruten actividades exclusivamente dise\u00f1adas y pensadas en su formaci\u00f3n.<\/p>\n<p>Marat\u00f3n Abasto y Ciudanza, para disfrutar en salas, calles, casas de vecinos y espacios verdes.<\/p>\n<p><strong>Ciudanza<\/strong> estar\u00e1 presente tomando diferentes espacios p\u00fablicos porte\u00f1os para intervenirlos con arte en movimiento durante los primeros tres d\u00edas del mes de febrero. Un encuentro entre la danza y la gente que propone redescubrir los paisajes urbanos en tres puntos de la Ciudad: Parque de la Estaci\u00f3n (Balvanera), Parque Centenario (Caballito) y Parque Chacabuco.<\/p>\n<p><img decoding=\"async\" loading=\"lazy\" class=\"alignright\" title=\"\" src=\"http:\/\/diario5.com.ar\/wp-content\/uploads\/2019\/01\/ciudanza_04_1.jpg\" alt=\"\" width=\"479\" height=\"319\" \/><\/p>\n<p>El Festival promueve el encuentro entre los artistas con el p\u00fablico por medio de actividades especiales. En esta oportunidad contin\u00faa el v\u00ednculo con la Asociaci\u00f3n de Dise\u00f1adores Esc\u00e9nicos de Argentina (ADEA) para presenciar desmontajes esc\u00e9nicos de algunas obras; presentaciones de libros y charlas en conjunto a la Asociaci\u00f3n de Profesionales de la Direcci\u00f3n Esc\u00e9nica Argentina (APDEA) y un curso de dramaturgia junto a la Escuela Metropolitana de Arte Dram\u00e1tico (EMAD).<\/p>\n<p>Y como siempre, la <strong>secci\u00f3n cin\u00e9fila<\/strong>. En esta edici\u00f3n gira en torno a la reflexi\u00f3n sobre el inmigrante, el refugiado, el exiliado y el europeo que vive lejos de ese Estado de Bienestar. Entre los seis t\u00edtulos que se presentar\u00e1n durante el Festival, se halla <strong>Teatro de guerra<\/strong>, la multipremiada pel\u00edcula de Lola Arias que narra el encuentro de seis veteranos de la Guerra de Malvinas (tres veteranos ingleses y tres argentinos) reconstruyendo sus memorias de guerra.<\/p>\n<p><img decoding=\"async\" loading=\"lazy\" class=\"alignleft\" title=\"\" src=\"http:\/\/diario5.com.ar\/wp-content\/uploads\/2019\/01\/la_desnudez_3_-_niel109-1.jpg\" alt=\"\" width=\"537\" height=\"358\" \/><\/p>\n<hr \/>\n<p>Entradas<\/p>\n<blockquote><p>Funciones con venta de entradas<\/p><\/blockquote>\n<p>Para los espect\u00e1culos Internacionales y Nacionales se pueden comprar las entradas de manera online a trav\u00e9s de <a href=\"http:\/\/festivales.buenosaires.gob.ar\/2019\/fiba\/es\/entradas#entradascompra\">buenosaires.gob.ar\/festivales<\/a> o personalmente en:<\/p>\n<ul>\n<li>Del 15 de enero al 22 de enero: Casa de la Cultura &#8211; Av. de Mayo 575 10 a 20<\/li>\n<li>Del 23 de enero al 3 de febrero:\n<ul>\n<li>Teatro San Mart\u00edn &#8211; Av. Corrientes 1530 \/ 10 a 20<\/li>\n<li>Centro Cultural Recoleta &#8211; Jun\u00edn 1930 \/ 12 a 20<\/li>\n<li>Centro Cultural 25 de Mayo &#8211; Av. Triunvirato 4444 \/ 12 a 20<\/li>\n<li>Teatro El Cubo &#8211; Zelaya 3053 \/ 16 a 21<\/li>\n<\/ul>\n<\/li>\n<li>Valor de entradas: obras nacionales: $120 y e internacionales $280.<\/li>\n<\/ul>\n<blockquote><p>Gratis, con reserva online<\/p><\/blockquote>\n<p>Para los espect\u00e1culos en salas de Marat\u00f3n Abasto, Invitadas, Bomb\u00f3n Vecinal y los Acantilados de V se podr\u00e1 reservar la entrada desde el 21 de enero, de forma online en <a href=\"http:\/\/festivales.buenosaires.gob.ar\/2019\/fiba\/es\/entradas#entradascompra\">buenosaires.gob.ar\/festivales<\/a>.<\/p>\n<ul>\n<li>Se podr\u00e1 reservar 1 (una) entrada por persona por funci\u00f3n.<\/li>\n<li>Las entradas reservadas se podr\u00e1n retirar desde 2 (dos) horas antes del comienzo del espect\u00e1culo en el Puesto de Informes de cada sede.<\/li>\n<li>Las reservas tendr\u00e1n validez hasta 20 minutos antes del comienzo del espect\u00e1culo. Luego se liberar\u00e1n para el p\u00fablico general.<\/li>\n<li>Habr\u00e1 una cantidad de entradas disponibles para retiro sin reserva previa.<\/li>\n<\/ul>\n<p>Gratis, con entrada libre<\/p>\n<p>Para los espect\u00e1culos al aire libre de Marat\u00f3n Abasto, Encuentros, Presentaciones de libros, charlas y masterclasses, Cine y los espect\u00e1culos \u00abMicroteatro\u00bb, \u201cLa \u00faltima pel\u00edcula\u201d, \u201cMonumentos en acci\u00f3n\u201d, \u201cVidriera\u201d y \u00abDerechos Torcidos\u00bb, la entrada es libre y gratuita. El ingreso es por orden de llegada hasta agotar la capacidad de los espacios.<\/p>\n<p><img decoding=\"async\" loading=\"lazy\" class=\"alignright\" title=\"\" src=\"http:\/\/diario5.com.ar\/wp-content\/uploads\/2019\/01\/derechos_torcidos_-_dt_foto_3_-_malena_sanchez_olmos-1.jpg\" alt=\"\" width=\"503\" height=\"334\" \/><\/p>","protected":false},"excerpt":{"rendered":"<p>El\u00a0Festival Internacional de Buenos Aires anuncia\u00a0220 espect\u00e1culos xon la participaci\u00f3n de m\u00e1s de 2 mil artistas. Es la 12a edici\u00f3n y por primera vez se realiza en verano La apertura ser\u00e1 ma\u00f1ana, mi\u00e9rcoles 23 de enero a las 20.30 a cielo abierto en el Anfiteatro del Parque Centenario de la mano de la producci\u00f3n internacional [&hellip;]<\/p>","protected":false},"author":8,"featured_media":608545,"comment_status":"open","ping_status":"closed","sticky":false,"template":"","format":"standard","meta":[],"categories":[1],"tags":[],"series":[],"_links":{"self":[{"href":"https:\/\/www.diario5.com.ar\/es\/wp-json\/wp\/v2\/posts\/608544"}],"collection":[{"href":"https:\/\/www.diario5.com.ar\/es\/wp-json\/wp\/v2\/posts"}],"about":[{"href":"https:\/\/www.diario5.com.ar\/es\/wp-json\/wp\/v2\/types\/post"}],"author":[{"embeddable":true,"href":"https:\/\/www.diario5.com.ar\/es\/wp-json\/wp\/v2\/users\/8"}],"replies":[{"embeddable":true,"href":"https:\/\/www.diario5.com.ar\/es\/wp-json\/wp\/v2\/comments?post=608544"}],"version-history":[{"count":2,"href":"https:\/\/www.diario5.com.ar\/es\/wp-json\/wp\/v2\/posts\/608544\/revisions"}],"predecessor-version":[{"id":608583,"href":"https:\/\/www.diario5.com.ar\/es\/wp-json\/wp\/v2\/posts\/608544\/revisions\/608583"}],"wp:featuredmedia":[{"embeddable":true,"href":"https:\/\/www.diario5.com.ar\/es\/wp-json\/wp\/v2\/media\/608545"}],"wp:attachment":[{"href":"https:\/\/www.diario5.com.ar\/es\/wp-json\/wp\/v2\/media?parent=608544"}],"wp:term":[{"taxonomy":"category","embeddable":true,"href":"https:\/\/www.diario5.com.ar\/es\/wp-json\/wp\/v2\/categories?post=608544"},{"taxonomy":"post_tag","embeddable":true,"href":"https:\/\/www.diario5.com.ar\/es\/wp-json\/wp\/v2\/tags?post=608544"},{"taxonomy":"series","embeddable":true,"href":"https:\/\/www.diario5.com.ar\/es\/wp-json\/wp\/v2\/series?post=608544"}],"curies":[{"name":"wp","href":"https:\/\/api.w.org\/{rel}","templated":true}]}}