{"id":608416,"date":"2019-01-03T18:27:15","date_gmt":"2019-01-03T21:27:15","guid":{"rendered":"http:\/\/diario5.com.ar\/?p=608416"},"modified":"2019-01-22T20:40:20","modified_gmt":"2019-01-22T23:40:20","slug":"el-movimiento-de-argentinos-que-viajaron-por-el-pais-durante-el-feriado-de-navidad","status":"publish","type":"post","link":"https:\/\/www.diario5.com.ar\/es\/el-movimiento-de-argentinos-que-viajaron-por-el-pais-durante-el-feriado-de-navidad\/","title":{"rendered":"Viajeros durante el feriado de Navidad"},"content":{"rendered":"<h2 class=\"sub-title-primary\"><\/h2> <p><img decoding=\"async\" loading=\"lazy\" class=\"alignright\" src=\"http:\/\/diario5.com.ar\/wp-content\/uploads\/2019\/01\/sma_verano2015_meliquina_efraindavila.com-88.jpg\" width=\"396\" height=\"231\" align=\"left\" \/><\/p>\n<p>Fueron m\u00e1s de un mill\u00f3n y medio los turistas que se movilizaron en todo el pa\u00eds durante el fin de semana largo de las fiestas de Navidad.<\/p>","protected":false},"excerpt":{"rendered":"<p>Fueron m\u00e1s de un mill\u00f3n y medio los turistas que se movilizaron en todo el pa\u00eds durante el fin de semana largo de las fiestas de Navidad.<\/p>","protected":false},"author":9,"featured_media":608417,"comment_status":"open","ping_status":"closed","sticky":false,"template":"","format":"standard","meta":[],"categories":[3,51],"tags":[],"series":[],"_links":{"self":[{"href":"https:\/\/www.diario5.com.ar\/es\/wp-json\/wp\/v2\/posts\/608416"}],"collection":[{"href":"https:\/\/www.diario5.com.ar\/es\/wp-json\/wp\/v2\/posts"}],"about":[{"href":"https:\/\/www.diario5.com.ar\/es\/wp-json\/wp\/v2\/types\/post"}],"author":[{"embeddable":true,"href":"https:\/\/www.diario5.com.ar\/es\/wp-json\/wp\/v2\/users\/9"}],"replies":[{"embeddable":true,"href":"https:\/\/www.diario5.com.ar\/es\/wp-json\/wp\/v2\/comments?post=608416"}],"version-history":[{"count":2,"href":"https:\/\/www.diario5.com.ar\/es\/wp-json\/wp\/v2\/posts\/608416\/revisions"}],"predecessor-version":[{"id":608555,"href":"https:\/\/www.diario5.com.ar\/es\/wp-json\/wp\/v2\/posts\/608416\/revisions\/608555"}],"wp:featuredmedia":[{"embeddable":true,"href":"https:\/\/www.diario5.com.ar\/es\/wp-json\/wp\/v2\/media\/608417"}],"wp:attachment":[{"href":"https:\/\/www.diario5.com.ar\/es\/wp-json\/wp\/v2\/media?parent=608416"}],"wp:term":[{"taxonomy":"category","embeddable":true,"href":"https:\/\/www.diario5.com.ar\/es\/wp-json\/wp\/v2\/categories?post=608416"},{"taxonomy":"post_tag","embeddable":true,"href":"https:\/\/www.diario5.com.ar\/es\/wp-json\/wp\/v2\/tags?post=608416"},{"taxonomy":"series","embeddable":true,"href":"https:\/\/www.diario5.com.ar\/es\/wp-json\/wp\/v2\/series?post=608416"}],"curies":[{"name":"wp","href":"https:\/\/api.w.org\/{rel}","templated":true}]}}