{"id":608034,"date":"2018-12-31T15:41:01","date_gmt":"2018-12-31T18:41:01","guid":{"rendered":"http:\/\/diario5.com.ar\/?p=608034"},"modified":"2018-12-31T16:05:46","modified_gmt":"2018-12-31T19:05:46","slug":"2018-buenos-aires-argentina-2019","status":"publish","type":"post","link":"https:\/\/www.diario5.com.ar\/es\/2018-buenos-aires-argentina-2019\/","title":{"rendered":"2018 \/ BA, Argentina \/ 2019"},"content":{"rendered":"<h2 class=\"sub-title-primary\"><\/h2> \n<h2><\/h2>\n\n\n<figure id=\"attachment_608047\" aria-describedby=\"caption-attachment-608047\" style=\"width: 602px\" class=\"wp-caption alignright\"><img decoding=\"async\" loading=\"lazy\" class=\"wp-image-608047\" src=\"http:\/\/diario5.com.ar\/wp-content\/uploads\/2018\/12\/Foto4099-300x225.jpg\" alt=\"\" width=\"602\" height=\"451\" srcset=\"https:\/\/www.diario5.com.ar\/wp-content\/uploads\/2018\/12\/Foto4099-300x225.jpg 300w, https:\/\/www.diario5.com.ar\/wp-content\/uploads\/2018\/12\/Foto4099-150x113.jpg 150w, https:\/\/www.diario5.com.ar\/wp-content\/uploads\/2018\/12\/Foto4099-768x576.jpg 768w, https:\/\/www.diario5.com.ar\/wp-content\/uploads\/2018\/12\/Foto4099-1024x768.jpg 1024w, https:\/\/www.diario5.com.ar\/wp-content\/uploads\/2018\/12\/Foto4099.jpg 2048w\" sizes=\"(max-width: 602px) 100vw, 602px\" \/><figcaption id=\"caption-attachment-608047\" class=\"wp-caption-text\">Buenos Aires<\/figcaption><\/figure>\n<p>Es probable que la mejor imagen de la Ciudad en el a\u00f1o saliente la conforme la primavera con su Juegos Ol\u00edmpicos de la Juventud. M\u00e1s all\u00e1 de la correcta organizaci\u00f3n y las alegr\u00edas deportivas traducidas en medallas ganadas por nuestros compatriotas, la conclusi\u00f3n que se sac\u00f3 en varios \u00e1mbitos de an\u00e1lisis fue que se pudo demostrar que Buenos Aires bien habr\u00eda podido ser sede de las Olimp\u00edadas mayores, como se intent\u00f3 en los a\u00f1os 90 cuando cuando la ciudad fue candidata a los JJOO de 2004. Fue imposible competir por entonces, ya que a Atenas, con su estirpe de haber creadora de los juegos y sus 2500 a\u00f1os de historia, el Comit\u00e9 Ol\u00edmpico Internacional no pod\u00eda desairar.<\/p>\n<p>Es probable que lo peor siga siendo el efecto poco humano que la inconmensurable estructura urbana porte\u00f1a que, crisis tras crisis en la econom\u00eda del pa\u00eds, deja entre centenares de miles de personas que eligieron quedarse a vivir en la Ciudad por la cercan\u00eda con los m\u00faltiples centros de actividad. En Buenos Aires, la falta de est\u00edmulo para los j\u00f3venes que quedaron marginados de la educaci\u00f3n y de la posibilidad de tener alg\u00fan trabajo asegurado, trae aparejada un mayor efecto de pobreza que se ve reflejado, especialmente, en el crecimiento exponencial de la delincuencia.<\/p>\n<p>Todo lo dem\u00e1s, es vida urbana. Pero los millones de veh\u00edculos particulares y comerciales en las calles y avenidas m\u00e1s los miles de veh\u00edculos de transporte p\u00fablico, el ruido de megametr\u00f3poli no consiguen tapar la creciente sensaci\u00f3n de proceso incurable de frustraci\u00f3n que los argentinos todos sentimos. algunos haciendo hincapi\u00e9 en alg\u00fan aspecto por encima de otro pero todos ba\u00f1ados en la certeza de que el pa\u00eds no funciona como naci\u00f3n.<\/p>\n<figure id=\"attachment_608035\" aria-describedby=\"caption-attachment-608035\" style=\"width: 145px\" class=\"wp-caption alignright\"><img decoding=\"async\" loading=\"lazy\" class=\"wp-image-608035\" src=\"http:\/\/diario5.com.ar\/wp-content\/uploads\/2018\/12\/Foto3677-300x225.jpg\" alt=\"\" width=\"145\" height=\"109\" srcset=\"https:\/\/www.diario5.com.ar\/wp-content\/uploads\/2018\/12\/Foto3677-300x225.jpg 300w, https:\/\/www.diario5.com.ar\/wp-content\/uploads\/2018\/12\/Foto3677-1024x768.jpg 1024w, https:\/\/www.diario5.com.ar\/wp-content\/uploads\/2018\/12\/Foto3677-768x576.jpg 768w, https:\/\/www.diario5.com.ar\/wp-content\/uploads\/2018\/12\/Foto3677-1536x1152.jpg 1536w, https:\/\/www.diario5.com.ar\/wp-content\/uploads\/2018\/12\/Foto3677-400x300.jpg 400w, https:\/\/www.diario5.com.ar\/wp-content\/uploads\/2018\/12\/Foto3677-260x195.jpg 260w, https:\/\/www.diario5.com.ar\/wp-content\/uploads\/2018\/12\/Foto3677-160x120.jpg 160w, https:\/\/www.diario5.com.ar\/wp-content\/uploads\/2018\/12\/Foto3677.jpg 2048w\" sizes=\"(max-width: 145px) 100vw, 145px\" \/><figcaption id=\"caption-attachment-608035\" class=\"wp-caption-text\">Carlos Allo<\/figcaption><\/figure>\n<p>Pocas veces el argentino es conciente de que cuando llegan las elecciones renace la oportunidad de revertir buena parte de las frustraciones o de ratificar los buenos rumbos. Y no porque ocurra en varios lugares del mundo alguna cosa parecida vamos a dejar de poner en blanco sobre negro que -a nivel de responsabilidades que nos abarcan a todos- los argentinos no perdemos la oportunidad de demostrarnos a nosotros mismos la gigantesca capacidad de hacer grandes cagadas, hacernos los pelotudos de manera inmediata y -acto seguido- salir a se\u00f1alar con el dedo a los que no nos gustan (o, mejor dicho, a los ya no nos gustan) echarles las culpas, respirar hondo y contar cu\u00e1nto dinero tenemos como para salir de vacaciones y desestresarnos de tanta carga que cae sobre nuestros castigados hombros y nuestras sacrificadas mentes.\u00a0<\/p>\n<p>\u00a0<\/p>","protected":false},"excerpt":{"rendered":"<p>Es probable que la mejor imagen de la Ciudad en el a\u00f1o saliente la conforme la primavera con su Juegos Ol\u00edmpicos de la Juventud. M\u00e1s all\u00e1 de la correcta organizaci\u00f3n y las alegr\u00edas deportivas traducidas en medallas ganadas por nuestros compatriotas, la conclusi\u00f3n que se sac\u00f3 en varios \u00e1mbitos de an\u00e1lisis fue que se pudo [&hellip;]<\/p>","protected":false},"author":3,"featured_media":608047,"comment_status":"open","ping_status":"closed","sticky":false,"template":"","format":"standard","meta":[],"categories":[1],"tags":[],"series":[],"_links":{"self":[{"href":"https:\/\/www.diario5.com.ar\/es\/wp-json\/wp\/v2\/posts\/608034"}],"collection":[{"href":"https:\/\/www.diario5.com.ar\/es\/wp-json\/wp\/v2\/posts"}],"about":[{"href":"https:\/\/www.diario5.com.ar\/es\/wp-json\/wp\/v2\/types\/post"}],"author":[{"embeddable":true,"href":"https:\/\/www.diario5.com.ar\/es\/wp-json\/wp\/v2\/users\/3"}],"replies":[{"embeddable":true,"href":"https:\/\/www.diario5.com.ar\/es\/wp-json\/wp\/v2\/comments?post=608034"}],"version-history":[{"count":17,"href":"https:\/\/www.diario5.com.ar\/es\/wp-json\/wp\/v2\/posts\/608034\/revisions"}],"predecessor-version":[{"id":608054,"href":"https:\/\/www.diario5.com.ar\/es\/wp-json\/wp\/v2\/posts\/608034\/revisions\/608054"}],"wp:featuredmedia":[{"embeddable":true,"href":"https:\/\/www.diario5.com.ar\/es\/wp-json\/wp\/v2\/media\/608047"}],"wp:attachment":[{"href":"https:\/\/www.diario5.com.ar\/es\/wp-json\/wp\/v2\/media?parent=608034"}],"wp:term":[{"taxonomy":"category","embeddable":true,"href":"https:\/\/www.diario5.com.ar\/es\/wp-json\/wp\/v2\/categories?post=608034"},{"taxonomy":"post_tag","embeddable":true,"href":"https:\/\/www.diario5.com.ar\/es\/wp-json\/wp\/v2\/tags?post=608034"},{"taxonomy":"series","embeddable":true,"href":"https:\/\/www.diario5.com.ar\/es\/wp-json\/wp\/v2\/series?post=608034"}],"curies":[{"name":"wp","href":"https:\/\/api.w.org\/{rel}","templated":true}]}}