{"id":607692,"date":"2018-12-01T18:08:00","date_gmt":"2018-12-01T21:08:00","guid":{"rendered":"http:\/\/diario5.com.ar\/?p=607692"},"modified":"2018-12-05T21:20:53","modified_gmt":"2018-12-06T00:20:53","slug":"como-se-ira-normalizando-el-transporte-publico-tras-la-cumbre","status":"publish","type":"post","link":"https:\/\/www.diario5.com.ar\/es\/como-se-ira-normalizando-el-transporte-publico-tras-la-cumbre\/","title":{"rendered":"C\u00f3mo se ir\u00e1 normalizando el transporte p\u00fablico tras la Cumbre"},"content":{"rendered":"<h2 class=\"sub-title-primary\"><\/h2> <p>En la &uacute;ltima jornada de la Cumbre el transporte p&uacute;blico va a ir reanudando su normalidad llegada la medianoche del d&iacute;a de hoy.<\/p>","protected":false},"excerpt":{"rendered":"<p>En la &uacute;ltima jornada de la Cumbre el transporte p&uacute;blico va a ir reanudando su normalidad llegada la medianoche del d&iacute;a de hoy.<\/p>","protected":false},"author":8,"featured_media":0,"comment_status":"closed","ping_status":"closed","sticky":false,"template":"","format":"standard","meta":[],"categories":[1],"tags":[],"series":[],"_links":{"self":[{"href":"https:\/\/www.diario5.com.ar\/es\/wp-json\/wp\/v2\/posts\/607692"}],"collection":[{"href":"https:\/\/www.diario5.com.ar\/es\/wp-json\/wp\/v2\/posts"}],"about":[{"href":"https:\/\/www.diario5.com.ar\/es\/wp-json\/wp\/v2\/types\/post"}],"author":[{"embeddable":true,"href":"https:\/\/www.diario5.com.ar\/es\/wp-json\/wp\/v2\/users\/8"}],"replies":[{"embeddable":true,"href":"https:\/\/www.diario5.com.ar\/es\/wp-json\/wp\/v2\/comments?post=607692"}],"version-history":[{"count":1,"href":"https:\/\/www.diario5.com.ar\/es\/wp-json\/wp\/v2\/posts\/607692\/revisions"}],"predecessor-version":[{"id":607755,"href":"https:\/\/www.diario5.com.ar\/es\/wp-json\/wp\/v2\/posts\/607692\/revisions\/607755"}],"wp:attachment":[{"href":"https:\/\/www.diario5.com.ar\/es\/wp-json\/wp\/v2\/media?parent=607692"}],"wp:term":[{"taxonomy":"category","embeddable":true,"href":"https:\/\/www.diario5.com.ar\/es\/wp-json\/wp\/v2\/categories?post=607692"},{"taxonomy":"post_tag","embeddable":true,"href":"https:\/\/www.diario5.com.ar\/es\/wp-json\/wp\/v2\/tags?post=607692"},{"taxonomy":"series","embeddable":true,"href":"https:\/\/www.diario5.com.ar\/es\/wp-json\/wp\/v2\/series?post=607692"}],"curies":[{"name":"wp","href":"https:\/\/api.w.org\/{rel}","templated":true}]}}