{"id":606897,"date":"2018-10-20T21:33:00","date_gmt":"2018-10-21T00:33:00","guid":{"rendered":"http:\/\/diario5.com.ar\/?p=606897"},"modified":"2018-10-21T22:06:01","modified_gmt":"2018-10-22T01:06:01","slug":"arranca-la-obra-del-nuevo-cruce-de-cordoba-y-juan-b-justo","status":"publish","type":"post","link":"https:\/\/www.diario5.com.ar\/es\/arranca-la-obra-del-nuevo-cruce-de-cordoba-y-juan-b-justo\/","title":{"rendered":"Arranca la obra del nuevo cruce de C\u00f3rdoba y Juan B. Justo"},"content":{"rendered":"<h2 class=\"sub-title-primary\"><\/h2> <figure style=\"width: 608px\" class=\"wp-caption alignright\"><img decoding=\"async\" loading=\"lazy\" class=\"\" src=\"http:\/\/diario5.com.ar\/img\/viaducto_cba-jbjusto-tren-actual.jpg\" width=\"608\" height=\"343\" \/><figcaption class=\"wp-caption-text\">Ultimas im\u00e1genes de una fisonom\u00eda que quedar\u00e1 en el recuerdo<\/figcaption><\/figure>\n<p>La av. C\u00f3rdoba estar\u00e1 cortada entre Humboldt y Godoy Cruz a partir de este martes 23 de octubre, conlo que se avrir\u00e1 un cap\u00edtulo fundamental en la obra\u00a0del viaducto elevado del FF.CC. San Mart\u00edn. Para aliviar el tr\u00e1nsito, ya est\u00e1n listas dos calles provisorias<\/p>\n<p>Durante aproximadamente 3o d\u00edas, se cortar\u00e1 ese tramo de av. C\u00f3rdoba a la altura del Puente de la Reconquista, importante obra del Arquitecto Mario Roberto Alvarez, que ingresa en su etapa final.<\/p>\n<p>El proyecto es encarado por el Ministerio de Transporte de la Naci\u00f3n junto con el Gobierno\u00a0porte\u00f1o.\u00a0Desde el GCBA hacen cuentas y permanentemente le remarcan a los vecinos que ya suman 11 los pasos a nivel reconvertidos. Las obras se vienen realizando -seg\u00fan las vecesidades y posibilidades- con cruces bajo o sobre nivel\u00a0 y con estaciones elevadas. La elevaci\u00f3n de la traza permitir\u00e1 eliminar interferencias y mejorar las condiciones de seguridad vial, lugares de espera, \u00e1reas peatonales y flujos de tr\u00e1nsito.<\/p>\n<p>El Puente de la Reconquista se eleva sobre Juan B. Justo a la altura de av. C\u00f3rdoba y las v\u00edas del FF.CC. San Mart\u00edn. Para realizar la obra del nuevo viaducto es necesario desmontarlo, ya que el proyecto prev\u00e9 que el flujo de veh\u00edculos circule a nivel. la av. Juan B. Justo entre Castillo y Cabrera se encuentra cortada totalmente y a partir del martes 23 de octubre se sumar\u00e1 la afectaci\u00f3n total de av. C\u00f3rdoba entre Humboldt y Godoy Cruz durante aproximadamente un mes.<\/p>\n<p>Para aliviar el tr\u00e1nsito se realizar\u00e1n dos aperturas provisorias en Villarroel y Aguirre. Estas calles no ten\u00edan conexi\u00f3n previa al estar separadas f\u00edsicamente por las v\u00edas del FF.CC. Durante el corte de av. C\u00f3rdoba ser\u00e1n nuevas alternativas para los veh\u00edculos que circulen en direcci\u00f3n al noroeste y con la elevaci\u00f3n de la traza se transformar\u00e1n en nuevos cruces definitivos.<\/p>\n<p>La disposici\u00f3n del Puente tiene la misma altura que tendr\u00e1 el viaducto. En este contexto, la demolici\u00f3n se vuelve necesaria para avanzar con los trabajos y la desmantelaci\u00f3n se har\u00e1 por partes, sin explosivos.<\/p>\n<p>Luego de la obra, la intersecci\u00f3n de av. Juan B. Justo y las avenidas C\u00f3rdoba y Niceto Vega conformar\u00e1n un cruce tradicional, a nivel. Adem\u00e1s, se revalorizar\u00e1 el espacio p\u00fablico y se generar\u00e1 un mejor entorno.<\/p>\n<p>Detalle de las afectaciones al tr\u00e1nsito &#8211; Desmonte Puente de la Reconquista<br \/>\nCorte total en av. C\u00f3rdoba entre Humboldt y Godoy Cruz (con acceso a frentistas).<br \/>\nPer\u00edodo: a partir del martes 23 de octubre por un mes aprox.<\/p>\n<p>Desv\u00edo tr\u00e1nsito liviano:<br \/>\nHacia el Noroeste:<br \/>\n\u25cf av. C\u00f3rdoba, doblar a la izquierda por av. Scalabrini Ortiz, Malabia, Gurruchaga, Thames, Uriarte continuar por Aguirre\/Fraga, Ram\u00edrez de Velasco\/Guevara; tomar av. Dorrego, Concepci\u00f3n Arenal o Jorge Newbery y retomar av. C\u00f3rdoba.<br \/>\n\u25cf Av. C\u00f3rdoba, doblar a la izquierda por av. Estado de Israel; tomar Aguirre\/Fraga; luego continuar por av. Dorrego, Concepci\u00f3n Arenal o Jorge Newbery y retomar av. C\u00f3rdoba.<br \/>\n\u25cf Aquellas incorporaciones a la av. C\u00f3rdoba que se den por las transversales (Uriarte, Thames, Gurruchaga y Malabia), tendr\u00e1n sus desv\u00edos por: Cnel. J. A. Cabrera u Honduras, A. J. Carranza para retomar av. C\u00f3rdoba.<\/p>\n<p>Corte total en av. Juan B. Justo entre Cabrera y Castillo.<br \/>\nPer\u00edodo: a partir del martes 2 de octubre hasta el 25 de marzo de 2019.<\/p>\n<p>Desv\u00edo tr\u00e1nsito pesado:<\/p>\n<p>Hacia el Sur: av. Juan B. Justo, J. A. Cabrera, Fitz Roy, Loyola, av. Juan B. Justo.<br \/>\nHacia el Norte: av. Juan B. Justo, Godoy Cruz, Honduras, av. Juan B. Justo.<\/p>","protected":false},"excerpt":{"rendered":"<p>La av. C\u00f3rdoba estar\u00e1 cortada entre Humboldt y Godoy Cruz a partir de este martes 23 de octubre, conlo que se avrir\u00e1 un cap\u00edtulo fundamental en la obra\u00a0del viaducto elevado del FF.CC. San Mart\u00edn. Para aliviar el tr\u00e1nsito, ya est\u00e1n listas dos calles provisorias Durante aproximadamente 3o d\u00edas, se cortar\u00e1 ese tramo de av. C\u00f3rdoba [&hellip;]<\/p>","protected":false},"author":1,"featured_media":0,"comment_status":"open","ping_status":"closed","sticky":false,"template":"","format":"standard","meta":[],"categories":[1],"tags":[],"series":[],"_links":{"self":[{"href":"https:\/\/www.diario5.com.ar\/es\/wp-json\/wp\/v2\/posts\/606897"}],"collection":[{"href":"https:\/\/www.diario5.com.ar\/es\/wp-json\/wp\/v2\/posts"}],"about":[{"href":"https:\/\/www.diario5.com.ar\/es\/wp-json\/wp\/v2\/types\/post"}],"author":[{"embeddable":true,"href":"https:\/\/www.diario5.com.ar\/es\/wp-json\/wp\/v2\/users\/1"}],"replies":[{"embeddable":true,"href":"https:\/\/www.diario5.com.ar\/es\/wp-json\/wp\/v2\/comments?post=606897"}],"version-history":[{"count":3,"href":"https:\/\/www.diario5.com.ar\/es\/wp-json\/wp\/v2\/posts\/606897\/revisions"}],"predecessor-version":[{"id":606902,"href":"https:\/\/www.diario5.com.ar\/es\/wp-json\/wp\/v2\/posts\/606897\/revisions\/606902"}],"wp:attachment":[{"href":"https:\/\/www.diario5.com.ar\/es\/wp-json\/wp\/v2\/media?parent=606897"}],"wp:term":[{"taxonomy":"category","embeddable":true,"href":"https:\/\/www.diario5.com.ar\/es\/wp-json\/wp\/v2\/categories?post=606897"},{"taxonomy":"post_tag","embeddable":true,"href":"https:\/\/www.diario5.com.ar\/es\/wp-json\/wp\/v2\/tags?post=606897"},{"taxonomy":"series","embeddable":true,"href":"https:\/\/www.diario5.com.ar\/es\/wp-json\/wp\/v2\/series?post=606897"}],"curies":[{"name":"wp","href":"https:\/\/api.w.org\/{rel}","templated":true}]}}